{"id":5974,"date":"2025-07-04T16:45:53","date_gmt":"2025-07-04T16:45:53","guid":{"rendered":"https:\/\/defensoriaparana.com.ar\/?p=5974"},"modified":"2025-07-04T16:53:38","modified_gmt":"2025-07-04T16:53:38","slug":"estafas-virtuales-el-personal-de-la-defensoria-del-pueblo-participo-de-una-capacitacion-brindada-por-el-corpocier","status":"publish","type":"post","link":"https:\/\/defensoriaparana.com.ar\/index.php\/2025\/07\/04\/estafas-virtuales-el-personal-de-la-defensoria-del-pueblo-participo-de-una-capacitacion-brindada-por-el-corpocier\/","title":{"rendered":"Estafas virtuales: El personal de la Defensor\u00eda del Pueblo particip\u00f3 de una capacitaci\u00f3n brindada por el Coprocier"},"content":{"rendered":"<p>En el marco de un convenio de trabajo conjunto firmado recientemente, el Colegio de Profesionales de Ciencias Inform\u00e1ticas de Entre R\u00edos (Coprocier) brind\u00f3 al personal de la Defensor\u00eda del Pueblo de Paran\u00e1 una charla sobre los tipos de delitos inform\u00e1ticos, los detalles desde una perspectiva de la disciplina y el alcance del asesoramiento que brindar\u00e1 esa entidad a esta instituci\u00f3n defensora de derechos.<\/p>\n<p><img loading=\"lazy\" class=\"alignnone wp-image-5978 size-large\" src=\"http:\/\/defensoriaparana.com.ar\/wp-content\/uploads\/2025\/07\/WhatsApp-Image-2025-07-04-at-12.36.15-1024x461.jpeg\" alt=\"\" width=\"960\" height=\"432\" srcset=\"https:\/\/defensoriaparana.com.ar\/wp-content\/uploads\/2025\/07\/WhatsApp-Image-2025-07-04-at-12.36.15-1024x461.jpeg 1024w, https:\/\/defensoriaparana.com.ar\/wp-content\/uploads\/2025\/07\/WhatsApp-Image-2025-07-04-at-12.36.15-300x135.jpeg 300w, https:\/\/defensoriaparana.com.ar\/wp-content\/uploads\/2025\/07\/WhatsApp-Image-2025-07-04-at-12.36.15-768x346.jpeg 768w, https:\/\/defensoriaparana.com.ar\/wp-content\/uploads\/2025\/07\/WhatsApp-Image-2025-07-04-at-12.36.15.jpeg 1280w\" sizes=\"(max-width: 960px) 100vw, 960px\" \/><\/p>\n<p>El convenio de colaboraci\u00f3n mutua, rubricado en junio en el marco del aniversario de la Defensor\u00eda, contempla la posibilidad de una orientaci\u00f3n t\u00e9cnica del Coprocier ante los distintos casos de estafas que atiende la instituci\u00f3n habitualmente.<\/p>\n<p>Silvia Aranguren, titular del Colegio, fue la encargada de abrir la primera charla de una serie abarcada en un ciclo de capacitaci\u00f3n que recorrer\u00e1 distintas tem\u00e1ticas, determinadas a partir de las necesidades que manifiesta el personal para abordar la atenci\u00f3n diaria de casos.<\/p>\n<p><img loading=\"lazy\" class=\"alignnone wp-image-5987 size-large\" src=\"http:\/\/defensoriaparana.com.ar\/wp-content\/uploads\/2025\/07\/capa1-1024x461.jpg\" alt=\"\" width=\"960\" height=\"432\" srcset=\"https:\/\/defensoriaparana.com.ar\/wp-content\/uploads\/2025\/07\/capa1-1024x461.jpg 1024w, https:\/\/defensoriaparana.com.ar\/wp-content\/uploads\/2025\/07\/capa1-300x135.jpg 300w, https:\/\/defensoriaparana.com.ar\/wp-content\/uploads\/2025\/07\/capa1-768x346.jpg 768w, https:\/\/defensoriaparana.com.ar\/wp-content\/uploads\/2025\/07\/capa1-1536x691.jpg 1536w, https:\/\/defensoriaparana.com.ar\/wp-content\/uploads\/2025\/07\/capa1.jpg 1600w\" sizes=\"(max-width: 960px) 100vw, 960px\" \/><\/p>\n<p>Las Defensoras del Pueblo, Marcia L\u00f3pez y Cecilia Pautaso (Adjunta), participaron del encuentro, al tiempo que remarcaron la importancia de contar con informaci\u00f3n y asesoramiento especializado que permitir\u00e1 brindar un mejor servicio y respuesta a la ciudadan\u00eda que sufre este tipo de estafas. Seguidamente, agradecieron al Coprocier la posibilidad de poder establecer relaciones institucionales que faciliten un intercambio de experiencias y actividades conjuntas, \u201ctendientes al desarrollo de la formaci\u00f3n de recursos humanos y la implementaci\u00f3n de programas y proyectos de inter\u00e9s mutuo\u201d.<\/p>\n<p><img loading=\"lazy\" class=\"alignnone wp-image-5982 size-large\" src=\"http:\/\/defensoriaparana.com.ar\/wp-content\/uploads\/2025\/07\/WhatsApp-Image-2025-07-04-at-12.44.52-1024x461.jpeg\" alt=\"\" width=\"960\" height=\"432\" srcset=\"https:\/\/defensoriaparana.com.ar\/wp-content\/uploads\/2025\/07\/WhatsApp-Image-2025-07-04-at-12.44.52-1024x461.jpeg 1024w, https:\/\/defensoriaparana.com.ar\/wp-content\/uploads\/2025\/07\/WhatsApp-Image-2025-07-04-at-12.44.52-300x135.jpeg 300w, https:\/\/defensoriaparana.com.ar\/wp-content\/uploads\/2025\/07\/WhatsApp-Image-2025-07-04-at-12.44.52-768x346.jpeg 768w, https:\/\/defensoriaparana.com.ar\/wp-content\/uploads\/2025\/07\/WhatsApp-Image-2025-07-04-at-12.44.52.jpeg 1280w\" sizes=\"(max-width: 960px) 100vw, 960px\" \/> <img loading=\"lazy\" class=\"alignnone wp-image-5983 size-large\" src=\"http:\/\/defensoriaparana.com.ar\/wp-content\/uploads\/2025\/07\/WhatsApp-Image-2025-07-04-at-12.44.36-1024x461.jpeg\" alt=\"\" width=\"960\" height=\"432\" srcset=\"https:\/\/defensoriaparana.com.ar\/wp-content\/uploads\/2025\/07\/WhatsApp-Image-2025-07-04-at-12.44.36-1024x461.jpeg 1024w, https:\/\/defensoriaparana.com.ar\/wp-content\/uploads\/2025\/07\/WhatsApp-Image-2025-07-04-at-12.44.36-300x135.jpeg 300w, https:\/\/defensoriaparana.com.ar\/wp-content\/uploads\/2025\/07\/WhatsApp-Image-2025-07-04-at-12.44.36-768x346.jpeg 768w, https:\/\/defensoriaparana.com.ar\/wp-content\/uploads\/2025\/07\/WhatsApp-Image-2025-07-04-at-12.44.36.jpeg 1280w\" sizes=\"(max-width: 960px) 100vw, 960px\" \/> <img loading=\"lazy\" class=\"alignnone wp-image-5984 size-large\" src=\"http:\/\/defensoriaparana.com.ar\/wp-content\/uploads\/2025\/07\/WhatsApp-Image-2025-07-04-at-12.44.01-1024x461.jpeg\" alt=\"\" width=\"960\" height=\"432\" srcset=\"https:\/\/defensoriaparana.com.ar\/wp-content\/uploads\/2025\/07\/WhatsApp-Image-2025-07-04-at-12.44.01-1024x461.jpeg 1024w, https:\/\/defensoriaparana.com.ar\/wp-content\/uploads\/2025\/07\/WhatsApp-Image-2025-07-04-at-12.44.01-300x135.jpeg 300w, https:\/\/defensoriaparana.com.ar\/wp-content\/uploads\/2025\/07\/WhatsApp-Image-2025-07-04-at-12.44.01-768x346.jpeg 768w, https:\/\/defensoriaparana.com.ar\/wp-content\/uploads\/2025\/07\/WhatsApp-Image-2025-07-04-at-12.44.01.jpeg 1280w\" sizes=\"(max-width: 960px) 100vw, 960px\" \/><\/p>\n","protected":false},"excerpt":{"rendered":"<p>En el marco de un convenio de trabajo conjunto firmado recientemente, el Colegio de Profesionales de Ciencias Inform\u00e1ticas de Entre R\u00edos (Coprocier) brind\u00f3 al personal de la Defensor\u00eda del Pueblo de Paran\u00e1 una charla sobre los tipos de delitos inform\u00e1ticos, los detalles desde una perspectiva de la disciplina y el alcance del asesoramiento que brindar\u00e1 [&hellip;]<\/p>\n","protected":false},"author":2,"featured_media":5988,"comment_status":"open","ping_status":"open","sticky":false,"template":"","format":"standard","meta":{"om_disable_all_campaigns":false,"_monsterinsights_skip_tracking":false,"_monsterinsights_sitenote_active":false,"_monsterinsights_sitenote_note":"","_monsterinsights_sitenote_category":0},"categories":[1],"tags":[],"_links":{"self":[{"href":"https:\/\/defensoriaparana.com.ar\/index.php\/wp-json\/wp\/v2\/posts\/5974"}],"collection":[{"href":"https:\/\/defensoriaparana.com.ar\/index.php\/wp-json\/wp\/v2\/posts"}],"about":[{"href":"https:\/\/defensoriaparana.com.ar\/index.php\/wp-json\/wp\/v2\/types\/post"}],"author":[{"embeddable":true,"href":"https:\/\/defensoriaparana.com.ar\/index.php\/wp-json\/wp\/v2\/users\/2"}],"replies":[{"embeddable":true,"href":"https:\/\/defensoriaparana.com.ar\/index.php\/wp-json\/wp\/v2\/comments?post=5974"}],"version-history":[{"count":4,"href":"https:\/\/defensoriaparana.com.ar\/index.php\/wp-json\/wp\/v2\/posts\/5974\/revisions"}],"predecessor-version":[{"id":5990,"href":"https:\/\/defensoriaparana.com.ar\/index.php\/wp-json\/wp\/v2\/posts\/5974\/revisions\/5990"}],"wp:featuredmedia":[{"embeddable":true,"href":"https:\/\/defensoriaparana.com.ar\/index.php\/wp-json\/wp\/v2\/media\/5988"}],"wp:attachment":[{"href":"https:\/\/defensoriaparana.com.ar\/index.php\/wp-json\/wp\/v2\/media?parent=5974"}],"wp:term":[{"taxonomy":"category","embeddable":true,"href":"https:\/\/defensoriaparana.com.ar\/index.php\/wp-json\/wp\/v2\/categories?post=5974"},{"taxonomy":"post_tag","embeddable":true,"href":"https:\/\/defensoriaparana.com.ar\/index.php\/wp-json\/wp\/v2\/tags?post=5974"}],"curies":[{"name":"wp","href":"https:\/\/api.w.org\/{rel}","templated":true}]}}