{"id":5991,"date":"2025-07-08T18:59:14","date_gmt":"2025-07-08T18:59:14","guid":{"rendered":"https:\/\/defensoriaparana.com.ar\/?p=5991"},"modified":"2025-07-08T19:45:50","modified_gmt":"2025-07-08T19:45:50","slug":"la-defensoria-del-pueblo-de-parana-expresa-su-rechazo-a-la-disolucion-de-vialidad-nacional-y-de-dos-areas-de-seguridad-vial","status":"publish","type":"post","link":"https:\/\/defensoriaparana.com.ar\/index.php\/2025\/07\/08\/la-defensoria-del-pueblo-de-parana-expresa-su-rechazo-a-la-disolucion-de-vialidad-nacional-y-de-dos-areas-de-seguridad-vial\/","title":{"rendered":"Rechazo de la Defensor\u00eda del Pueblo a la disoluci\u00f3n de Vialidad Nacional y de \u00e1reas de Seguridad Vial"},"content":{"rendered":"<p>La Defensor\u00eda del Pueblo de Paran\u00e1 manifiesta su rechazo a la decisi\u00f3n del Gobierno Nacional de disponer el cierre de la Direcci\u00f3n Nacional de Vialidad (DNV), la Comisi\u00f3n Nacional del Tr\u00e1nsito y Seguridad Vial y la Agencia Nacional de Seguridad Vial.<br \/>\nLa disoluci\u00f3n de organismos vinculados a la red vial genera profunda preocupaci\u00f3n, ya que implica la desarticulaci\u00f3n de \u00e1reas encargadas de garantizar rutas seguras, transitables y conectadas que garanticen la integraci\u00f3n de las comunidades. La Direcci\u00f3n Nacional de Vialidad cumpl\u00eda una funci\u00f3n esencial en la planificaci\u00f3n y mantenimiento de caminos estrat\u00e9gicos para el desarrollo econ\u00f3mico, tur\u00edstico y social del pa\u00eds.<br \/>\nEstas reparticiones surgieron como respuesta a la necesidad de reducir los altos \u00edndices de siniestralidad vial en Argentina, promoviendo pol\u00edticas p\u00fablicas de prevenci\u00f3n, educaci\u00f3n, fiscalizaci\u00f3n y control a lo largo de m\u00e1s de 40.000 kil\u00f3metros de caminos en el pa\u00eds.<br \/>\nLa preocupaci\u00f3n de esta instituci\u00f3n se focaliza adem\u00e1s en la situaci\u00f3n de la DNV, delegaci\u00f3n que funciona en nuestra provincia, donde se advierte desde sectores gremiales sobre la incertidumbre respeto de las fuentes de trabajo.<br \/>\nLa medida conocida este lunes fue establecida en el marco de la Ley Bases, que otorga al Poder Ejecutivo amplias facultades para aplicar disposiciones sin pasar por el Poder Legislativo, en un contexto de reformas estructurales que afectan el funcionamiento del Estado y dificultan el ejercicio de derechos fundamentales. Dichos poderes ser\u00e1n revocados este 9 de julio, a un a\u00f1o de su aprobaci\u00f3n en el Congreso.<br \/>\nDesde la Defensor\u00eda del Pueblo de Paran\u00e1 se alerta sobre las consecuencias sociales y territoriales de esta decisi\u00f3n, y llama a reflexionar sobre la necesidad de resguardar pol\u00edticas p\u00fablicas que garanticen la integridad y los derechos de la ciudadan\u00eda, as\u00ed como tambi\u00e9n a considerar el futuro laboral de las cientos de personas que se desempe\u00f1an en estas \u00e1reas.<\/p>\n","protected":false},"excerpt":{"rendered":"<p>La Defensor\u00eda del Pueblo de Paran\u00e1 manifiesta su rechazo a la decisi\u00f3n del Gobierno Nacional de disponer el cierre de la Direcci\u00f3n Nacional de Vialidad (DNV), la Comisi\u00f3n Nacional del Tr\u00e1nsito y Seguridad Vial y la Agencia Nacional de Seguridad Vial. La disoluci\u00f3n de organismos vinculados a la red vial genera profunda preocupaci\u00f3n, ya que [&hellip;]<\/p>\n","protected":false},"author":2,"featured_media":5992,"comment_status":"open","ping_status":"open","sticky":false,"template":"","format":"standard","meta":{"om_disable_all_campaigns":false,"_monsterinsights_skip_tracking":false,"_monsterinsights_sitenote_active":false,"_monsterinsights_sitenote_note":"","_monsterinsights_sitenote_category":0},"categories":[1],"tags":[],"_links":{"self":[{"href":"https:\/\/defensoriaparana.com.ar\/index.php\/wp-json\/wp\/v2\/posts\/5991"}],"collection":[{"href":"https:\/\/defensoriaparana.com.ar\/index.php\/wp-json\/wp\/v2\/posts"}],"about":[{"href":"https:\/\/defensoriaparana.com.ar\/index.php\/wp-json\/wp\/v2\/types\/post"}],"author":[{"embeddable":true,"href":"https:\/\/defensoriaparana.com.ar\/index.php\/wp-json\/wp\/v2\/users\/2"}],"replies":[{"embeddable":true,"href":"https:\/\/defensoriaparana.com.ar\/index.php\/wp-json\/wp\/v2\/comments?post=5991"}],"version-history":[{"count":7,"href":"https:\/\/defensoriaparana.com.ar\/index.php\/wp-json\/wp\/v2\/posts\/5991\/revisions"}],"predecessor-version":[{"id":5999,"href":"https:\/\/defensoriaparana.com.ar\/index.php\/wp-json\/wp\/v2\/posts\/5991\/revisions\/5999"}],"wp:featuredmedia":[{"embeddable":true,"href":"https:\/\/defensoriaparana.com.ar\/index.php\/wp-json\/wp\/v2\/media\/5992"}],"wp:attachment":[{"href":"https:\/\/defensoriaparana.com.ar\/index.php\/wp-json\/wp\/v2\/media?parent=5991"}],"wp:term":[{"taxonomy":"category","embeddable":true,"href":"https:\/\/defensoriaparana.com.ar\/index.php\/wp-json\/wp\/v2\/categories?post=5991"},{"taxonomy":"post_tag","embeddable":true,"href":"https:\/\/defensoriaparana.com.ar\/index.php\/wp-json\/wp\/v2\/tags?post=5991"}],"curies":[{"name":"wp","href":"https:\/\/api.w.org\/{rel}","templated":true}]}}