{"id":6008,"date":"2025-07-22T22:00:50","date_gmt":"2025-07-22T22:00:50","guid":{"rendered":"https:\/\/defensoriaparana.com.ar\/?p=6008"},"modified":"2025-07-22T22:00:50","modified_gmt":"2025-07-22T22:00:50","slug":"continua-la-difusion-de-los-derechos-de-las-personas-mayores-se-realizan-encuentros-con-colegios-de-profesionales-de-la-ciudad","status":"publish","type":"post","link":"https:\/\/defensoriaparana.com.ar\/index.php\/2025\/07\/22\/continua-la-difusion-de-los-derechos-de-las-personas-mayores-se-realizan-encuentros-con-colegios-de-profesionales-de-la-ciudad\/","title":{"rendered":"Contin\u00faa la difusi\u00f3n de los derechos de las personas mayores: se realizan encuentros con colegios de profesionales de la ciudad"},"content":{"rendered":"<p>La Defensora de los Derechos de las Personas Mayores de Paran\u00e1, Ligia Blanco, mantiene por estos d\u00edas una serie de reuniones con representantes de colegios de profesionales.<br \/>\nEl objetivo consiste en difundir los derechos de las personas mayores desde esos \u00e1mbitos y poner \u00e9nfasis en la importancia del buen trato. Esta actividad es otra etapa de promoci\u00f3n que contin\u00faa a la iniciada el a\u00f1o pasado con charlas informativas en distintos barrios de la ciudad.<br \/>\n\u201cLa idea es facilitar informaci\u00f3n y poner en agenda la importancia de los derechos de las personas mayores, tambi\u00e9n conversar sobre c\u00f3mo afrontar la vejez para quienes transitan etapas previas y la necesidad de tener en cuenta el buen trato en cada espacio\u201d, explic\u00f3 Blanco, al dar cuenta del contenido de las charlas.<br \/>\nCon ese prop\u00f3sito, de llegar con el tema a los matriculados, la Defensora mantuvo un encuentro con representantes de los colegios de Mandatarios y Gestores de la Provincia, de Abogac\u00eda y de Arquitectos de Entre R\u00edos, quienes expresaron su inter\u00e9s por desarrollar la propuesta. En los pr\u00f3ximos d\u00edas, tiene previsto reuniones con los titulares de los colegios de Trabajadores Sociales y de Agrimensores.<br \/>\n\u201cNuestro objetivo es difundir por distintas v\u00edas los derechos de las personas mayores, ya que si se desconocen no se pueden ejercitar y exigir su cumplimiento adecuadamente. Es fundamental que las personas conozcan y protejan sus derechos para as\u00ed poder hacerlos valer\u201d, concluy\u00f3 Blanco, titular del \u00e1rea que funciona en el \u00e1mbito de la Defensor\u00eda del Pueblo de Paran\u00e1.<\/p>\n","protected":false},"excerpt":{"rendered":"<p>La Defensora de los Derechos de las Personas Mayores de Paran\u00e1, Ligia Blanco, mantiene por estos d\u00edas una serie de reuniones con representantes de colegios de profesionales. El objetivo consiste en difundir los derechos de las personas mayores desde esos \u00e1mbitos y poner \u00e9nfasis en la importancia del buen trato. Esta actividad es otra etapa [&hellip;]<\/p>\n","protected":false},"author":2,"featured_media":6009,"comment_status":"open","ping_status":"open","sticky":false,"template":"","format":"standard","meta":{"om_disable_all_campaigns":false,"_monsterinsights_skip_tracking":false,"_monsterinsights_sitenote_active":false,"_monsterinsights_sitenote_note":"","_monsterinsights_sitenote_category":0},"categories":[1],"tags":[],"_links":{"self":[{"href":"https:\/\/defensoriaparana.com.ar\/index.php\/wp-json\/wp\/v2\/posts\/6008"}],"collection":[{"href":"https:\/\/defensoriaparana.com.ar\/index.php\/wp-json\/wp\/v2\/posts"}],"about":[{"href":"https:\/\/defensoriaparana.com.ar\/index.php\/wp-json\/wp\/v2\/types\/post"}],"author":[{"embeddable":true,"href":"https:\/\/defensoriaparana.com.ar\/index.php\/wp-json\/wp\/v2\/users\/2"}],"replies":[{"embeddable":true,"href":"https:\/\/defensoriaparana.com.ar\/index.php\/wp-json\/wp\/v2\/comments?post=6008"}],"version-history":[{"count":1,"href":"https:\/\/defensoriaparana.com.ar\/index.php\/wp-json\/wp\/v2\/posts\/6008\/revisions"}],"predecessor-version":[{"id":6010,"href":"https:\/\/defensoriaparana.com.ar\/index.php\/wp-json\/wp\/v2\/posts\/6008\/revisions\/6010"}],"wp:featuredmedia":[{"embeddable":true,"href":"https:\/\/defensoriaparana.com.ar\/index.php\/wp-json\/wp\/v2\/media\/6009"}],"wp:attachment":[{"href":"https:\/\/defensoriaparana.com.ar\/index.php\/wp-json\/wp\/v2\/media?parent=6008"}],"wp:term":[{"taxonomy":"category","embeddable":true,"href":"https:\/\/defensoriaparana.com.ar\/index.php\/wp-json\/wp\/v2\/categories?post=6008"},{"taxonomy":"post_tag","embeddable":true,"href":"https:\/\/defensoriaparana.com.ar\/index.php\/wp-json\/wp\/v2\/tags?post=6008"}],"curies":[{"name":"wp","href":"https:\/\/api.w.org\/{rel}","templated":true}]}}