{"id":6012,"date":"2025-07-24T15:38:37","date_gmt":"2025-07-24T15:38:37","guid":{"rendered":"https:\/\/defensoriaparana.com.ar\/?p=6012"},"modified":"2025-07-24T16:08:54","modified_gmt":"2025-07-24T16:08:54","slug":"parana-participo-de-la-primera-reunion-del-ano-del-foro-de-defensorias-del-pueblo-de-la-region-centro","status":"publish","type":"post","link":"https:\/\/defensoriaparana.com.ar\/index.php\/2025\/07\/24\/parana-participo-de-la-primera-reunion-del-ano-del-foro-de-defensorias-del-pueblo-de-la-region-centro\/","title":{"rendered":"Paran\u00e1 particip\u00f3 de una reuni\u00f3n del Foro de Defensor\u00edas del Pueblo de la Regi\u00f3n Centro"},"content":{"rendered":"<p>Marcia L\u00f3pez, Defensora del Pueblo de la Ciudad de Paran\u00e1, particip\u00f3 este jueves de la primera reuni\u00f3n del a\u00f1o del Foro de Defensor\u00edas del Pueblo de la Regi\u00f3n Centro, junto a sus pares de las instituciones de jurisdicci\u00f3n provincial de C\u00f3rdoba y Santa Fe.<\/p>\n<p>Al respecto, cabe recordar que la Defensor\u00eda del Pueblo de Paran\u00e1 conforma este espacio en representaci\u00f3n de Entre R\u00edos, ya que es la \u00fanica instituci\u00f3n de su tipo en la provincia.<\/p>\n<p>En el encuentro, que se realiz\u00f3 mediante comunicaci\u00f3n virtual, se acord\u00f3 el estatuto que regular\u00e1 al Foro de Defensor\u00edas del Pueblo de la Regi\u00f3n Centro, espacio creado en 2005, con el fin de promover la integraci\u00f3n y las estrategias conjuntas para impulsar la difusi\u00f3n y conocimiento de los derechos ciudadanos y el fortalecimiento de este tipo de instituciones.<\/p>\n<p>De la reuni\u00f3n participaron Aristides Lasarte, Defensor del Pueblo de la Provincia de Santa Fe, y Carlos Galoppo, Defensor del Pueblo de la Provincia de C\u00f3rdoba.<\/p>\n<p>\u201cConsidero fundamental poder fortalecer el trabajo mancomunado de nuestras Defensor\u00edas de la Regi\u00f3n Centro, ya que compartimos objetivos y muchas tem\u00e1ticas de inter\u00e9s de nuestros vecinos que podemos abordar en conjunto, elaborando estrategias comunes en pos de la defensa de los derechos ciudadanos y de nuestras instituciones\u201d, expres\u00f3 la Defensora Marcia L\u00f3pez, en relaci\u00f3n al Foro.<\/p>\n","protected":false},"excerpt":{"rendered":"<p>Marcia L\u00f3pez, Defensora del Pueblo de la Ciudad de Paran\u00e1, particip\u00f3 este jueves de la primera reuni\u00f3n del a\u00f1o del Foro de Defensor\u00edas del Pueblo de la Regi\u00f3n Centro, junto a sus pares de las instituciones de jurisdicci\u00f3n provincial de C\u00f3rdoba y Santa Fe. Al respecto, cabe recordar que la Defensor\u00eda del Pueblo de Paran\u00e1 [&hellip;]<\/p>\n","protected":false},"author":2,"featured_media":6015,"comment_status":"open","ping_status":"open","sticky":false,"template":"","format":"standard","meta":{"om_disable_all_campaigns":false,"_monsterinsights_skip_tracking":false,"_monsterinsights_sitenote_active":false,"_monsterinsights_sitenote_note":"","_monsterinsights_sitenote_category":0},"categories":[1],"tags":[],"_links":{"self":[{"href":"https:\/\/defensoriaparana.com.ar\/index.php\/wp-json\/wp\/v2\/posts\/6012"}],"collection":[{"href":"https:\/\/defensoriaparana.com.ar\/index.php\/wp-json\/wp\/v2\/posts"}],"about":[{"href":"https:\/\/defensoriaparana.com.ar\/index.php\/wp-json\/wp\/v2\/types\/post"}],"author":[{"embeddable":true,"href":"https:\/\/defensoriaparana.com.ar\/index.php\/wp-json\/wp\/v2\/users\/2"}],"replies":[{"embeddable":true,"href":"https:\/\/defensoriaparana.com.ar\/index.php\/wp-json\/wp\/v2\/comments?post=6012"}],"version-history":[{"count":2,"href":"https:\/\/defensoriaparana.com.ar\/index.php\/wp-json\/wp\/v2\/posts\/6012\/revisions"}],"predecessor-version":[{"id":6016,"href":"https:\/\/defensoriaparana.com.ar\/index.php\/wp-json\/wp\/v2\/posts\/6012\/revisions\/6016"}],"wp:featuredmedia":[{"embeddable":true,"href":"https:\/\/defensoriaparana.com.ar\/index.php\/wp-json\/wp\/v2\/media\/6015"}],"wp:attachment":[{"href":"https:\/\/defensoriaparana.com.ar\/index.php\/wp-json\/wp\/v2\/media?parent=6012"}],"wp:term":[{"taxonomy":"category","embeddable":true,"href":"https:\/\/defensoriaparana.com.ar\/index.php\/wp-json\/wp\/v2\/categories?post=6012"},{"taxonomy":"post_tag","embeddable":true,"href":"https:\/\/defensoriaparana.com.ar\/index.php\/wp-json\/wp\/v2\/tags?post=6012"}],"curies":[{"name":"wp","href":"https:\/\/api.w.org\/{rel}","templated":true}]}}