{"id":6056,"date":"2025-07-31T17:38:39","date_gmt":"2025-07-31T17:38:39","guid":{"rendered":"https:\/\/defensoriaparana.com.ar\/?p=6056"},"modified":"2025-07-31T18:15:57","modified_gmt":"2025-07-31T18:15:57","slug":"se-cumplen-cinco-anos-de-acciones-solidarias-un-programa-sostenido-por-mediadores-comunitarios","status":"publish","type":"post","link":"https:\/\/defensoriaparana.com.ar\/index.php\/2025\/07\/31\/se-cumplen-cinco-anos-de-acciones-solidarias-un-programa-sostenido-por-mediadores-comunitarios\/","title":{"rendered":"Se cumplen cinco a\u00f1os de \u201cAcciones Solidarias\u201d, un programa sostenido por mediadores comunitarios"},"content":{"rendered":"<div class=\"xdj266r x14z9mp xat24cr x1lziwak x1vvkbs x126k92a\">\n<div dir=\"auto\"><\/div>\n<\/div>\n<div class=\"x14z9mp xat24cr x1lziwak x1vvkbs xtlvy1s x126k92a\">\n<div dir=\"auto\">En julio de 2020, en medio de una cuarentena estricta, se gest\u00f3 la idea en el Centro de Mediaci\u00f3n de la Defensor\u00eda del Pueblo de Paran\u00e1 de abrir canales de comunicaci\u00f3n y acompa\u00f1amiento -en ese momento s\u00f3lo online- en diversos espacios comunitarios, lo que dio lugar al programa Acciones Solidarias.<\/div>\n<\/div>\n<div class=\"x14z9mp xat24cr x1lziwak x1vvkbs xtlvy1s x126k92a\">\n<div dir=\"auto\"><\/div>\n<div dir=\"auto\">As\u00ed fue como se articularon diversos espacios de encuentro que tuvieron lugar a trav\u00e9s de pantallas en la Residencia Municipal Madre Teresa de Calcuta y la Casa Municipal de la Mujer, y presencialmente en el CIC II Este, con personas en situaci\u00f3n de calle que se encontraban all\u00ed alojadas.<\/div>\n<\/div>\n<div class=\"x14z9mp xat24cr x1lziwak x1vvkbs xtlvy1s x126k92a\">\n<div dir=\"auto\"><\/div>\n<div dir=\"auto\">En todos los casos, los mediadores comunitarios -integrantes ad honorem del Registro de la instituci\u00f3n- invitaban a \u201crondas de di\u00e1logo\u201d, en las que los participantes pudieran compartir pensamientos, vivencias y emociones.<\/div>\n<\/div>\n<div class=\"x14z9mp xat24cr x1lziwak x1vvkbs xtlvy1s x126k92a\">\n<div dir=\"auto\"><\/div>\n<div dir=\"auto\">Se realizaron tambi\u00e9n colectas destinadas a merenderos de barrios humildes, comedores comunitarios y otras organizaciones: se reuni\u00f3 indumentaria de invierno, elementos de higiene, \u00fatiles escolares y libros.<\/div>\n<\/div>\n<div class=\"x14z9mp xat24cr x1lziwak x1vvkbs xtlvy1s x126k92a\">\n<div dir=\"auto\"><\/div>\n<div dir=\"auto\">En julio de 2022 se inici\u00f3 una nueva \u201cacci\u00f3n solidaria\u201d, en alianza con Suma de Voluntades. Desde hace tres a\u00f1os, integrantes de la Defensor\u00eda del Pueblo, junto a mediadores comunitarios, preparan comida en la sede de la ONG el segundo lunes de cada mes y luego la distribuyen en la recorrida nocturna para brindarla a personas en situaci\u00f3n de calle y extrema vulnerabilidad social. Se cocinan actualmente unas 350 raciones y los insumos son adquiridos gracias a los aportes de los mismos mediadores y se cuenta con la donaci\u00f3n de la panader\u00eda del Servicio Penitenciario de Entre R\u00edos.<\/div>\n<\/div>\n<div class=\"x14z9mp xat24cr x1lziwak x1vvkbs xtlvy1s x126k92a\">\n<div dir=\"auto\"><\/div>\n<div dir=\"auto\">\u201cEs otra de las maneras de conectarnos desde la solidaridad, el amor y el trabajo en equipo\u201d, dice Irina Chausovsky, coordinadora del Centro de Mediaci\u00f3n Comunitario, quien luego remarca que se trata de \u201cllevar alimento, miradas, sonrisas y charlas\u201d, una forma de involucramiento comunitario y acercamiento a quienes padecen necesidad. Y concluye: \u201cal igual que el primer d\u00eda seguimos sintiendo que siempre es m\u00e1s lo que recibimos que lo que damos\u201d.<\/div>\n<\/div>\n<div class=\"x14z9mp xat24cr x1lziwak x1vvkbs xtlvy1s x126k92a\">\n<div dir=\"auto\"><\/div>\n<div dir=\"auto\">Es de destacar el compromiso y la dedicaci\u00f3n de mediadores comunitarios en esta propuesta tendiente a acompa\u00f1ar a quienes se encuentran en una situaci\u00f3n de vulnerabilidad y exclusi\u00f3n.<\/div>\n<\/div>\n<div dir=\"auto\"><\/div>\n<div dir=\"auto\"><\/div>\n<div dir=\"auto\"><img loading=\"lazy\" class=\"alignnone wp-image-6071 \" src=\"http:\/\/defensoriaparana.com.ar\/wp-content\/uploads\/2025\/07\/foto-2-1024x1024.jpg\" alt=\"\" width=\"525\" height=\"525\" srcset=\"https:\/\/defensoriaparana.com.ar\/wp-content\/uploads\/2025\/07\/foto-2-1024x1024.jpg 1024w, https:\/\/defensoriaparana.com.ar\/wp-content\/uploads\/2025\/07\/foto-2-300x300.jpg 300w, https:\/\/defensoriaparana.com.ar\/wp-content\/uploads\/2025\/07\/foto-2-150x150.jpg 150w, https:\/\/defensoriaparana.com.ar\/wp-content\/uploads\/2025\/07\/foto-2-768x768.jpg 768w, https:\/\/defensoriaparana.com.ar\/wp-content\/uploads\/2025\/07\/foto-2.jpg 1440w\" sizes=\"(max-width: 525px) 100vw, 525px\" \/><img loading=\"lazy\" class=\"alignnone wp-image-6070 \" src=\"http:\/\/defensoriaparana.com.ar\/wp-content\/uploads\/2025\/07\/WhatsApp-Image-2025-07-31-at-08.45.49-1-1024x461.jpeg\" alt=\"\" width=\"852\" height=\"384\" srcset=\"https:\/\/defensoriaparana.com.ar\/wp-content\/uploads\/2025\/07\/WhatsApp-Image-2025-07-31-at-08.45.49-1-1024x461.jpeg 1024w, https:\/\/defensoriaparana.com.ar\/wp-content\/uploads\/2025\/07\/WhatsApp-Image-2025-07-31-at-08.45.49-1-300x135.jpeg 300w, https:\/\/defensoriaparana.com.ar\/wp-content\/uploads\/2025\/07\/WhatsApp-Image-2025-07-31-at-08.45.49-1-768x346.jpeg 768w, https:\/\/defensoriaparana.com.ar\/wp-content\/uploads\/2025\/07\/WhatsApp-Image-2025-07-31-at-08.45.49-1-1536x691.jpeg 1536w, https:\/\/defensoriaparana.com.ar\/wp-content\/uploads\/2025\/07\/WhatsApp-Image-2025-07-31-at-08.45.49-1.jpeg 1600w\" sizes=\"(max-width: 852px) 100vw, 852px\" \/><\/div>\n<div dir=\"auto\"><\/div>\n<div dir=\"auto\"><img loading=\"lazy\" class=\"alignnone wp-image-6058 \" src=\"http:\/\/defensoriaparana.com.ar\/wp-content\/uploads\/2025\/07\/WhatsApp-Image-2025-07-31-at-10.00.05-1-1024x768.jpeg\" alt=\"\" width=\"867\" height=\"650\" srcset=\"https:\/\/defensoriaparana.com.ar\/wp-content\/uploads\/2025\/07\/WhatsApp-Image-2025-07-31-at-10.00.05-1-1024x768.jpeg 1024w, https:\/\/defensoriaparana.com.ar\/wp-content\/uploads\/2025\/07\/WhatsApp-Image-2025-07-31-at-10.00.05-1-300x225.jpeg 300w, https:\/\/defensoriaparana.com.ar\/wp-content\/uploads\/2025\/07\/WhatsApp-Image-2025-07-31-at-10.00.05-1-768x576.jpeg 768w, https:\/\/defensoriaparana.com.ar\/wp-content\/uploads\/2025\/07\/WhatsApp-Image-2025-07-31-at-10.00.05-1.jpeg 1280w\" sizes=\"(max-width: 867px) 100vw, 867px\" \/><\/div>\n<div dir=\"auto\"><\/div>\n<div dir=\"auto\"><img loading=\"lazy\" class=\"alignnone wp-image-6069 \" src=\"http:\/\/defensoriaparana.com.ar\/wp-content\/uploads\/2025\/07\/WhatsApp-Image-2025-07-31-at-08.47.39-2-1024x576.jpeg\" alt=\"\" width=\"860\" height=\"483\" srcset=\"https:\/\/defensoriaparana.com.ar\/wp-content\/uploads\/2025\/07\/WhatsApp-Image-2025-07-31-at-08.47.39-2-1024x576.jpeg 1024w, https:\/\/defensoriaparana.com.ar\/wp-content\/uploads\/2025\/07\/WhatsApp-Image-2025-07-31-at-08.47.39-2-300x169.jpeg 300w, https:\/\/defensoriaparana.com.ar\/wp-content\/uploads\/2025\/07\/WhatsApp-Image-2025-07-31-at-08.47.39-2-768x432.jpeg 768w, https:\/\/defensoriaparana.com.ar\/wp-content\/uploads\/2025\/07\/WhatsApp-Image-2025-07-31-at-08.47.39-2.jpeg 1280w\" sizes=\"(max-width: 860px) 100vw, 860px\" \/><\/div>\n<div dir=\"auto\"><\/div>\n<div dir=\"auto\"><img loading=\"lazy\" class=\"alignnone wp-image-6063 size-large\" src=\"http:\/\/defensoriaparana.com.ar\/wp-content\/uploads\/2025\/07\/WhatsApp-Image-2025-07-31-at-09.27.53-1-768x1024.jpeg\" alt=\"\" width=\"768\" height=\"1024\" srcset=\"https:\/\/defensoriaparana.com.ar\/wp-content\/uploads\/2025\/07\/WhatsApp-Image-2025-07-31-at-09.27.53-1-768x1024.jpeg 768w, https:\/\/defensoriaparana.com.ar\/wp-content\/uploads\/2025\/07\/WhatsApp-Image-2025-07-31-at-09.27.53-1-225x300.jpeg 225w, https:\/\/defensoriaparana.com.ar\/wp-content\/uploads\/2025\/07\/WhatsApp-Image-2025-07-31-at-09.27.53-1-1152x1536.jpeg 1152w, https:\/\/defensoriaparana.com.ar\/wp-content\/uploads\/2025\/07\/WhatsApp-Image-2025-07-31-at-09.27.53-1.jpeg 1200w\" sizes=\"(max-width: 768px) 100vw, 768px\" \/><\/div>\n<div dir=\"auto\"><img loading=\"lazy\" class=\"alignnone wp-image-6040 \" src=\"http:\/\/defensoriaparana.com.ar\/wp-content\/uploads\/2025\/07\/WhatsApp-Image-2025-07-31-at-09.59.49-1024x461.jpeg\" alt=\"\" width=\"927\" height=\"417\" srcset=\"https:\/\/defensoriaparana.com.ar\/wp-content\/uploads\/2025\/07\/WhatsApp-Image-2025-07-31-at-09.59.49-1024x461.jpeg 1024w, https:\/\/defensoriaparana.com.ar\/wp-content\/uploads\/2025\/07\/WhatsApp-Image-2025-07-31-at-09.59.49-300x135.jpeg 300w, https:\/\/defensoriaparana.com.ar\/wp-content\/uploads\/2025\/07\/WhatsApp-Image-2025-07-31-at-09.59.49-768x346.jpeg 768w, https:\/\/defensoriaparana.com.ar\/wp-content\/uploads\/2025\/07\/WhatsApp-Image-2025-07-31-at-09.59.49-1536x691.jpeg 1536w, https:\/\/defensoriaparana.com.ar\/wp-content\/uploads\/2025\/07\/WhatsApp-Image-2025-07-31-at-09.59.49.jpeg 1600w\" sizes=\"(max-width: 927px) 100vw, 927px\" \/><\/div>\n<div dir=\"auto\"><img loading=\"lazy\" class=\"alignnone wp-image-6062 size-large\" src=\"http:\/\/defensoriaparana.com.ar\/wp-content\/uploads\/2025\/07\/WhatsApp-Image-2025-07-31-at-09.29.18-1-1024x576.jpeg\" alt=\"\" width=\"960\" height=\"540\" srcset=\"https:\/\/defensoriaparana.com.ar\/wp-content\/uploads\/2025\/07\/WhatsApp-Image-2025-07-31-at-09.29.18-1-1024x576.jpeg 1024w, https:\/\/defensoriaparana.com.ar\/wp-content\/uploads\/2025\/07\/WhatsApp-Image-2025-07-31-at-09.29.18-1-300x169.jpeg 300w, https:\/\/defensoriaparana.com.ar\/wp-content\/uploads\/2025\/07\/WhatsApp-Image-2025-07-31-at-09.29.18-1-768x432.jpeg 768w, https:\/\/defensoriaparana.com.ar\/wp-content\/uploads\/2025\/07\/WhatsApp-Image-2025-07-31-at-09.29.18-1-1536x864.jpeg 1536w, https:\/\/defensoriaparana.com.ar\/wp-content\/uploads\/2025\/07\/WhatsApp-Image-2025-07-31-at-09.29.18-1.jpeg 1600w\" sizes=\"(max-width: 960px) 100vw, 960px\" \/><\/div>\n<div dir=\"auto\"><img loading=\"lazy\" class=\"alignnone wp-image-6061 size-large\" src=\"http:\/\/defensoriaparana.com.ar\/wp-content\/uploads\/2025\/07\/WhatsApp-Image-2025-07-31-at-09.46.35-2-1024x576.jpeg\" alt=\"\" width=\"960\" height=\"540\" srcset=\"https:\/\/defensoriaparana.com.ar\/wp-content\/uploads\/2025\/07\/WhatsApp-Image-2025-07-31-at-09.46.35-2-1024x576.jpeg 1024w, https:\/\/defensoriaparana.com.ar\/wp-content\/uploads\/2025\/07\/WhatsApp-Image-2025-07-31-at-09.46.35-2-300x169.jpeg 300w, https:\/\/defensoriaparana.com.ar\/wp-content\/uploads\/2025\/07\/WhatsApp-Image-2025-07-31-at-09.46.35-2-768x432.jpeg 768w, https:\/\/defensoriaparana.com.ar\/wp-content\/uploads\/2025\/07\/WhatsApp-Image-2025-07-31-at-09.46.35-2.jpeg 1280w\" sizes=\"(max-width: 960px) 100vw, 960px\" \/><\/div>\n<div dir=\"auto\"><img loading=\"lazy\" class=\"alignnone wp-image-6060 size-large\" src=\"http:\/\/defensoriaparana.com.ar\/wp-content\/uploads\/2025\/07\/WhatsApp-Image-2025-07-31-at-09.50.57-1-1024x576.jpeg\" alt=\"\" width=\"960\" height=\"540\" srcset=\"https:\/\/defensoriaparana.com.ar\/wp-content\/uploads\/2025\/07\/WhatsApp-Image-2025-07-31-at-09.50.57-1-1024x576.jpeg 1024w, https:\/\/defensoriaparana.com.ar\/wp-content\/uploads\/2025\/07\/WhatsApp-Image-2025-07-31-at-09.50.57-1-300x169.jpeg 300w, https:\/\/defensoriaparana.com.ar\/wp-content\/uploads\/2025\/07\/WhatsApp-Image-2025-07-31-at-09.50.57-1-768x432.jpeg 768w, https:\/\/defensoriaparana.com.ar\/wp-content\/uploads\/2025\/07\/WhatsApp-Image-2025-07-31-at-09.50.57-1-1536x864.jpeg 1536w, https:\/\/defensoriaparana.com.ar\/wp-content\/uploads\/2025\/07\/WhatsApp-Image-2025-07-31-at-09.50.57-1.jpeg 1600w\" sizes=\"(max-width: 960px) 100vw, 960px\" \/><\/div>\n<div dir=\"auto\"><\/div>\n<div dir=\"auto\"><img loading=\"lazy\" class=\"alignnone wp-image-6064 size-full\" src=\"http:\/\/defensoriaparana.com.ar\/wp-content\/uploads\/2025\/07\/WhatsApp-Image-2025-07-31-at-09.03.02-1.jpeg\" alt=\"\" width=\"474\" height=\"356\" srcset=\"https:\/\/defensoriaparana.com.ar\/wp-content\/uploads\/2025\/07\/WhatsApp-Image-2025-07-31-at-09.03.02-1.jpeg 474w, https:\/\/defensoriaparana.com.ar\/wp-content\/uploads\/2025\/07\/WhatsApp-Image-2025-07-31-at-09.03.02-1-300x225.jpeg 300w\" sizes=\"(max-width: 474px) 100vw, 474px\" \/><img loading=\"lazy\" class=\"alignnone wp-image-6035 \" src=\"http:\/\/defensoriaparana.com.ar\/wp-content\/uploads\/2025\/07\/WhatsApp-Image-2025-07-31-at-09.01.02.jpeg\" alt=\"\" width=\"503\" height=\"354\" srcset=\"https:\/\/defensoriaparana.com.ar\/wp-content\/uploads\/2025\/07\/WhatsApp-Image-2025-07-31-at-09.01.02.jpeg 443w, https:\/\/defensoriaparana.com.ar\/wp-content\/uploads\/2025\/07\/WhatsApp-Image-2025-07-31-at-09.01.02-300x211.jpeg 300w\" sizes=\"(max-width: 503px) 100vw, 503px\" \/><\/div>\n<div dir=\"auto\"><img loading=\"lazy\" class=\"alignnone wp-image-6034 size-full\" src=\"http:\/\/defensoriaparana.com.ar\/wp-content\/uploads\/2025\/07\/WhatsApp-Image-2025-07-31-at-08.58.33.jpeg\" alt=\"\" width=\"925\" height=\"520\" srcset=\"https:\/\/defensoriaparana.com.ar\/wp-content\/uploads\/2025\/07\/WhatsApp-Image-2025-07-31-at-08.58.33.jpeg 925w, https:\/\/defensoriaparana.com.ar\/wp-content\/uploads\/2025\/07\/WhatsApp-Image-2025-07-31-at-08.58.33-300x169.jpeg 300w, https:\/\/defensoriaparana.com.ar\/wp-content\/uploads\/2025\/07\/WhatsApp-Image-2025-07-31-at-08.58.33-768x432.jpeg 768w\" sizes=\"(max-width: 925px) 100vw, 925px\" \/><\/div>\n<div dir=\"auto\"><img loading=\"lazy\" class=\"alignnone wp-image-6033 \" src=\"http:\/\/defensoriaparana.com.ar\/wp-content\/uploads\/2025\/07\/WhatsApp-Image-2025-07-31-at-08.57.28.jpeg\" alt=\"\" width=\"645\" height=\"382\" srcset=\"https:\/\/defensoriaparana.com.ar\/wp-content\/uploads\/2025\/07\/WhatsApp-Image-2025-07-31-at-08.57.28.jpeg 518w, https:\/\/defensoriaparana.com.ar\/wp-content\/uploads\/2025\/07\/WhatsApp-Image-2025-07-31-at-08.57.28-300x178.jpeg 300w\" sizes=\"(max-width: 645px) 100vw, 645px\" \/><\/div>\n<div dir=\"auto\"><\/div>\n<div dir=\"auto\"><\/div>\n<div dir=\"auto\"><\/div>\n","protected":false},"excerpt":{"rendered":"<p>En julio de 2020, en medio de una cuarentena estricta, se gest\u00f3 la idea en el Centro de Mediaci\u00f3n de la Defensor\u00eda del Pueblo de Paran\u00e1 de abrir canales de comunicaci\u00f3n y acompa\u00f1amiento -en ese momento s\u00f3lo online- en diversos espacios comunitarios, lo que dio lugar al programa Acciones Solidarias. As\u00ed fue como se articularon [&hellip;]<\/p>\n","protected":false},"author":2,"featured_media":6072,"comment_status":"open","ping_status":"open","sticky":false,"template":"","format":"standard","meta":{"om_disable_all_campaigns":false,"_monsterinsights_skip_tracking":false,"_monsterinsights_sitenote_active":false,"_monsterinsights_sitenote_note":"","_monsterinsights_sitenote_category":0},"categories":[1],"tags":[],"_links":{"self":[{"href":"https:\/\/defensoriaparana.com.ar\/index.php\/wp-json\/wp\/v2\/posts\/6056"}],"collection":[{"href":"https:\/\/defensoriaparana.com.ar\/index.php\/wp-json\/wp\/v2\/posts"}],"about":[{"href":"https:\/\/defensoriaparana.com.ar\/index.php\/wp-json\/wp\/v2\/types\/post"}],"author":[{"embeddable":true,"href":"https:\/\/defensoriaparana.com.ar\/index.php\/wp-json\/wp\/v2\/users\/2"}],"replies":[{"embeddable":true,"href":"https:\/\/defensoriaparana.com.ar\/index.php\/wp-json\/wp\/v2\/comments?post=6056"}],"version-history":[{"count":3,"href":"https:\/\/defensoriaparana.com.ar\/index.php\/wp-json\/wp\/v2\/posts\/6056\/revisions"}],"predecessor-version":[{"id":6075,"href":"https:\/\/defensoriaparana.com.ar\/index.php\/wp-json\/wp\/v2\/posts\/6056\/revisions\/6075"}],"wp:featuredmedia":[{"embeddable":true,"href":"https:\/\/defensoriaparana.com.ar\/index.php\/wp-json\/wp\/v2\/media\/6072"}],"wp:attachment":[{"href":"https:\/\/defensoriaparana.com.ar\/index.php\/wp-json\/wp\/v2\/media?parent=6056"}],"wp:term":[{"taxonomy":"category","embeddable":true,"href":"https:\/\/defensoriaparana.com.ar\/index.php\/wp-json\/wp\/v2\/categories?post=6056"},{"taxonomy":"post_tag","embeddable":true,"href":"https:\/\/defensoriaparana.com.ar\/index.php\/wp-json\/wp\/v2\/tags?post=6056"}],"curies":[{"name":"wp","href":"https:\/\/api.w.org\/{rel}","templated":true}]}}