{"id":6077,"date":"2025-08-01T12:54:57","date_gmt":"2025-08-01T12:54:57","guid":{"rendered":"https:\/\/defensoriaparana.com.ar\/?p=6077"},"modified":"2025-08-01T12:54:57","modified_gmt":"2025-08-01T12:54:57","slug":"las-defensoras-del-pueblo-se-reunieron-con-el-titular-de-la-region-centro-por-entre-rios","status":"publish","type":"post","link":"https:\/\/defensoriaparana.com.ar\/index.php\/2025\/08\/01\/las-defensoras-del-pueblo-se-reunieron-con-el-titular-de-la-region-centro-por-entre-rios\/","title":{"rendered":"Las Defensoras del Pueblo se reunieron con el titular de la Regi\u00f3n Centro por Entre R\u00edos"},"content":{"rendered":"<p>Las Defensora del Pueblo de Paran\u00e1, Marcia L\u00f3pez y Cecilia Pautaso (Adjunta), recibieron en la sede de la instituci\u00f3n al presidente del Ente Regi\u00f3n Centro e Integraci\u00f3n Regional de Entre R\u00edos, Jorge Chemes.<br \/>\nEn el encuentro se convers\u00f3 sobre lo tratado en una reuni\u00f3n realizada la semana pasada entre las autoridades de las Defensor\u00edas del Pueblo provinciales de Santa Fe y C\u00f3rdoba y la Defensor\u00eda del Pueblo de la Ciudad de Paran\u00e1, en representaci\u00f3n de la ciudadan\u00eda de Entre R\u00edos, ante la falta de una instituci\u00f3n provincial.<\/p>\n<p><img loading=\"lazy\" class=\"alignnone wp-image-6081 size-large\" src=\"http:\/\/defensoriaparana.com.ar\/wp-content\/uploads\/2025\/08\/WhatsApp-Image-2025-08-01-at-09.17.13-1024x461.jpeg\" alt=\"\" width=\"960\" height=\"432\" srcset=\"https:\/\/defensoriaparana.com.ar\/wp-content\/uploads\/2025\/08\/WhatsApp-Image-2025-08-01-at-09.17.13-1024x461.jpeg 1024w, https:\/\/defensoriaparana.com.ar\/wp-content\/uploads\/2025\/08\/WhatsApp-Image-2025-08-01-at-09.17.13-300x135.jpeg 300w, https:\/\/defensoriaparana.com.ar\/wp-content\/uploads\/2025\/08\/WhatsApp-Image-2025-08-01-at-09.17.13-768x346.jpeg 768w, https:\/\/defensoriaparana.com.ar\/wp-content\/uploads\/2025\/08\/WhatsApp-Image-2025-08-01-at-09.17.13-1536x691.jpeg 1536w, https:\/\/defensoriaparana.com.ar\/wp-content\/uploads\/2025\/08\/WhatsApp-Image-2025-08-01-at-09.17.13.jpeg 1600w\" sizes=\"(max-width: 960px) 100vw, 960px\" \/><\/p>\n<p>Los Defensores de Santa Fe, Ar\u00edstides Lasarte; de C\u00f3rdoba, Carlos Galoppo, y de Paran\u00e1, Marcia L\u00f3pez, avanzaron en la conformaci\u00f3n de un Foro de Defensor\u00edas del Pueblo de la Regi\u00f3n Centro y analizaron, como uno de los objetivos, la posibilidad de constituir un espacio en el \u00e1mbito integrado por las tres provincias. El prop\u00f3sito del Foro de Defensor\u00edas del Pueblo consiste en promover la integraci\u00f3n y delinear estrategias conjuntas para impulsar la difusi\u00f3n y conocimiento de los derechos ciudadanos, como as\u00ed tambi\u00e9n tratar y gestionar reclamos y tem\u00e1ticas comunes de la regi\u00f3n. En los pr\u00f3ximos d\u00edas habr\u00e1 una reuni\u00f3n en Santa Fe y luego en C\u00f3rdoba.<\/p>\n<p>Chemes se mostr\u00f3 interesado en la posibilidad, ya que consider\u00f3 que ser\u00eda un avance en la integraci\u00f3n referida a la defensa de los derechos ciudadanos, y acord\u00f3 con las Defensoras del Pueblo mantener una comunicaci\u00f3n fluida con el fin de articular el trabajo en el tema.<\/p>\n<p><img loading=\"lazy\" class=\"alignnone wp-image-6082 size-full\" src=\"http:\/\/defensoriaparana.com.ar\/wp-content\/uploads\/2025\/08\/WhatsApp-Image-2025-08-01-at-09.15.07.jpeg\" alt=\"\" width=\"709\" height=\"899\" srcset=\"https:\/\/defensoriaparana.com.ar\/wp-content\/uploads\/2025\/08\/WhatsApp-Image-2025-08-01-at-09.15.07.jpeg 709w, https:\/\/defensoriaparana.com.ar\/wp-content\/uploads\/2025\/08\/WhatsApp-Image-2025-08-01-at-09.15.07-237x300.jpeg 237w\" sizes=\"(max-width: 709px) 100vw, 709px\" \/><\/p>\n<p>Respecto de la participaci\u00f3n de la Defensor\u00eda del Pueblo de Paran\u00e1 en representaci\u00f3n de Entre R\u00edos, las Defensoras recordaron en el encuentro que la instituci\u00f3n local es la \u00fanica en la provincia. Esto sucede pese a que la creaci\u00f3n de la Defensor\u00eda del Pueblo de la Provincia de Entre R\u00edos fue incorporada en la Constituci\u00f3n entrerriana en 2008; pero su conformaci\u00f3n y puesta en funcionamiento sigue pendiente desde entonces.<br \/>\nSu instrumentaci\u00f3n ha sido motivo de numerosos pedidos a las distintas gestiones provinciales por parte de la Asociaci\u00f3n de Defensores y Defensores de la Rep\u00fablica Argentina (Adpra), organizaci\u00f3n que integra la Defensor\u00eda de Paran\u00e1.<\/p>\n<p><img loading=\"lazy\" class=\"alignnone wp-image-6080 size-large\" src=\"http:\/\/defensoriaparana.com.ar\/wp-content\/uploads\/2025\/08\/WhatsApp-Image-2025-08-01-at-09.16.50-1024x461.jpeg\" alt=\"\" width=\"960\" height=\"432\" srcset=\"https:\/\/defensoriaparana.com.ar\/wp-content\/uploads\/2025\/08\/WhatsApp-Image-2025-08-01-at-09.16.50-1024x461.jpeg 1024w, https:\/\/defensoriaparana.com.ar\/wp-content\/uploads\/2025\/08\/WhatsApp-Image-2025-08-01-at-09.16.50-300x135.jpeg 300w, https:\/\/defensoriaparana.com.ar\/wp-content\/uploads\/2025\/08\/WhatsApp-Image-2025-08-01-at-09.16.50-768x346.jpeg 768w, https:\/\/defensoriaparana.com.ar\/wp-content\/uploads\/2025\/08\/WhatsApp-Image-2025-08-01-at-09.16.50-1536x691.jpeg 1536w, https:\/\/defensoriaparana.com.ar\/wp-content\/uploads\/2025\/08\/WhatsApp-Image-2025-08-01-at-09.16.50.jpeg 1600w\" sizes=\"(max-width: 960px) 100vw, 960px\" \/><\/p>\n","protected":false},"excerpt":{"rendered":"<p>Las Defensora del Pueblo de Paran\u00e1, Marcia L\u00f3pez y Cecilia Pautaso (Adjunta), recibieron en la sede de la instituci\u00f3n al presidente del Ente Regi\u00f3n Centro e Integraci\u00f3n Regional de Entre R\u00edos, Jorge Chemes. En el encuentro se convers\u00f3 sobre lo tratado en una reuni\u00f3n realizada la semana pasada entre las autoridades de las Defensor\u00edas del [&hellip;]<\/p>\n","protected":false},"author":2,"featured_media":6078,"comment_status":"open","ping_status":"open","sticky":false,"template":"","format":"standard","meta":{"om_disable_all_campaigns":false,"_monsterinsights_skip_tracking":false,"_monsterinsights_sitenote_active":false,"_monsterinsights_sitenote_note":"","_monsterinsights_sitenote_category":0},"categories":[14,1],"tags":[],"_links":{"self":[{"href":"https:\/\/defensoriaparana.com.ar\/index.php\/wp-json\/wp\/v2\/posts\/6077"}],"collection":[{"href":"https:\/\/defensoriaparana.com.ar\/index.php\/wp-json\/wp\/v2\/posts"}],"about":[{"href":"https:\/\/defensoriaparana.com.ar\/index.php\/wp-json\/wp\/v2\/types\/post"}],"author":[{"embeddable":true,"href":"https:\/\/defensoriaparana.com.ar\/index.php\/wp-json\/wp\/v2\/users\/2"}],"replies":[{"embeddable":true,"href":"https:\/\/defensoriaparana.com.ar\/index.php\/wp-json\/wp\/v2\/comments?post=6077"}],"version-history":[{"count":1,"href":"https:\/\/defensoriaparana.com.ar\/index.php\/wp-json\/wp\/v2\/posts\/6077\/revisions"}],"predecessor-version":[{"id":6083,"href":"https:\/\/defensoriaparana.com.ar\/index.php\/wp-json\/wp\/v2\/posts\/6077\/revisions\/6083"}],"wp:featuredmedia":[{"embeddable":true,"href":"https:\/\/defensoriaparana.com.ar\/index.php\/wp-json\/wp\/v2\/media\/6078"}],"wp:attachment":[{"href":"https:\/\/defensoriaparana.com.ar\/index.php\/wp-json\/wp\/v2\/media?parent=6077"}],"wp:term":[{"taxonomy":"category","embeddable":true,"href":"https:\/\/defensoriaparana.com.ar\/index.php\/wp-json\/wp\/v2\/categories?post=6077"},{"taxonomy":"post_tag","embeddable":true,"href":"https:\/\/defensoriaparana.com.ar\/index.php\/wp-json\/wp\/v2\/tags?post=6077"}],"curies":[{"name":"wp","href":"https:\/\/api.w.org\/{rel}","templated":true}]}}