{"id":6088,"date":"2025-08-01T22:07:22","date_gmt":"2025-08-01T22:07:22","guid":{"rendered":"https:\/\/defensoriaparana.com.ar\/?p=6088"},"modified":"2025-08-01T22:09:30","modified_gmt":"2025-08-01T22:09:30","slug":"auditoria-nacional-la-defensoria-del-pueblo-acompano-y-brindo-informacion-a-titulares-de-pensiones-no-contributivas","status":"publish","type":"post","link":"https:\/\/defensoriaparana.com.ar\/index.php\/2025\/08\/01\/auditoria-nacional-la-defensoria-del-pueblo-acompano-y-brindo-informacion-a-titulares-de-pensiones-no-contributivas\/","title":{"rendered":"Discapacidad: La Defensor\u00eda del Pueblo acompa\u00f1\u00f3 y brind\u00f3 informaci\u00f3n a titulares de Pensiones No Contributivas durante la auditoria"},"content":{"rendered":"<p>La Defensora del Pueblo de Paran\u00e1, Marcia L\u00f3pez, junto a representantes de otras instituciones, acompa\u00f1o y facilit\u00f3 informaci\u00f3n a titulares de Pensiones No Contributivas (PNC) en la convocatoria de la Agencia Nacional de Discapacidad (Andis), realizada este viernes en la ciudad capital.<\/p>\n<p>Un importante n\u00famero de personas provenientes de Paran\u00e1 y de Paran\u00e1 Campa\u00f1a, beneficiarios de una PNC por discapacidad, form\u00f3 una larga fila en la vereda de un hotel, ubicado frente a la Plaza 1 de Mayo, lugar al que fueron citadas mediante carta documento, en el marco de auditor\u00edas dispuestas por el organismo nacional.<\/p>\n<p><img loading=\"lazy\" class=\"alignnone wp-image-6092 size-large\" src=\"http:\/\/defensoriaparana.com.ar\/wp-content\/uploads\/2025\/08\/WhatsApp-Image-2025-08-01-at-13.05.05-1024x461.jpeg\" alt=\"\" width=\"960\" height=\"432\" srcset=\"https:\/\/defensoriaparana.com.ar\/wp-content\/uploads\/2025\/08\/WhatsApp-Image-2025-08-01-at-13.05.05-1024x461.jpeg 1024w, https:\/\/defensoriaparana.com.ar\/wp-content\/uploads\/2025\/08\/WhatsApp-Image-2025-08-01-at-13.05.05-300x135.jpeg 300w, https:\/\/defensoriaparana.com.ar\/wp-content\/uploads\/2025\/08\/WhatsApp-Image-2025-08-01-at-13.05.05-768x346.jpeg 768w, https:\/\/defensoriaparana.com.ar\/wp-content\/uploads\/2025\/08\/WhatsApp-Image-2025-08-01-at-13.05.05-1536x691.jpeg 1536w, https:\/\/defensoriaparana.com.ar\/wp-content\/uploads\/2025\/08\/WhatsApp-Image-2025-08-01-at-13.05.05.jpeg 1600w\" sizes=\"(max-width: 960px) 100vw, 960px\" \/><\/p>\n<p>Al frente de la oficina de auditor\u00eda en Paran\u00e1, que atender\u00e1 con turnos tambi\u00e9n el s\u00e1bado, est\u00e1 a cargo de personal de una consultora externa contratada por el Andis, puntualiz\u00f3 la Defensora.<\/p>\n<p>&nbsp;<\/p>\n<p><strong>Informaci\u00f3n importante<\/strong><\/p>\n<p>&nbsp;<\/p>\n<p>La convocatoria tiene el objetivo de \u00a0\u201cverificar la documentaci\u00f3n y luego las personas tienen 30 d\u00edas para enviarla a <a href=\"https:\/\/tramitesadistancia.gob.ar\">https:\/\/tramitesadistancia.gob.ar<\/a> o presentarla en una oficina de ANSES para mantener la pensi\u00f3n\u201d, dijo Marcia L\u00f3pez.<\/p>\n<p>Las personas que no han sido citadas o requieran m\u00e1s informaci\u00f3n, pueden comunicarse con la Defensor\u00eda del Pueblo. Las v\u00edas de contacto son: WhatsApp 343 5346616 o a los tel\u00e9fonos 0343 4202322 y 08007771112.<\/p>\n<p>Nuestra sede est\u00e1 en Hip\u00f3lito Yrigoyen 236 de Paran\u00e1 y la atenci\u00f3n de es 7.30 a 13, de lunes a viernes.<\/p>\n<p><img loading=\"lazy\" class=\"alignnone wp-image-6090 \" src=\"http:\/\/defensoriaparana.com.ar\/wp-content\/uploads\/2025\/08\/pcn1-578x1024.jpg\" alt=\"\" width=\"376\" height=\"666\" srcset=\"https:\/\/defensoriaparana.com.ar\/wp-content\/uploads\/2025\/08\/pcn1-578x1024.jpg 578w, https:\/\/defensoriaparana.com.ar\/wp-content\/uploads\/2025\/08\/pcn1-169x300.jpg 169w, https:\/\/defensoriaparana.com.ar\/wp-content\/uploads\/2025\/08\/pcn1.jpg 709w\" sizes=\"(max-width: 376px) 100vw, 376px\" \/><\/p>\n<p>Ante una confusi\u00f3n generalizada que ven\u00edan generando las citaciones a titulares y la imposibilidad de contar con acceso a la informaci\u00f3n respecto a, por ejemplo, el domicilio d\u00f3nde se realizar\u00edan las auditor\u00edas o la presentaci\u00f3n de la documentaci\u00f3n requerida, la Defensor\u00eda del Pueblo, en vista de la preocupaci\u00f3n y un sinn\u00famero de reclamos y solicitudes de informaci\u00f3n fehaciente, mantuvo encuentros con el Hospital Escuela de Salud Mental, el \u00d3rgano de Revisi\u00f3n de Salud Mental de Entre R\u00edos, \u00e1reas del Municipio de Paran\u00e1 e integrantes del Consejo Federal de Discapacidad, entre otras instituciones.<\/p>\n<p><img loading=\"lazy\" class=\"alignnone wp-image-6091 \" src=\"http:\/\/defensoriaparana.com.ar\/wp-content\/uploads\/2025\/08\/pnc-529x1024.jpg\" alt=\"\" width=\"328\" height=\"635\" srcset=\"https:\/\/defensoriaparana.com.ar\/wp-content\/uploads\/2025\/08\/pnc-529x1024.jpg 529w, https:\/\/defensoriaparana.com.ar\/wp-content\/uploads\/2025\/08\/pnc-155x300.jpg 155w, https:\/\/defensoriaparana.com.ar\/wp-content\/uploads\/2025\/08\/pnc.jpg 705w\" sizes=\"(max-width: 328px) 100vw, 328px\" \/><\/p>\n<p>La intenci\u00f3n es brindar el acompa\u00f1amiento a aquellas personas que carecen de informaci\u00f3n y recursos adecuados para complementar el tr\u00e1mite.<\/p>\n<p>&nbsp;<\/p>\n<p>&nbsp;<\/p>\n","protected":false},"excerpt":{"rendered":"<p>La Defensora del Pueblo de Paran\u00e1, Marcia L\u00f3pez, junto a representantes de otras instituciones, acompa\u00f1o y facilit\u00f3 informaci\u00f3n a titulares de Pensiones No Contributivas (PNC) en la convocatoria de la Agencia Nacional de Discapacidad (Andis), realizada este viernes en la ciudad capital. Un importante n\u00famero de personas provenientes de Paran\u00e1 y de Paran\u00e1 Campa\u00f1a, beneficiarios [&hellip;]<\/p>\n","protected":false},"author":2,"featured_media":6089,"comment_status":"open","ping_status":"open","sticky":false,"template":"","format":"standard","meta":{"om_disable_all_campaigns":false,"_monsterinsights_skip_tracking":false,"_monsterinsights_sitenote_active":false,"_monsterinsights_sitenote_note":"","_monsterinsights_sitenote_category":0},"categories":[1],"tags":[],"_links":{"self":[{"href":"https:\/\/defensoriaparana.com.ar\/index.php\/wp-json\/wp\/v2\/posts\/6088"}],"collection":[{"href":"https:\/\/defensoriaparana.com.ar\/index.php\/wp-json\/wp\/v2\/posts"}],"about":[{"href":"https:\/\/defensoriaparana.com.ar\/index.php\/wp-json\/wp\/v2\/types\/post"}],"author":[{"embeddable":true,"href":"https:\/\/defensoriaparana.com.ar\/index.php\/wp-json\/wp\/v2\/users\/2"}],"replies":[{"embeddable":true,"href":"https:\/\/defensoriaparana.com.ar\/index.php\/wp-json\/wp\/v2\/comments?post=6088"}],"version-history":[{"count":2,"href":"https:\/\/defensoriaparana.com.ar\/index.php\/wp-json\/wp\/v2\/posts\/6088\/revisions"}],"predecessor-version":[{"id":6095,"href":"https:\/\/defensoriaparana.com.ar\/index.php\/wp-json\/wp\/v2\/posts\/6088\/revisions\/6095"}],"wp:featuredmedia":[{"embeddable":true,"href":"https:\/\/defensoriaparana.com.ar\/index.php\/wp-json\/wp\/v2\/media\/6089"}],"wp:attachment":[{"href":"https:\/\/defensoriaparana.com.ar\/index.php\/wp-json\/wp\/v2\/media?parent=6088"}],"wp:term":[{"taxonomy":"category","embeddable":true,"href":"https:\/\/defensoriaparana.com.ar\/index.php\/wp-json\/wp\/v2\/categories?post=6088"},{"taxonomy":"post_tag","embeddable":true,"href":"https:\/\/defensoriaparana.com.ar\/index.php\/wp-json\/wp\/v2\/tags?post=6088"}],"curies":[{"name":"wp","href":"https:\/\/api.w.org\/{rel}","templated":true}]}}