{"id":6102,"date":"2025-08-07T13:18:24","date_gmt":"2025-08-07T13:18:24","guid":{"rendered":"https:\/\/defensoriaparana.com.ar\/?p=6102"},"modified":"2025-08-07T13:18:24","modified_gmt":"2025-08-07T13:18:24","slug":"organizaciones-e-instituciones-de-la-ciudad-pueden-sumarse-a-delinear-estrategias-y-acciones-en-defensa-de-los-derechos-de-las-personas-mayores","status":"publish","type":"post","link":"https:\/\/defensoriaparana.com.ar\/index.php\/2025\/08\/07\/organizaciones-e-instituciones-de-la-ciudad-pueden-sumarse-a-delinear-estrategias-y-acciones-en-defensa-de-los-derechos-de-las-personas-mayores\/","title":{"rendered":"Organizaciones e instituciones de la ciudad pueden sumarse a delinear estrategias y acciones en defensa de los derechos de las personas mayores"},"content":{"rendered":"<p>La Mesa de Pol\u00edticas P\u00fablicas sobre Personas Mayores re\u00fane a organizaciones, instituciones y \u00e1reas del Estado municipal y provincial que trabajan en tem\u00e1ticas concernientes a las personas mayores.<\/p>\n<p>Funciona desde 2021 en el \u00e1mbito de la Defensor\u00eda del Pueblo de Paran\u00e1, coordinada por la Defensora de los Derechos de las Personas Mayores, Ligia Blanco. Se trata de un espacio amplio y abierto, en el que se aborda una diversidad de temas de inter\u00e9s, siempre desde la perspectiva de los derechos de las personas mayores.<\/p>\n<p>El mal estado de las veredas de la ciudad; las deficiencias en el servicio de transporte p\u00fablico; la falta de espacios espec\u00edficos para estacionar, de se\u00f1alizaci\u00f3n y de sem\u00e1foros adecuados a los tiempos de desplazamiento de una persona mayor; las dificultades en el acceso a servicio p\u00fablicos, principalmente, por v\u00edas digitales y la necesidad de contar con campa\u00f1as de buen trato, son algunas de las tem\u00e1ticas en las que se viene trabajando.<\/p>\n<p>La semana pasada se realiz\u00f3 una nueva reuni\u00f3n, en la que se analiz\u00f3 tambi\u00e9n la situaci\u00f3n a partir de las citaciones, por parte de la Agencia Nacional de Discapacidad (Andis), de titulares de Pensiones No Contributivas (PNC).<\/p>\n<p>La Mesa fue creada por la ordenanza N\u00ba 9389, de 2016, por la que se instaur\u00f3 la figura del Defensor\/a de los Derechos de las Personas Mayores en Paran\u00e1.<\/p>\n<p>\u201cProponer y discutir las medidas a implementar para velar por la defensa y protecci\u00f3n de los intereses de los adultos mayores\u201d, es el objetivo general propuesto por la ordenanza para el espacio.<\/p>\n<p>&nbsp;<\/p>\n<p><img loading=\"lazy\" class=\"alignnone wp-image-6104 \" src=\"http:\/\/defensoriaparana.com.ar\/wp-content\/uploads\/2025\/08\/WhatsApp-Image-2025-08-07-at-10.15.49-819x1024.jpeg\" alt=\"\" width=\"512\" height=\"640\" srcset=\"https:\/\/defensoriaparana.com.ar\/wp-content\/uploads\/2025\/08\/WhatsApp-Image-2025-08-07-at-10.15.49-819x1024.jpeg 819w, https:\/\/defensoriaparana.com.ar\/wp-content\/uploads\/2025\/08\/WhatsApp-Image-2025-08-07-at-10.15.49-240x300.jpeg 240w, https:\/\/defensoriaparana.com.ar\/wp-content\/uploads\/2025\/08\/WhatsApp-Image-2025-08-07-at-10.15.49-768x960.jpeg 768w, https:\/\/defensoriaparana.com.ar\/wp-content\/uploads\/2025\/08\/WhatsApp-Image-2025-08-07-at-10.15.49.jpeg 1080w\" sizes=\"(max-width: 512px) 100vw, 512px\" \/><img loading=\"lazy\" class=\"alignnone wp-image-6103 \" src=\"http:\/\/defensoriaparana.com.ar\/wp-content\/uploads\/2025\/08\/WhatsApp-Image-2025-08-07-at-10.16.31-819x1024.jpeg\" alt=\"\" width=\"512\" height=\"640\" srcset=\"https:\/\/defensoriaparana.com.ar\/wp-content\/uploads\/2025\/08\/WhatsApp-Image-2025-08-07-at-10.16.31-819x1024.jpeg 819w, https:\/\/defensoriaparana.com.ar\/wp-content\/uploads\/2025\/08\/WhatsApp-Image-2025-08-07-at-10.16.31-240x300.jpeg 240w, https:\/\/defensoriaparana.com.ar\/wp-content\/uploads\/2025\/08\/WhatsApp-Image-2025-08-07-at-10.16.31-768x960.jpeg 768w, https:\/\/defensoriaparana.com.ar\/wp-content\/uploads\/2025\/08\/WhatsApp-Image-2025-08-07-at-10.16.31.jpeg 1080w\" sizes=\"(max-width: 512px) 100vw, 512px\" \/><\/p>\n<p>Los interesados en participar pueden comunicarse a trav\u00e9s de las v\u00edas de contacto de la Defensor\u00eda del Pueblo de Paran\u00e1:<\/p>\n<p>4202322 y 08007771112, tel\u00e9fonos de l\u00ednea cuya atenci\u00f3n es de lunes a viernes de 7.30 a 13;<\/p>\n<p>por mensajes de texto y whatsapp, al 343 5346616 o por mail a defensoriaparana@gmail.com.<\/p>\n","protected":false},"excerpt":{"rendered":"<p>La Mesa de Pol\u00edticas P\u00fablicas sobre Personas Mayores re\u00fane a organizaciones, instituciones y \u00e1reas del Estado municipal y provincial que trabajan en tem\u00e1ticas concernientes a las personas mayores. Funciona desde 2021 en el \u00e1mbito de la Defensor\u00eda del Pueblo de Paran\u00e1, coordinada por la Defensora de los Derechos de las Personas Mayores, Ligia Blanco. Se [&hellip;]<\/p>\n","protected":false},"author":2,"featured_media":6104,"comment_status":"open","ping_status":"open","sticky":false,"template":"","format":"standard","meta":{"om_disable_all_campaigns":false,"_monsterinsights_skip_tracking":false,"_monsterinsights_sitenote_active":false,"_monsterinsights_sitenote_note":"","_monsterinsights_sitenote_category":0},"categories":[1],"tags":[],"_links":{"self":[{"href":"https:\/\/defensoriaparana.com.ar\/index.php\/wp-json\/wp\/v2\/posts\/6102"}],"collection":[{"href":"https:\/\/defensoriaparana.com.ar\/index.php\/wp-json\/wp\/v2\/posts"}],"about":[{"href":"https:\/\/defensoriaparana.com.ar\/index.php\/wp-json\/wp\/v2\/types\/post"}],"author":[{"embeddable":true,"href":"https:\/\/defensoriaparana.com.ar\/index.php\/wp-json\/wp\/v2\/users\/2"}],"replies":[{"embeddable":true,"href":"https:\/\/defensoriaparana.com.ar\/index.php\/wp-json\/wp\/v2\/comments?post=6102"}],"version-history":[{"count":1,"href":"https:\/\/defensoriaparana.com.ar\/index.php\/wp-json\/wp\/v2\/posts\/6102\/revisions"}],"predecessor-version":[{"id":6105,"href":"https:\/\/defensoriaparana.com.ar\/index.php\/wp-json\/wp\/v2\/posts\/6102\/revisions\/6105"}],"wp:featuredmedia":[{"embeddable":true,"href":"https:\/\/defensoriaparana.com.ar\/index.php\/wp-json\/wp\/v2\/media\/6104"}],"wp:attachment":[{"href":"https:\/\/defensoriaparana.com.ar\/index.php\/wp-json\/wp\/v2\/media?parent=6102"}],"wp:term":[{"taxonomy":"category","embeddable":true,"href":"https:\/\/defensoriaparana.com.ar\/index.php\/wp-json\/wp\/v2\/categories?post=6102"},{"taxonomy":"post_tag","embeddable":true,"href":"https:\/\/defensoriaparana.com.ar\/index.php\/wp-json\/wp\/v2\/tags?post=6102"}],"curies":[{"name":"wp","href":"https:\/\/api.w.org\/{rel}","templated":true}]}}