{"id":6118,"date":"2025-08-18T13:49:46","date_gmt":"2025-08-18T13:49:46","guid":{"rendered":"https:\/\/defensoriaparana.com.ar\/?p=6118"},"modified":"2025-08-19T15:01:29","modified_gmt":"2025-08-19T15:01:29","slug":"se-constituyo-el-foro-de-defensorias-del-pueblo-de-la-region-centro-y-parana-representa-a-la-ciudadania-entrerriana","status":"publish","type":"post","link":"https:\/\/defensoriaparana.com.ar\/index.php\/2025\/08\/18\/se-constituyo-el-foro-de-defensorias-del-pueblo-de-la-region-centro-y-parana-representa-a-la-ciudadania-entrerriana\/","title":{"rendered":"Se constituy\u00f3 el Foro de Defensor\u00edas del Pueblo de la Regi\u00f3n Centro y Paran\u00e1 representa a la ciudadan\u00eda entrerriana"},"content":{"rendered":"<p>En un encuentro realizado en la ciudad de Santa Fe, se rubric\u00f3 el acta fundacional del Foro de Defensor\u00edas del Pueblo de la Regi\u00f3n Centro, un espacio de integraci\u00f3n institucional que se propone la promoci\u00f3n y defensa de los derechos humanos y el federalismo.<\/p>\n<p>Las instituciones que integran el Foro, en esta primera etapa, son las Defensor\u00edas del Pueblo de Santa Fe y C\u00f3rdoba \u2013ambas de jurisdicci\u00f3n provincial- y la Defensor\u00eda de la Ciudad de Paran\u00e1, en representaci\u00f3n de la ciudadan\u00eda de Entre R\u00edos ante la falta de constituci\u00f3n del organismo en la provincia.<\/p>\n<p><img loading=\"lazy\" class=\"alignnone wp-image-6120 \" src=\"http:\/\/defensoriaparana.com.ar\/wp-content\/uploads\/2025\/08\/foro-defen.webp\" alt=\"\" width=\"658\" height=\"370\" srcset=\"https:\/\/defensoriaparana.com.ar\/wp-content\/uploads\/2025\/08\/foro-defen.webp 640w, https:\/\/defensoriaparana.com.ar\/wp-content\/uploads\/2025\/08\/foro-defen-300x169.webp 300w\" sizes=\"(max-width: 658px) 100vw, 658px\" \/><\/p>\n<p>La Defensora paranaense Marcia L\u00f3pez y sus pares de las provincias de Santa Fe y C\u00f3rdoba, Ar\u00edstides Lasarte y Miguel Galoppo, respectivamente, decidieron avanzar con el funcionamiento del \u00e1mbito que busca \u201creafirmar la importancia de fortalecer el trabajo conjunto y coordinado entre las jurisdicciones involucradas y promover la consolidaci\u00f3n institucional de un espacio integrado com\u00fan, en un marco de cooperaci\u00f3n y respeto por los derechos humanos\u201d.<\/p>\n<p>El Foro, que tiene como antecedente la constituci\u00f3n en 2005 de un Comit\u00e9 de instituciones protectoras de derechos de la regi\u00f3n, estar\u00e1 integrado por las Defensor\u00edas del Pueblo provinciales y municipales de C\u00f3rdoba, Santa Fe y Entre R\u00edos, donde funciona s\u00f3lo la de Paran\u00e1.<\/p>\n<p>El acto de r\u00fabrica, realizado el jueves 14 en la sede de la Universidad Nacional del Litoral (UNL), en el marco del 35 aniversario de la Defensor\u00eda de la Provincia de Santa Fe, cont\u00f3 con la presencia de autoridades de las tres provincias, entre ellas Jorge Chemes, titular de la Regi\u00f3n Centro por Entre R\u00edos, Claudia Giaccone coordinadora de la Regi\u00f3n Centro por Santa Fe y la Defensora del Pueblo Adjunta de Paran\u00e1, Cecilia Pautaso. Tambi\u00e9n estuvieron presentes la presidenta de la Federaci\u00f3n Iberoamericana del Ombudsperson (FIO), Raquel Caballero de Guevara, y la presidenta del Instituto Latinoamericano del Ombudsman (ILO), Amelia L\u00f3pez Loforte.<\/p>\n<p><strong>&#8220;Hecho hist\u00f3rico&#8221;<\/strong><\/p>\n<p>\u201cEs un avance muy importante y un hecho hist\u00f3rico para nuestra regi\u00f3n, ya que se institucionaliza un espacio de defensa y de promoci\u00f3n conjunta de los derechos ciudadanos\u201d, dijo la Defensora de Paran\u00e1, quien fue elegida para ocupar la Vicepresidencia del Foro. La presidencia la ejercer\u00e1 Miguel Galoppo (C\u00f3rdoba) y la Vicepresidencia segunda, Ar\u00edstides Lasarte (Santa Fe).<\/p>\n<p><img loading=\"lazy\" class=\"alignnone wp-image-6124 size-large\" src=\"http:\/\/defensoriaparana.com.ar\/wp-content\/uploads\/2025\/08\/WhatsApp-Image-2025-08-18-at-10.31.17-1024x682.jpeg\" alt=\"\" width=\"960\" height=\"639\" srcset=\"https:\/\/defensoriaparana.com.ar\/wp-content\/uploads\/2025\/08\/WhatsApp-Image-2025-08-18-at-10.31.17-1024x682.jpeg 1024w, https:\/\/defensoriaparana.com.ar\/wp-content\/uploads\/2025\/08\/WhatsApp-Image-2025-08-18-at-10.31.17-300x200.jpeg 300w, https:\/\/defensoriaparana.com.ar\/wp-content\/uploads\/2025\/08\/WhatsApp-Image-2025-08-18-at-10.31.17-768x512.jpeg 768w, https:\/\/defensoriaparana.com.ar\/wp-content\/uploads\/2025\/08\/WhatsApp-Image-2025-08-18-at-10.31.17-1536x1023.jpeg 1536w, https:\/\/defensoriaparana.com.ar\/wp-content\/uploads\/2025\/08\/WhatsApp-Image-2025-08-18-at-10.31.17.jpeg 1600w\" sizes=\"(max-width: 960px) 100vw, 960px\" \/><\/p>\n<p>Marcia L\u00f3pez remarc\u00f3 que desde el Foro se acentuar\u00e1 la misi\u00f3n de las Defensor\u00edas del Pueblo, de fortalecer el sistema democr\u00e1tico y el respeto y vigencia plena del Estado de Derecho, y se impulsar\u00e1 la integraci\u00f3n regional desde una perspectiva de derechos, entre otras acciones.<\/p>\n<p><img loading=\"lazy\" class=\"alignnone wp-image-6125 size-large\" src=\"http:\/\/defensoriaparana.com.ar\/wp-content\/uploads\/2025\/08\/WhatsApp-Image-2025-08-18-at-10.05.42-1024x461.jpeg\" alt=\"\" width=\"960\" height=\"432\" srcset=\"https:\/\/defensoriaparana.com.ar\/wp-content\/uploads\/2025\/08\/WhatsApp-Image-2025-08-18-at-10.05.42-1024x461.jpeg 1024w, https:\/\/defensoriaparana.com.ar\/wp-content\/uploads\/2025\/08\/WhatsApp-Image-2025-08-18-at-10.05.42-300x135.jpeg 300w, https:\/\/defensoriaparana.com.ar\/wp-content\/uploads\/2025\/08\/WhatsApp-Image-2025-08-18-at-10.05.42-768x346.jpeg 768w, https:\/\/defensoriaparana.com.ar\/wp-content\/uploads\/2025\/08\/WhatsApp-Image-2025-08-18-at-10.05.42-1536x691.jpeg 1536w, https:\/\/defensoriaparana.com.ar\/wp-content\/uploads\/2025\/08\/WhatsApp-Image-2025-08-18-at-10.05.42.jpeg 1600w\" sizes=\"(max-width: 960px) 100vw, 960px\" \/> <img loading=\"lazy\" class=\"alignnone wp-image-6126 size-large\" src=\"http:\/\/defensoriaparana.com.ar\/wp-content\/uploads\/2025\/08\/WhatsApp-Image-2025-08-18-at-10.04.05-1024x461.jpeg\" alt=\"\" width=\"960\" height=\"432\" srcset=\"https:\/\/defensoriaparana.com.ar\/wp-content\/uploads\/2025\/08\/WhatsApp-Image-2025-08-18-at-10.04.05-1024x461.jpeg 1024w, https:\/\/defensoriaparana.com.ar\/wp-content\/uploads\/2025\/08\/WhatsApp-Image-2025-08-18-at-10.04.05-300x135.jpeg 300w, https:\/\/defensoriaparana.com.ar\/wp-content\/uploads\/2025\/08\/WhatsApp-Image-2025-08-18-at-10.04.05-768x346.jpeg 768w, https:\/\/defensoriaparana.com.ar\/wp-content\/uploads\/2025\/08\/WhatsApp-Image-2025-08-18-at-10.04.05.jpeg 1280w\" sizes=\"(max-width: 960px) 100vw, 960px\" \/><\/p>\n<p><strong>Sin Defensor\u00eda en Entre R\u00edos<\/strong><\/p>\n<p>Sobre la participaci\u00f3n de la instituci\u00f3n de Paran\u00e1, el acta constitutiva del Foro aclara que es en representaci\u00f3n de la provincia de Entre R\u00edos, \u201ccuya Defensor\u00eda provincial nunca fue puesta en funcionamiento y en la que solo existe la de la capital\u201d, consigna.<\/p>\n<p>Al respecto, otro de los objetivos propuestos en el espacio consiste en impulsar \u201cacciones tendientes a la creaci\u00f3n y funcionamiento efectivo de Defensor\u00edas del Pueblo en aquellos \u00e1mbitos territoriales de la Regi\u00f3n donde a\u00fan no est\u00e9n establecidas o no se encuentren operativas\u201d.<\/p>\n<p>En el caso de Entre R\u00edos, la Defensor\u00eda del Pueblo provincial fue instituida en la Constituci\u00f3n provincial en 2008 y desde entonces est\u00e1 pendiente su conformaci\u00f3n.<\/p>\n<p>&nbsp;<\/p>\n<p><strong>Im\u00e1genes:\u00a0Gentileza Defensor\u00eda del Pueblo de la Provincia de Santa Fe.\u00a0<\/strong><\/p>\n","protected":false},"excerpt":{"rendered":"<p>En un encuentro realizado en la ciudad de Santa Fe, se rubric\u00f3 el acta fundacional del Foro de Defensor\u00edas del Pueblo de la Regi\u00f3n Centro, un espacio de integraci\u00f3n institucional que se propone la promoci\u00f3n y defensa de los derechos humanos y el federalismo. Las instituciones que integran el Foro, en esta primera etapa, son [&hellip;]<\/p>\n","protected":false},"author":2,"featured_media":6131,"comment_status":"open","ping_status":"open","sticky":false,"template":"","format":"standard","meta":{"om_disable_all_campaigns":false,"_monsterinsights_skip_tracking":false,"_monsterinsights_sitenote_active":false,"_monsterinsights_sitenote_note":"","_monsterinsights_sitenote_category":0},"categories":[14,1],"tags":[],"_links":{"self":[{"href":"https:\/\/defensoriaparana.com.ar\/index.php\/wp-json\/wp\/v2\/posts\/6118"}],"collection":[{"href":"https:\/\/defensoriaparana.com.ar\/index.php\/wp-json\/wp\/v2\/posts"}],"about":[{"href":"https:\/\/defensoriaparana.com.ar\/index.php\/wp-json\/wp\/v2\/types\/post"}],"author":[{"embeddable":true,"href":"https:\/\/defensoriaparana.com.ar\/index.php\/wp-json\/wp\/v2\/users\/2"}],"replies":[{"embeddable":true,"href":"https:\/\/defensoriaparana.com.ar\/index.php\/wp-json\/wp\/v2\/comments?post=6118"}],"version-history":[{"count":6,"href":"https:\/\/defensoriaparana.com.ar\/index.php\/wp-json\/wp\/v2\/posts\/6118\/revisions"}],"predecessor-version":[{"id":6136,"href":"https:\/\/defensoriaparana.com.ar\/index.php\/wp-json\/wp\/v2\/posts\/6118\/revisions\/6136"}],"wp:featuredmedia":[{"embeddable":true,"href":"https:\/\/defensoriaparana.com.ar\/index.php\/wp-json\/wp\/v2\/media\/6131"}],"wp:attachment":[{"href":"https:\/\/defensoriaparana.com.ar\/index.php\/wp-json\/wp\/v2\/media?parent=6118"}],"wp:term":[{"taxonomy":"category","embeddable":true,"href":"https:\/\/defensoriaparana.com.ar\/index.php\/wp-json\/wp\/v2\/categories?post=6118"},{"taxonomy":"post_tag","embeddable":true,"href":"https:\/\/defensoriaparana.com.ar\/index.php\/wp-json\/wp\/v2\/tags?post=6118"}],"curies":[{"name":"wp","href":"https:\/\/api.w.org\/{rel}","templated":true}]}}