{"id":6137,"date":"2025-08-22T14:55:08","date_gmt":"2025-08-22T14:55:08","guid":{"rendered":"https:\/\/defensoriaparana.com.ar\/?p=6137"},"modified":"2025-08-22T15:00:58","modified_gmt":"2025-08-22T15:00:58","slug":"la-defensoria-del-pueblo-participo-del-congreso-regional-de-gestion-comunitaria","status":"publish","type":"post","link":"https:\/\/defensoriaparana.com.ar\/index.php\/2025\/08\/22\/la-defensoria-del-pueblo-participo-del-congreso-regional-de-gestion-comunitaria\/","title":{"rendered":"La Defensor\u00eda del Pueblo particip\u00f3 del Congreso Regional de Gesti\u00f3n Comunitaria"},"content":{"rendered":"<p>Ante el trabajo en mediaci\u00f3n comunitaria y las permanentes relaciones con organizaciones barriales, la Defensor\u00eda del Pueblo de Paran\u00e1 fue invitada a participar del 1er. Congreso Regional de Gesti\u00f3n Comunitaria: Redes en acci\u00f3n. Empez\u00f3 el jueves, sigue el viernes, e incluye paneles, exposiciones de especialistas y mesas tem\u00e1ticas.<\/p>\n<p>La Defensora Marcia L\u00f3pez acompa\u00f1\u00f3 las actividades iniciales y la titular del Centro de Mediaci\u00f3n de la instituci\u00f3n, Irina Chausovsky, coordin\u00f3 una de las mesas de trabajo previstas para abordar una variedad de temas relacionados al objetivo del Congreso: generar un espacio \u201cde formaci\u00f3n e intercambio orientado a fortalecer el trabajo en red y la gesti\u00f3n colaborativa en el territorio\u201d.<\/p>\n<p><img loading=\"lazy\" class=\"alignnone wp-image-6141 \" src=\"http:\/\/defensoriaparana.com.ar\/wp-content\/uploads\/2025\/08\/Mesa-de-trabajo-1.jpeg\" alt=\"\" width=\"349\" height=\"473\" srcset=\"https:\/\/defensoriaparana.com.ar\/wp-content\/uploads\/2025\/08\/Mesa-de-trabajo-1.jpeg 678w, https:\/\/defensoriaparana.com.ar\/wp-content\/uploads\/2025\/08\/Mesa-de-trabajo-1-221x300.jpeg 221w\" sizes=\"(max-width: 349px) 100vw, 349px\" \/><img loading=\"lazy\" class=\"alignnone wp-image-6140 \" src=\"http:\/\/defensoriaparana.com.ar\/wp-content\/uploads\/2025\/08\/Mesa-de-trabajo-2.jpeg\" alt=\"\" width=\"337\" height=\"475\" srcset=\"https:\/\/defensoriaparana.com.ar\/wp-content\/uploads\/2025\/08\/Mesa-de-trabajo-2.jpeg 519w, https:\/\/defensoriaparana.com.ar\/wp-content\/uploads\/2025\/08\/Mesa-de-trabajo-2-213x300.jpeg 213w\" sizes=\"(max-width: 337px) 100vw, 337px\" \/><img loading=\"lazy\" class=\"alignnone wp-image-6138 \" src=\"http:\/\/defensoriaparana.com.ar\/wp-content\/uploads\/2025\/08\/Mesa-de-trabajo-que-va-1024x630.jpeg\" alt=\"\" width=\"768\" height=\"473\" srcset=\"https:\/\/defensoriaparana.com.ar\/wp-content\/uploads\/2025\/08\/Mesa-de-trabajo-que-va-1024x630.jpeg 1024w, https:\/\/defensoriaparana.com.ar\/wp-content\/uploads\/2025\/08\/Mesa-de-trabajo-que-va-300x185.jpeg 300w, https:\/\/defensoriaparana.com.ar\/wp-content\/uploads\/2025\/08\/Mesa-de-trabajo-que-va-768x473.jpeg 768w, https:\/\/defensoriaparana.com.ar\/wp-content\/uploads\/2025\/08\/Mesa-de-trabajo-que-va.jpeg 1128w\" sizes=\"(max-width: 768px) 100vw, 768px\" \/><\/p>\n<p>Conflictos y mediaci\u00f3n comunitaria fue el tema de la mesa que gui\u00f3 Irina Chausovsky, junto a la co coordinadora Valentina Bel\u00e9n Escobar, de la Facultad de Trabajo Social (UNER). Tras una introducci\u00f3n respecto del rol de la Defensor\u00eda del Pueblo y su vasta labor en temas comunitarios, las participantes, ubicadas en ronda, comenzaron a trabajar en base a un caso testigo, que en esta mesa se refiri\u00f3 a cuestiones vecinales, como los problemas generados por la basura, las consecuencias en un arroyo y la falta de contenedores adecuados, entre otras. Se analiz\u00f3 la situaci\u00f3n desde distintos saberes, experiencias y el trabajo en territorio de las participantes, aportando conceptos desde el abordaje pac\u00edfico de conflictos para sumar reflexiones a la pr\u00e1ctica.<\/p>\n<p>La Municipalidad de Paran\u00e1, junto a la Facultad de Trabajo Social (UNER) y redes comunitarias de la ciudad, tuvieron a cargo la organizaci\u00f3n.<\/p>\n","protected":false},"excerpt":{"rendered":"<p>Ante el trabajo en mediaci\u00f3n comunitaria y las permanentes relaciones con organizaciones barriales, la Defensor\u00eda del Pueblo de Paran\u00e1 fue invitada a participar del 1er. Congreso Regional de Gesti\u00f3n Comunitaria: Redes en acci\u00f3n. Empez\u00f3 el jueves, sigue el viernes, e incluye paneles, exposiciones de especialistas y mesas tem\u00e1ticas. La Defensora Marcia L\u00f3pez acompa\u00f1\u00f3 las actividades [&hellip;]<\/p>\n","protected":false},"author":2,"featured_media":6144,"comment_status":"open","ping_status":"open","sticky":false,"template":"","format":"standard","meta":{"om_disable_all_campaigns":false,"_monsterinsights_skip_tracking":false,"_monsterinsights_sitenote_active":false,"_monsterinsights_sitenote_note":"","_monsterinsights_sitenote_category":0},"categories":[1],"tags":[],"_links":{"self":[{"href":"https:\/\/defensoriaparana.com.ar\/index.php\/wp-json\/wp\/v2\/posts\/6137"}],"collection":[{"href":"https:\/\/defensoriaparana.com.ar\/index.php\/wp-json\/wp\/v2\/posts"}],"about":[{"href":"https:\/\/defensoriaparana.com.ar\/index.php\/wp-json\/wp\/v2\/types\/post"}],"author":[{"embeddable":true,"href":"https:\/\/defensoriaparana.com.ar\/index.php\/wp-json\/wp\/v2\/users\/2"}],"replies":[{"embeddable":true,"href":"https:\/\/defensoriaparana.com.ar\/index.php\/wp-json\/wp\/v2\/comments?post=6137"}],"version-history":[{"count":1,"href":"https:\/\/defensoriaparana.com.ar\/index.php\/wp-json\/wp\/v2\/posts\/6137\/revisions"}],"predecessor-version":[{"id":6142,"href":"https:\/\/defensoriaparana.com.ar\/index.php\/wp-json\/wp\/v2\/posts\/6137\/revisions\/6142"}],"wp:featuredmedia":[{"embeddable":true,"href":"https:\/\/defensoriaparana.com.ar\/index.php\/wp-json\/wp\/v2\/media\/6144"}],"wp:attachment":[{"href":"https:\/\/defensoriaparana.com.ar\/index.php\/wp-json\/wp\/v2\/media?parent=6137"}],"wp:term":[{"taxonomy":"category","embeddable":true,"href":"https:\/\/defensoriaparana.com.ar\/index.php\/wp-json\/wp\/v2\/categories?post=6137"},{"taxonomy":"post_tag","embeddable":true,"href":"https:\/\/defensoriaparana.com.ar\/index.php\/wp-json\/wp\/v2\/tags?post=6137"}],"curies":[{"name":"wp","href":"https:\/\/api.w.org\/{rel}","templated":true}]}}