{"id":6149,"date":"2025-09-02T11:41:52","date_gmt":"2025-09-02T11:41:52","guid":{"rendered":"https:\/\/defensoriaparana.com.ar\/?p=6149"},"modified":"2025-09-02T11:45:07","modified_gmt":"2025-09-02T11:45:07","slug":"reunion-de-defensorias-del-pueblo-del-pais-parana-presento-la-situacion-de-titulares-de-pensiones-no-contributivas-y-el-foro-de-la-region-centro","status":"publish","type":"post","link":"https:\/\/defensoriaparana.com.ar\/index.php\/2025\/09\/02\/reunion-de-defensorias-del-pueblo-del-pais-parana-presento-la-situacion-de-titulares-de-pensiones-no-contributivas-y-el-foro-de-la-region-centro\/","title":{"rendered":"Reuni\u00f3n de Defensor\u00edas del Pueblo del pa\u00eds: Paran\u00e1 present\u00f3 la situaci\u00f3n de titulares de Pensiones No Contributivas y el Foro de la Regi\u00f3n Centro"},"content":{"rendered":"<p>La Defensora del Pueblo de Paran\u00e1, Marcia L\u00f3pez, asisti\u00f3 al III Plenario de Adpra, en el que particip\u00f3 de la presentaci\u00f3n del Foro de Defensor\u00edas del Pueblo de la Regi\u00f3n Centro ante sus pares de todo el pa\u00eds y manifest\u00f3 la preocupaci\u00f3n por las Pensiones No Contributivas en base a casos de Entre R\u00edos.\u00a0 tema sobre el que se intercambi\u00f3 informaci\u00f3n respecto a lo ocurrido en otras provincias y respecto a los pasos a seguir para reclamar que se restablezcan los derechos vulnerados de los titulares a quienes se le dio de baja el beneficio.<\/p>\n<p><img loading=\"lazy\" class=\"alignnone wp-image-6151 \" src=\"http:\/\/defensoriaparana.com.ar\/wp-content\/uploads\/2025\/09\/WhatsApp-Image-2025-08-29-at-10.19.17-768x1024.jpeg\" alt=\"\" width=\"515\" height=\"686\" srcset=\"https:\/\/defensoriaparana.com.ar\/wp-content\/uploads\/2025\/09\/WhatsApp-Image-2025-08-29-at-10.19.17-768x1024.jpeg 768w, https:\/\/defensoriaparana.com.ar\/wp-content\/uploads\/2025\/09\/WhatsApp-Image-2025-08-29-at-10.19.17-225x300.jpeg 225w, https:\/\/defensoriaparana.com.ar\/wp-content\/uploads\/2025\/09\/WhatsApp-Image-2025-08-29-at-10.19.17-1152x1536.jpeg 1152w, https:\/\/defensoriaparana.com.ar\/wp-content\/uploads\/2025\/09\/WhatsApp-Image-2025-08-29-at-10.19.17.jpeg 1200w\" sizes=\"(max-width: 515px) 100vw, 515px\" \/><img loading=\"lazy\" class=\"alignnone wp-image-6153 \" src=\"http:\/\/defensoriaparana.com.ar\/wp-content\/uploads\/2025\/09\/WhatsApp-Image-2025-08-29-at-10.19.15-768x1024.jpeg\" alt=\"\" width=\"514\" height=\"686\" srcset=\"https:\/\/defensoriaparana.com.ar\/wp-content\/uploads\/2025\/09\/WhatsApp-Image-2025-08-29-at-10.19.15-768x1024.jpeg 768w, https:\/\/defensoriaparana.com.ar\/wp-content\/uploads\/2025\/09\/WhatsApp-Image-2025-08-29-at-10.19.15-225x300.jpeg 225w, https:\/\/defensoriaparana.com.ar\/wp-content\/uploads\/2025\/09\/WhatsApp-Image-2025-08-29-at-10.19.15-1152x1536.jpeg 1152w, https:\/\/defensoriaparana.com.ar\/wp-content\/uploads\/2025\/09\/WhatsApp-Image-2025-08-29-at-10.19.15.jpeg 1200w\" sizes=\"(max-width: 514px) 100vw, 514px\" \/><br \/>\nEn el encuentro, realizado el 28 y 29 de agosto en Mar del Plata, se avanz\u00f3, en sesi\u00f3n extraordinaria, sobre la reforma del estatuto de la Asociaci\u00f3n de Defensores y Defensoras del Pueblo de la Rep\u00fablica Argentina (Adpra). Tambi\u00e9n, se trabaj\u00f3 en torno a la propuesta de lograr una organizaci\u00f3n de las Defensor\u00edas del Pueblo de acuerdo a las distintas regiones del pa\u00eds.<br \/>\nEn sinton\u00eda con este \u00faltimo punto, Marcia L\u00f3pez \u2013junto a sus pares de la provincia de C\u00f3rdoba, Carlos Galoppo, y de Santa, Estanislao Parre\u00f1o (Defensor Adjunto) \u2013 se refirieron a la reciente conformaci\u00f3n del Foro que agrupa a las Defensor\u00edas del Pueblo de las tres provincias. Paran\u00e1, en este caso, representa a la ciudadan\u00eda de Entre R\u00edos ante la falta de una Defensor\u00eda del Pueblo provincial.<\/p>\n<p><strong>Andis y las Pensiones No Contributivas<\/strong><\/p>\n<p>A propuesta de Paran\u00e1, el Plenario abord\u00f3 la situaci\u00f3n generada en las provincias a partir de las auditor\u00edas realizadas por la Administraci\u00f3n Nacional de Discapacidad (Andis) a titulares de Pensiones No Contributivas por Invalidez Laboral. En base a casos trabajados en la Defensor\u00eda de Paran\u00e1 provenientes de la ciudad y de distintas localidades de la provincia, se plante\u00f3 la situaci\u00f3n de personas que no recibieron la citaci\u00f3n de Andis, que intentaron comunicarse v\u00eda mail \u2013tal como se especifica desde el organismo nacional-, pero no recibieran respuesta. Otros, que sin llegarle la convocatoria a asistir a la auditor\u00eda, les fue cortado la pensi\u00f3n.<br \/>\nEntre otros temas, los Defensores analizaron adem\u00e1s instar al Gobierno Nacional por el urgente restablecimiento y\/ u optimizaci\u00f3n funcional de los organismos de control p\u00fablico, a efectos de preservar derechos y garant\u00edas de usuarios y consumidores; el estado de las rutas nacionales, el aumento de siniestros viales y la ausencia de obras nuevas esenciales en pliegos licitatorios, y el tema digital y su impacto en ni\u00f1os, ni\u00f1as y adolescentes.<\/p>\n<p><img loading=\"lazy\" class=\"alignnone wp-image-6150 \" src=\"http:\/\/defensoriaparana.com.ar\/wp-content\/uploads\/2025\/09\/WhatsApp-Image-2025-08-29-at-10.19.32-1024x430.jpeg\" alt=\"\" width=\"1186\" height=\"498\" srcset=\"https:\/\/defensoriaparana.com.ar\/wp-content\/uploads\/2025\/09\/WhatsApp-Image-2025-08-29-at-10.19.32-1024x430.jpeg 1024w, https:\/\/defensoriaparana.com.ar\/wp-content\/uploads\/2025\/09\/WhatsApp-Image-2025-08-29-at-10.19.32-300x126.jpeg 300w, https:\/\/defensoriaparana.com.ar\/wp-content\/uploads\/2025\/09\/WhatsApp-Image-2025-08-29-at-10.19.32-768x323.jpeg 768w, https:\/\/defensoriaparana.com.ar\/wp-content\/uploads\/2025\/09\/WhatsApp-Image-2025-08-29-at-10.19.32-1536x645.jpeg 1536w, https:\/\/defensoriaparana.com.ar\/wp-content\/uploads\/2025\/09\/WhatsApp-Image-2025-08-29-at-10.19.32.jpeg 1600w\" sizes=\"(max-width: 1186px) 100vw, 1186px\" \/><\/p>\n","protected":false},"excerpt":{"rendered":"<p>La Defensora del Pueblo de Paran\u00e1, Marcia L\u00f3pez, asisti\u00f3 al III Plenario de Adpra, en el que particip\u00f3 de la presentaci\u00f3n del Foro de Defensor\u00edas del Pueblo de la Regi\u00f3n Centro ante sus pares de todo el pa\u00eds y manifest\u00f3 la preocupaci\u00f3n por las Pensiones No Contributivas en base a casos de Entre R\u00edos.\u00a0 tema [&hellip;]<\/p>\n","protected":false},"author":2,"featured_media":6154,"comment_status":"open","ping_status":"open","sticky":false,"template":"","format":"standard","meta":{"om_disable_all_campaigns":false,"_monsterinsights_skip_tracking":false,"_monsterinsights_sitenote_active":false,"_monsterinsights_sitenote_note":"","_monsterinsights_sitenote_category":0},"categories":[14],"tags":[],"_links":{"self":[{"href":"https:\/\/defensoriaparana.com.ar\/index.php\/wp-json\/wp\/v2\/posts\/6149"}],"collection":[{"href":"https:\/\/defensoriaparana.com.ar\/index.php\/wp-json\/wp\/v2\/posts"}],"about":[{"href":"https:\/\/defensoriaparana.com.ar\/index.php\/wp-json\/wp\/v2\/types\/post"}],"author":[{"embeddable":true,"href":"https:\/\/defensoriaparana.com.ar\/index.php\/wp-json\/wp\/v2\/users\/2"}],"replies":[{"embeddable":true,"href":"https:\/\/defensoriaparana.com.ar\/index.php\/wp-json\/wp\/v2\/comments?post=6149"}],"version-history":[{"count":4,"href":"https:\/\/defensoriaparana.com.ar\/index.php\/wp-json\/wp\/v2\/posts\/6149\/revisions"}],"predecessor-version":[{"id":6158,"href":"https:\/\/defensoriaparana.com.ar\/index.php\/wp-json\/wp\/v2\/posts\/6149\/revisions\/6158"}],"wp:featuredmedia":[{"embeddable":true,"href":"https:\/\/defensoriaparana.com.ar\/index.php\/wp-json\/wp\/v2\/media\/6154"}],"wp:attachment":[{"href":"https:\/\/defensoriaparana.com.ar\/index.php\/wp-json\/wp\/v2\/media?parent=6149"}],"wp:term":[{"taxonomy":"category","embeddable":true,"href":"https:\/\/defensoriaparana.com.ar\/index.php\/wp-json\/wp\/v2\/categories?post=6149"},{"taxonomy":"post_tag","embeddable":true,"href":"https:\/\/defensoriaparana.com.ar\/index.php\/wp-json\/wp\/v2\/tags?post=6149"}],"curies":[{"name":"wp","href":"https:\/\/api.w.org\/{rel}","templated":true}]}}