{"id":6168,"date":"2025-09-09T15:50:30","date_gmt":"2025-09-09T15:50:30","guid":{"rendered":"https:\/\/defensoriaparana.com.ar\/?p=6168"},"modified":"2025-09-10T11:44:28","modified_gmt":"2025-09-10T11:44:28","slug":"la-defensora-marcia-lopez-expuso-en-una-catedra-de-uader","status":"publish","type":"post","link":"https:\/\/defensoriaparana.com.ar\/index.php\/2025\/09\/09\/la-defensora-marcia-lopez-expuso-en-una-catedra-de-uader\/","title":{"rendered":"La Defensora Marcia L\u00f3pez expuso en una c\u00e1tedra de Uader"},"content":{"rendered":"<p>La Defensora del Pueblo de Paran\u00e1, Marcia L\u00f3pez, fue invitada a participar de la c\u00e1tedra Pol\u00edticas P\u00fablicas de la Facultad de Ciencias de la Gesti\u00f3n (FCG), de la Universidad Aut\u00f3noma de Entre R\u00edos (Uader). En el marco de un conversatorio que incluy\u00f3 a estudiantes y docentes, Marcia L\u00f3pez se refiri\u00f3 a la Defensor\u00eda del Pueblo, como instituci\u00f3n de la democracia, a los or\u00edgenes en el caso de Paran\u00e1, a su funci\u00f3n y alcance. Tambi\u00e9n, a los principales temas de consulta y reclamo de la ciudadan\u00eda y al trabajo de la instituci\u00f3n en la comunidad y en el \u00e1mbito regional y nacional. Su participaci\u00f3n fue de manera virtual.<\/p>\n<p>La invitaci\u00f3n abarca tambi\u00e9n una segunda participaci\u00f3n, en octubre, en otra c\u00e1tedra. En este caso, ser\u00e1 en la Facultad de Humanidades, Arte y Ciencias Sociales (FHACS).<\/p>\n","protected":false},"excerpt":{"rendered":"<p>La Defensora del Pueblo de Paran\u00e1, Marcia L\u00f3pez, fue invitada a participar de la c\u00e1tedra Pol\u00edticas P\u00fablicas de la Facultad de Ciencias de la Gesti\u00f3n (FCG), de la Universidad Aut\u00f3noma de Entre R\u00edos (Uader). En el marco de un conversatorio que incluy\u00f3 a estudiantes y docentes, Marcia L\u00f3pez se refiri\u00f3 a la Defensor\u00eda del Pueblo, [&hellip;]<\/p>\n","protected":false},"author":2,"featured_media":6172,"comment_status":"open","ping_status":"open","sticky":false,"template":"","format":"standard","meta":{"om_disable_all_campaigns":false,"_monsterinsights_skip_tracking":false,"_monsterinsights_sitenote_active":false,"_monsterinsights_sitenote_note":"","_monsterinsights_sitenote_category":0},"categories":[1],"tags":[],"_links":{"self":[{"href":"https:\/\/defensoriaparana.com.ar\/index.php\/wp-json\/wp\/v2\/posts\/6168"}],"collection":[{"href":"https:\/\/defensoriaparana.com.ar\/index.php\/wp-json\/wp\/v2\/posts"}],"about":[{"href":"https:\/\/defensoriaparana.com.ar\/index.php\/wp-json\/wp\/v2\/types\/post"}],"author":[{"embeddable":true,"href":"https:\/\/defensoriaparana.com.ar\/index.php\/wp-json\/wp\/v2\/users\/2"}],"replies":[{"embeddable":true,"href":"https:\/\/defensoriaparana.com.ar\/index.php\/wp-json\/wp\/v2\/comments?post=6168"}],"version-history":[{"count":1,"href":"https:\/\/defensoriaparana.com.ar\/index.php\/wp-json\/wp\/v2\/posts\/6168\/revisions"}],"predecessor-version":[{"id":6170,"href":"https:\/\/defensoriaparana.com.ar\/index.php\/wp-json\/wp\/v2\/posts\/6168\/revisions\/6170"}],"wp:featuredmedia":[{"embeddable":true,"href":"https:\/\/defensoriaparana.com.ar\/index.php\/wp-json\/wp\/v2\/media\/6172"}],"wp:attachment":[{"href":"https:\/\/defensoriaparana.com.ar\/index.php\/wp-json\/wp\/v2\/media?parent=6168"}],"wp:term":[{"taxonomy":"category","embeddable":true,"href":"https:\/\/defensoriaparana.com.ar\/index.php\/wp-json\/wp\/v2\/categories?post=6168"},{"taxonomy":"post_tag","embeddable":true,"href":"https:\/\/defensoriaparana.com.ar\/index.php\/wp-json\/wp\/v2\/tags?post=6168"}],"curies":[{"name":"wp","href":"https:\/\/api.w.org\/{rel}","templated":true}]}}