{"id":6173,"date":"2025-09-12T12:33:42","date_gmt":"2025-09-12T12:33:42","guid":{"rendered":"https:\/\/defensoriaparana.com.ar\/?p=6173"},"modified":"2025-09-12T14:08:51","modified_gmt":"2025-09-12T14:08:51","slug":"auditorias-de-andis-en-parana-se-presento-una-denuncia-ante-la-justicia-federal-para-que-se-investigue-un-presunto-hecho-delictivo","status":"publish","type":"post","link":"https:\/\/defensoriaparana.com.ar\/index.php\/2025\/09\/12\/auditorias-de-andis-en-parana-se-presento-una-denuncia-ante-la-justicia-federal-para-que-se-investigue-un-presunto-hecho-delictivo\/","title":{"rendered":"Auditor\u00edas de Andis en Paran\u00e1: se present\u00f3 una denuncia ante la Justicia para que se investigue un presunto hecho delictivo"},"content":{"rendered":"<p>Instituciones, entre ellas la Defensor\u00eda del Pueblo de Paran\u00e1, organizaciones provinciales y personas vinculadas a \u00e1reas sociales locales, presentaron el jueves 11 de septiembre una denuncia ante la Justicia Federal con el fin de que se investigue \u201cun hecho presuntamente delictivo\u201d referido al proceso de auditor\u00edas a titulares de Pensiones No Contributivas por invalidez laboral, realizado en la ciudad por la Agencia Nacional de Discapacidad (Andis), entre el 1 y el 8 de agosto pasado.<\/p>\n<p>La presentaci\u00f3n se basa en que personas -de Paran\u00e1 y localidades vecinas- que concurrieron a dicha convocatoria recibieron \u2013por parte de los responsables de las auditor\u00edas- un documento denominado \u201cConstancia de asistencia a evaluaci\u00f3n Andis\u201d con la firma escaneada y un sello con un n\u00famero de matr\u00edcula ilegible de un profesional de la medicina, quien hab\u00eda advertido p\u00fablicamente en agosto respecto de la falsificaci\u00f3n de su identidad en auditor\u00edas de pensiones por discapacidad en la provincia de Misiones.<\/p>\n<p>La denuncia, presentada este jueves ante la Fiscal\u00eda de turno con sede en Paran\u00e1, menciona medios period\u00edsticos (Clar\u00edn y Perfil con sus respectivos links), cuyas publicaciones dan cuenta de que el profesional que aparece firmando las constancias -un m\u00e9dico cardi\u00f3logo de Pergamino (Bs. As)- afirma no tener ning\u00fan v\u00ednculo con la Andis y advierte sobre la utilizaci\u00f3n de sus datos.<\/p>\n<p>La presentaci\u00f3n judicial fue realizada por: Mart\u00edn Cabrera, Secretario Ejecutivo del \u00d3rgano de Revisi\u00f3n de Salud Mental Ministerio P\u00fablico de la Defensa; Marcia L\u00f3pez, Defensora del Pueblo de la Ciudad de Paran\u00e1; Lic. Sandra Salina, representante ante Consejo Federal de Discapacidad por Entre R\u00edos; Cristina Ripari, Directora de Pol\u00edticas de Integraci\u00f3n y Discapacidad de la Municipalidad de Paran\u00e1; Lic Delfina Recalde, Dra. Sol Boyekens y Lic. Yasna Hamann, profesionales del \u00c1rea de Trabajo Social del Hospital Escuela de Salud Mental de Entre R\u00edos; Lic. Luisina Franco Mangioni, T.S. equipo t\u00e9cnico ORSMER, y la Coordinaci\u00f3n del Instituto Provincial de Discapacidad.<\/p>\n<p>Los denunciantes, integrantes de instituciones, organizaciones y distintas \u00e1reas locales y provinciales, brindaron orientaci\u00f3n y acompa\u00f1aron a titulares de PNC, \u201crealizando acciones para apoyar y generar condiciones de accesibilidad a las personas con discapacidad y sus familias en el cumplimiento del tr\u00e1mite\u201d debido a que, de lo contrario, \u201cse sanciona con la p\u00e9rdida del beneficio de la pensi\u00f3n y con exclusi\u00f3n del programa Incluir Salud (cobertura en salud)\u201d, consigna en el documento.<\/p>\n<p>Seguidamente, detallan que la convocatoria reuni\u00f3 una gran cantidad de personas del departamento Paran\u00e1, en oficinas montadas en el centro de la ciudad, y la atenci\u00f3n estuvo a cargo de j\u00f3venes que \u201cdijeron pertenecer a una consultora contratada por Andis\u201d, que \u201cno eran profesionales de la medicina\u201d y que \u201cs\u00f3lo se encargaban de registrar los datos filiatorios y los diagn\u00f3sticos de los beneficiarios que hab\u00edan sido convocados\u201d. Esta etapa conclu\u00eda con la emisi\u00f3n de la \u201cConstancia de asistencia a evaluaci\u00f3n Andis\u201d: parte de estos documentos lleva la firma escaneada del profesional en cuesti\u00f3n y otra, la r\u00fabrica tambi\u00e9n escaneada y el sello n\u00famero de matr\u00edcula ilegible de un segundo profesional.<\/p>\n","protected":false},"excerpt":{"rendered":"<p>Instituciones, entre ellas la Defensor\u00eda del Pueblo de Paran\u00e1, organizaciones provinciales y personas vinculadas a \u00e1reas sociales locales, presentaron el jueves 11 de septiembre una denuncia ante la Justicia Federal con el fin de que se investigue \u201cun hecho presuntamente delictivo\u201d referido al proceso de auditor\u00edas a titulares de Pensiones No Contributivas por invalidez laboral, [&hellip;]<\/p>\n","protected":false},"author":2,"featured_media":6092,"comment_status":"open","ping_status":"open","sticky":false,"template":"","format":"standard","meta":{"om_disable_all_campaigns":false,"_monsterinsights_skip_tracking":false,"_monsterinsights_sitenote_active":false,"_monsterinsights_sitenote_note":"","_monsterinsights_sitenote_category":0},"categories":[1],"tags":[],"_links":{"self":[{"href":"https:\/\/defensoriaparana.com.ar\/index.php\/wp-json\/wp\/v2\/posts\/6173"}],"collection":[{"href":"https:\/\/defensoriaparana.com.ar\/index.php\/wp-json\/wp\/v2\/posts"}],"about":[{"href":"https:\/\/defensoriaparana.com.ar\/index.php\/wp-json\/wp\/v2\/types\/post"}],"author":[{"embeddable":true,"href":"https:\/\/defensoriaparana.com.ar\/index.php\/wp-json\/wp\/v2\/users\/2"}],"replies":[{"embeddable":true,"href":"https:\/\/defensoriaparana.com.ar\/index.php\/wp-json\/wp\/v2\/comments?post=6173"}],"version-history":[{"count":6,"href":"https:\/\/defensoriaparana.com.ar\/index.php\/wp-json\/wp\/v2\/posts\/6173\/revisions"}],"predecessor-version":[{"id":6179,"href":"https:\/\/defensoriaparana.com.ar\/index.php\/wp-json\/wp\/v2\/posts\/6173\/revisions\/6179"}],"wp:featuredmedia":[{"embeddable":true,"href":"https:\/\/defensoriaparana.com.ar\/index.php\/wp-json\/wp\/v2\/media\/6092"}],"wp:attachment":[{"href":"https:\/\/defensoriaparana.com.ar\/index.php\/wp-json\/wp\/v2\/media?parent=6173"}],"wp:term":[{"taxonomy":"category","embeddable":true,"href":"https:\/\/defensoriaparana.com.ar\/index.php\/wp-json\/wp\/v2\/categories?post=6173"},{"taxonomy":"post_tag","embeddable":true,"href":"https:\/\/defensoriaparana.com.ar\/index.php\/wp-json\/wp\/v2\/tags?post=6173"}],"curies":[{"name":"wp","href":"https:\/\/api.w.org\/{rel}","templated":true}]}}