{"id":6180,"date":"2025-09-14T22:43:47","date_gmt":"2025-09-14T22:43:47","guid":{"rendered":"https:\/\/defensoriaparana.com.ar\/?p=6180"},"modified":"2025-09-15T13:41:46","modified_gmt":"2025-09-15T13:41:46","slug":"pronunciamiento-de-las-defensorias-del-pueblo-del-pais-en-defensa-de-la-universidad-publica-y-contra-el-veto-presidencial","status":"publish","type":"post","link":"https:\/\/defensoriaparana.com.ar\/index.php\/2025\/09\/14\/pronunciamiento-de-las-defensorias-del-pueblo-del-pais-en-defensa-de-la-universidad-publica-y-contra-el-veto-presidencial\/","title":{"rendered":"Pronunciamiento de las Defensor\u00edas del Pueblo del pa\u00eds en defensa de la universidad p\u00fablica y contra el veto presidencial"},"content":{"rendered":"<p>&nbsp;<\/p>\n<p>La Asociaci\u00f3n de Defensores y Defensoras del Pueblo de la Rep\u00fablica Argentina (Adpra), organizaci\u00f3n que integra la Defensor\u00eda del Pueblo de Paran\u00e1, expres\u00f3 \u201csu profundo rechazo y en\u00e9rgico repudio\u201d al veto presidencial a la Ley de Financiamiento Universitario, sancionada por el Congreso de la Naci\u00f3n.<\/p>\n<p>El pronunciamiento titulado <em>En defensa de la universidad p\u00fablica y contra el veto presidencial<\/em> consigna que la \u201cley, aprobada por amplia mayor\u00eda parlamentaria, respond\u00eda a la urgencia de garantizar recursos adecuados y previsibles para el sostenimiento del sistema universitario nacional, hoy atravesado por una crisis que amenaza la continuidad de su funcionamiento. El veto presidencial constituye, en consecuencia, un golpe institucional y social de extrema gravedad.<\/p>\n<p>La Constituci\u00f3n Nacional consagra en su articulado el derecho de ense\u00f1ar y aprender (art.14), as\u00ed como la obligaci\u00f3n indelegable del Congreso de dictar leyes que aseguren la organizaci\u00f3n, sostenimiento y financiamiento de la educaci\u00f3n p\u00fablica en todos sus niveles, promoviendo la igualdad de oportunidades y el desarrollo cient\u00edfico y tecnol\u00f3gico. A su vez, la reforma constitucional de 1994 le ha otorgado jerarqu\u00eda constitucional a los tratados de derechos humanos internacionales que reconocen el derecho a la educaci\u00f3n superior como un derecho humano fundamental (PIDESC, Protocolo de San Salvador, entre otros) (Art. 75 incas. 18, 19 y 22 CN).<\/p>\n<p>La universidad p\u00fablica argentina no es solo un \u00e1mbito acad\u00e9mico: es una instituci\u00f3n estrat\u00e9gica que desde hace m\u00e1s de un siglo constituye el motor de movilidad social ascendente, producci\u00f3n de conocimiento, soberan\u00eda cultural, tecnol\u00f3gica y cient\u00edfica, y un ejemplo reconocido internacionalmente. El veto presidencial no solo desconoce este legado, sino que tambi\u00e9n se inscribe en una pol\u00edtica sistem\u00e1tica de desfinanciamiento y hostigamiento hacia la educaci\u00f3n superior p\u00fablica.<\/p>\n<p>La decisi\u00f3n adoptada, adem\u00e1s de menoscabar la autonom\u00eda universitaria, desoye la voluntad del Congreso de la Naci\u00f3n, \u00f3rgano representante del pueblo y de las provincias, lesionando el principio republicano de divisi\u00f3n de poderes y debilitando los consensos b\u00e1sicos de nuestra democracia.<\/p>\n<p>En este contexto, desde ADPRA afirmamos que el debilitamiento de las universidades p\u00fablicas atenta contra el presente y el futuro de la sociedad argentina en su conjunto, afectando a millones de estudiantes, docentes y trabajadores, pero tambi\u00e9n al pa\u00eds entero, que se ve privado de uno de sus principales activos para el desarrollo sostenible, la justicia social y la integraci\u00f3n internacional\u201d.<\/p>\n<p>Documento completo:<\/p>\n<p><a href=\"http:\/\/defensoriaparana.com.ar\/wp-content\/uploads\/2025\/09\/Pronunciamiento-ADPRA-en-defensa-de-la-universidad-publica.pdf\">Pronunciamiento ADPRA en defensa de la universidad p\u00fablica<\/a><\/p>\n","protected":false},"excerpt":{"rendered":"<p>&nbsp; La Asociaci\u00f3n de Defensores y Defensoras del Pueblo de la Rep\u00fablica Argentina (Adpra), organizaci\u00f3n que integra la Defensor\u00eda del Pueblo de Paran\u00e1, expres\u00f3 \u201csu profundo rechazo y en\u00e9rgico repudio\u201d al veto presidencial a la Ley de Financiamiento Universitario, sancionada por el Congreso de la Naci\u00f3n. El pronunciamiento titulado En defensa de la universidad p\u00fablica [&hellip;]<\/p>\n","protected":false},"author":2,"featured_media":6186,"comment_status":"open","ping_status":"open","sticky":false,"template":"","format":"standard","meta":{"om_disable_all_campaigns":false,"_monsterinsights_skip_tracking":false,"_monsterinsights_sitenote_active":false,"_monsterinsights_sitenote_note":"","_monsterinsights_sitenote_category":0},"categories":[1],"tags":[],"_links":{"self":[{"href":"https:\/\/defensoriaparana.com.ar\/index.php\/wp-json\/wp\/v2\/posts\/6180"}],"collection":[{"href":"https:\/\/defensoriaparana.com.ar\/index.php\/wp-json\/wp\/v2\/posts"}],"about":[{"href":"https:\/\/defensoriaparana.com.ar\/index.php\/wp-json\/wp\/v2\/types\/post"}],"author":[{"embeddable":true,"href":"https:\/\/defensoriaparana.com.ar\/index.php\/wp-json\/wp\/v2\/users\/2"}],"replies":[{"embeddable":true,"href":"https:\/\/defensoriaparana.com.ar\/index.php\/wp-json\/wp\/v2\/comments?post=6180"}],"version-history":[{"count":3,"href":"https:\/\/defensoriaparana.com.ar\/index.php\/wp-json\/wp\/v2\/posts\/6180\/revisions"}],"predecessor-version":[{"id":6187,"href":"https:\/\/defensoriaparana.com.ar\/index.php\/wp-json\/wp\/v2\/posts\/6180\/revisions\/6187"}],"wp:featuredmedia":[{"embeddable":true,"href":"https:\/\/defensoriaparana.com.ar\/index.php\/wp-json\/wp\/v2\/media\/6186"}],"wp:attachment":[{"href":"https:\/\/defensoriaparana.com.ar\/index.php\/wp-json\/wp\/v2\/media?parent=6180"}],"wp:term":[{"taxonomy":"category","embeddable":true,"href":"https:\/\/defensoriaparana.com.ar\/index.php\/wp-json\/wp\/v2\/categories?post=6180"},{"taxonomy":"post_tag","embeddable":true,"href":"https:\/\/defensoriaparana.com.ar\/index.php\/wp-json\/wp\/v2\/tags?post=6180"}],"curies":[{"name":"wp","href":"https:\/\/api.w.org\/{rel}","templated":true}]}}