{"id":6197,"date":"2025-09-30T14:20:15","date_gmt":"2025-09-30T14:20:15","guid":{"rendered":"https:\/\/defensoriaparana.com.ar\/?p=6197"},"modified":"2025-09-30T14:24:30","modified_gmt":"2025-09-30T14:24:30","slug":"la-defensora-ligia-blanco-expuso-en-las-jornadas-gerontologicas-entrerrianas","status":"publish","type":"post","link":"https:\/\/defensoriaparana.com.ar\/index.php\/2025\/09\/30\/la-defensora-ligia-blanco-expuso-en-las-jornadas-gerontologicas-entrerrianas\/","title":{"rendered":"La Defensora Ligia Blanco expuso en las Jornadas Gerontol\u00f3gicas Entrerrianas"},"content":{"rendered":"<p>La Defensora de los Derechos de las Personas Mayores, Ligia Blanco, fue una de las expositoras en la Jornadas Gerontol\u00f3gicas Entrerrianas \u201cConvivencias con la Vejez\u201d, realizadas el \u00faltimo viernes y s\u00e1bado de septiembre, en Paran\u00e1.<br \/>\nEl objetivo de la actividad, que reuni\u00f3 a reconocidos profesionales de la especialidad, consisti\u00f3 en generar un espacio de reflexi\u00f3n, intercambio y debate, respecto a herramientas y pr\u00e1cticas que contribuyan a promover el bienestar de las personas mayores.<\/p>\n<p><img loading=\"lazy\" class=\"alignnone wp-image-6201 size-full\" src=\"http:\/\/defensoriaparana.com.ar\/wp-content\/uploads\/2025\/09\/WhatsApp-Image-2025-09-27-at-11.07.00-2.jpeg\" alt=\"\" width=\"1600\" height=\"738\" srcset=\"https:\/\/defensoriaparana.com.ar\/wp-content\/uploads\/2025\/09\/WhatsApp-Image-2025-09-27-at-11.07.00-2.jpeg 1600w, https:\/\/defensoriaparana.com.ar\/wp-content\/uploads\/2025\/09\/WhatsApp-Image-2025-09-27-at-11.07.00-2-300x138.jpeg 300w, https:\/\/defensoriaparana.com.ar\/wp-content\/uploads\/2025\/09\/WhatsApp-Image-2025-09-27-at-11.07.00-2-1024x472.jpeg 1024w, https:\/\/defensoriaparana.com.ar\/wp-content\/uploads\/2025\/09\/WhatsApp-Image-2025-09-27-at-11.07.00-2-768x354.jpeg 768w, https:\/\/defensoriaparana.com.ar\/wp-content\/uploads\/2025\/09\/WhatsApp-Image-2025-09-27-at-11.07.00-2-1536x708.jpeg 1536w\" sizes=\"(max-width: 1600px) 100vw, 1600px\" \/><br \/>\nLa Defensora Blanco particip\u00f3 de la mesa de exposici\u00f3n titulada \u201cDe la teor\u00eda a la pr\u00e1ctica. Experiencias de intervenci\u00f3n en clave de derecho\u201d. Hizo una introducci\u00f3n sobre la creaci\u00f3n, objetivos y alcance de la funci\u00f3n, establecida mediante la ordenanza 9389, y respecto del trabajo desarrollado durante los cinco a\u00f1os de existencia, en el \u00e1mbito de la Defensor\u00eda del Pueblo de Paran\u00e1.<br \/>\nSeguidamente mencion\u00f3, a modo de ejemplo, derechos en los que se ha trabajado en base a la demanda recibida. Entre ellos, cit\u00f3 el derecho a la accesibilidad, al acceso a la informaci\u00f3n, al consentimiento informado, a la participaci\u00f3n e integraci\u00f3n comunitaria, la independencia y autonom\u00eda y a la salud.<\/p>\n<p><img loading=\"lazy\" class=\"alignnone wp-image-6203 size-large\" src=\"http:\/\/defensoriaparana.com.ar\/wp-content\/uploads\/2025\/09\/WhatsApp-Image-2025-09-27-at-11.07.00-1024x472.jpeg\" alt=\"\" width=\"960\" height=\"443\" srcset=\"https:\/\/defensoriaparana.com.ar\/wp-content\/uploads\/2025\/09\/WhatsApp-Image-2025-09-27-at-11.07.00-1024x472.jpeg 1024w, https:\/\/defensoriaparana.com.ar\/wp-content\/uploads\/2025\/09\/WhatsApp-Image-2025-09-27-at-11.07.00-300x138.jpeg 300w, https:\/\/defensoriaparana.com.ar\/wp-content\/uploads\/2025\/09\/WhatsApp-Image-2025-09-27-at-11.07.00-768x354.jpeg 768w, https:\/\/defensoriaparana.com.ar\/wp-content\/uploads\/2025\/09\/WhatsApp-Image-2025-09-27-at-11.07.00-1536x708.jpeg 1536w, https:\/\/defensoriaparana.com.ar\/wp-content\/uploads\/2025\/09\/WhatsApp-Image-2025-09-27-at-11.07.00.jpeg 1600w\" sizes=\"(max-width: 960px) 100vw, 960px\" \/><img loading=\"lazy\" class=\"alignnone wp-image-6200 size-large\" src=\"http:\/\/defensoriaparana.com.ar\/wp-content\/uploads\/2025\/09\/WhatsApp-Image-2025-09-27-at-11.07.01-1024x472.jpeg\" alt=\"\" width=\"960\" height=\"443\" srcset=\"https:\/\/defensoriaparana.com.ar\/wp-content\/uploads\/2025\/09\/WhatsApp-Image-2025-09-27-at-11.07.01-1024x472.jpeg 1024w, https:\/\/defensoriaparana.com.ar\/wp-content\/uploads\/2025\/09\/WhatsApp-Image-2025-09-27-at-11.07.01-300x138.jpeg 300w, https:\/\/defensoriaparana.com.ar\/wp-content\/uploads\/2025\/09\/WhatsApp-Image-2025-09-27-at-11.07.01-768x354.jpeg 768w, https:\/\/defensoriaparana.com.ar\/wp-content\/uploads\/2025\/09\/WhatsApp-Image-2025-09-27-at-11.07.01-1536x708.jpeg 1536w, https:\/\/defensoriaparana.com.ar\/wp-content\/uploads\/2025\/09\/WhatsApp-Image-2025-09-27-at-11.07.01.jpeg 1600w\" sizes=\"(max-width: 960px) 100vw, 960px\" \/><br \/>\nLa actividad fue organizada por el Programa \u00abAdulteces y Vejeces\u00bb FHAyCS UADER, la International Longevity Centre (ILC); la Residencia Gerontol\u00f3gica Privada de Paran\u00e1, el Centro de Jubilados de Paran\u00e1 y otras instituciones de la ciudad.<\/p>\n","protected":false},"excerpt":{"rendered":"<p>La Defensora de los Derechos de las Personas Mayores, Ligia Blanco, fue una de las expositoras en la Jornadas Gerontol\u00f3gicas Entrerrianas \u201cConvivencias con la Vejez\u201d, realizadas el \u00faltimo viernes y s\u00e1bado de septiembre, en Paran\u00e1. El objetivo de la actividad, que reuni\u00f3 a reconocidos profesionales de la especialidad, consisti\u00f3 en generar un espacio de reflexi\u00f3n, [&hellip;]<\/p>\n","protected":false},"author":2,"featured_media":6198,"comment_status":"open","ping_status":"open","sticky":false,"template":"","format":"standard","meta":{"om_disable_all_campaigns":false,"_monsterinsights_skip_tracking":false,"_monsterinsights_sitenote_active":false,"_monsterinsights_sitenote_note":"","_monsterinsights_sitenote_category":0},"categories":[1],"tags":[],"_links":{"self":[{"href":"https:\/\/defensoriaparana.com.ar\/index.php\/wp-json\/wp\/v2\/posts\/6197"}],"collection":[{"href":"https:\/\/defensoriaparana.com.ar\/index.php\/wp-json\/wp\/v2\/posts"}],"about":[{"href":"https:\/\/defensoriaparana.com.ar\/index.php\/wp-json\/wp\/v2\/types\/post"}],"author":[{"embeddable":true,"href":"https:\/\/defensoriaparana.com.ar\/index.php\/wp-json\/wp\/v2\/users\/2"}],"replies":[{"embeddable":true,"href":"https:\/\/defensoriaparana.com.ar\/index.php\/wp-json\/wp\/v2\/comments?post=6197"}],"version-history":[{"count":1,"href":"https:\/\/defensoriaparana.com.ar\/index.php\/wp-json\/wp\/v2\/posts\/6197\/revisions"}],"predecessor-version":[{"id":6204,"href":"https:\/\/defensoriaparana.com.ar\/index.php\/wp-json\/wp\/v2\/posts\/6197\/revisions\/6204"}],"wp:featuredmedia":[{"embeddable":true,"href":"https:\/\/defensoriaparana.com.ar\/index.php\/wp-json\/wp\/v2\/media\/6198"}],"wp:attachment":[{"href":"https:\/\/defensoriaparana.com.ar\/index.php\/wp-json\/wp\/v2\/media?parent=6197"}],"wp:term":[{"taxonomy":"category","embeddable":true,"href":"https:\/\/defensoriaparana.com.ar\/index.php\/wp-json\/wp\/v2\/categories?post=6197"},{"taxonomy":"post_tag","embeddable":true,"href":"https:\/\/defensoriaparana.com.ar\/index.php\/wp-json\/wp\/v2\/tags?post=6197"}],"curies":[{"name":"wp","href":"https:\/\/api.w.org\/{rel}","templated":true}]}}