{"id":6205,"date":"2025-10-01T15:45:08","date_gmt":"2025-10-01T15:45:08","guid":{"rendered":"https:\/\/defensoriaparana.com.ar\/?p=6205"},"modified":"2025-10-01T15:56:53","modified_gmt":"2025-10-01T15:56:53","slug":"la-defensora-marcia-lopez-participo-como-expositora-en-la-1o-jornada-de-deporte-sin-discriminacion","status":"publish","type":"post","link":"https:\/\/defensoriaparana.com.ar\/index.php\/2025\/10\/01\/la-defensora-marcia-lopez-participo-como-expositora-en-la-1o-jornada-de-deporte-sin-discriminacion\/","title":{"rendered":"La Defensora Marcia L\u00f3pez particip\u00f3 como expositora en la 1\u00ba Jornada de Deporte Sin Discriminaci\u00f3n"},"content":{"rendered":"<p>En base al lema \u201cFormaci\u00f3n para la Inclusi\u00f3n desde la Diversidad Religiosa y Cultural\u201d, este mi\u00e9rcoles se desarroll\u00f3 la 1\u00ba Jornada de Deporte Sin Discriminaci\u00f3n con el fin de fortalecer pr\u00e1cticas deportivas inclusivas, plurales y respetuosas, a trav\u00e9s de herramientas que promuevan la cultura del cuidado y la prevenci\u00f3n de la discriminaci\u00f3n.<\/p>\n<p><img loading=\"lazy\" class=\"alignnone wp-image-6209 size-large\" src=\"http:\/\/defensoriaparana.com.ar\/wp-content\/uploads\/2025\/10\/WhatsApp-Image-2025-10-01-at-10.51.55-1024x461.jpeg\" alt=\"\" width=\"960\" height=\"432\" srcset=\"https:\/\/defensoriaparana.com.ar\/wp-content\/uploads\/2025\/10\/WhatsApp-Image-2025-10-01-at-10.51.55-1024x461.jpeg 1024w, https:\/\/defensoriaparana.com.ar\/wp-content\/uploads\/2025\/10\/WhatsApp-Image-2025-10-01-at-10.51.55-300x135.jpeg 300w, https:\/\/defensoriaparana.com.ar\/wp-content\/uploads\/2025\/10\/WhatsApp-Image-2025-10-01-at-10.51.55-768x346.jpeg 768w, https:\/\/defensoriaparana.com.ar\/wp-content\/uploads\/2025\/10\/WhatsApp-Image-2025-10-01-at-10.51.55-1536x691.jpeg 1536w, https:\/\/defensoriaparana.com.ar\/wp-content\/uploads\/2025\/10\/WhatsApp-Image-2025-10-01-at-10.51.55.jpeg 1600w\" sizes=\"(max-width: 960px) 100vw, 960px\" \/><br \/>\nEste \u00faltimo punto, la discriminaci\u00f3n, fue tema del primer m\u00f3dulo de exposiciones en el que la Defensora del Pueblo, Marcia L\u00f3pez, abri\u00f3 las disertaciones junto al titular de la Direcci\u00f3n de Derechos Humanos de la Municipalidad, Daniel Padu\u00e1n.<br \/>\nLa Defensora comenz\u00f3 explicando los alcances de la discriminaci\u00f3n, como una de las formas de vulneraci\u00f3n de los derechos humanos, y luego hizo un recorrido hist\u00f3rico, en base a la legislaci\u00f3n vigente, sobre la concepci\u00f3n y sanciones de este tipo de acciones y actitudes.<br \/>\n\u201cLa discriminaci\u00f3n se manifiesta de diversas formas: desde una simple actitud de desprecio hasta la marginaci\u00f3n, exclusi\u00f3n o persecuci\u00f3n\u201d de una persona o grupo, dijo, para remarcar luego que se trata de un delito previsto en nuestra legislaci\u00f3n.<\/p>\n<p><img loading=\"lazy\" class=\"alignnone wp-image-6208 size-large\" src=\"http:\/\/defensoriaparana.com.ar\/wp-content\/uploads\/2025\/10\/WhatsApp-Image-2025-10-01-at-10.51.57-1024x461.jpeg\" alt=\"\" width=\"960\" height=\"432\" srcset=\"https:\/\/defensoriaparana.com.ar\/wp-content\/uploads\/2025\/10\/WhatsApp-Image-2025-10-01-at-10.51.57-1024x461.jpeg 1024w, https:\/\/defensoriaparana.com.ar\/wp-content\/uploads\/2025\/10\/WhatsApp-Image-2025-10-01-at-10.51.57-300x135.jpeg 300w, https:\/\/defensoriaparana.com.ar\/wp-content\/uploads\/2025\/10\/WhatsApp-Image-2025-10-01-at-10.51.57-768x346.jpeg 768w, https:\/\/defensoriaparana.com.ar\/wp-content\/uploads\/2025\/10\/WhatsApp-Image-2025-10-01-at-10.51.57-1536x691.jpeg 1536w, https:\/\/defensoriaparana.com.ar\/wp-content\/uploads\/2025\/10\/WhatsApp-Image-2025-10-01-at-10.51.57.jpeg 1600w\" sizes=\"(max-width: 960px) 100vw, 960px\" \/><br \/>\nSeguidamente, puso \u00e9nfasis en el hecho de que \u201clas conductas discriminatorias \u2013mencion\u00f3, a modo de ejemplo, lo ocurrido con un grupo de estudiante que durante su viaje de fin de curso repiti\u00f3 c\u00e1nticos agresivos- no deben ser gratuitas, tienen que tener una sanci\u00f3n, no s\u00f3lo por el sistema de derecho, sino socialmente ya que nos debe hacer reflexionar sobre las consecuencias de estos actos\u201d.<br \/>\nAl respecto, destac\u00f3 la importancia de que la ciudadan\u00eda conozca los derechos que le asisten, para que de esa forma pueda exigir su respeto y aplicaci\u00f3n. En ese sentido, contextualiz\u00f3 la situaci\u00f3n actual en el marco de la retracci\u00f3n del Estado, concretamente por el cierre del Instituto Nacional contra la Discriminaci\u00f3n, la Xenofobia y el Racismo (Inadi), y puso a disposici\u00f3n, ante cualquier duda, consulta o reclamo, a la Defensor\u00eda del Pueblo de Paran\u00e1, como instituci\u00f3n protectora de los derechos humanos.<\/p>\n<p><img loading=\"lazy\" class=\"alignnone wp-image-6214 size-large\" src=\"http:\/\/defensoriaparana.com.ar\/wp-content\/uploads\/2025\/10\/WhatsApp-Image-2025-10-01-at-10.51.50-copia-1-1024x569.jpeg\" alt=\"\" width=\"960\" height=\"533\" srcset=\"https:\/\/defensoriaparana.com.ar\/wp-content\/uploads\/2025\/10\/WhatsApp-Image-2025-10-01-at-10.51.50-copia-1-1024x569.jpeg 1024w, https:\/\/defensoriaparana.com.ar\/wp-content\/uploads\/2025\/10\/WhatsApp-Image-2025-10-01-at-10.51.50-copia-1-300x167.jpeg 300w, https:\/\/defensoriaparana.com.ar\/wp-content\/uploads\/2025\/10\/WhatsApp-Image-2025-10-01-at-10.51.50-copia-1-768x427.jpeg 768w, https:\/\/defensoriaparana.com.ar\/wp-content\/uploads\/2025\/10\/WhatsApp-Image-2025-10-01-at-10.51.50-copia-1.jpeg 1279w\" sizes=\"(max-width: 960px) 100vw, 960px\" \/><img loading=\"lazy\" class=\"alignnone wp-image-6216 \" src=\"http:\/\/defensoriaparana.com.ar\/wp-content\/uploads\/2025\/10\/WhatsApp-Image-2025-10-01-at-10.51.09-461x1024.jpeg\" alt=\"\" width=\"241\" height=\"535\" srcset=\"https:\/\/defensoriaparana.com.ar\/wp-content\/uploads\/2025\/10\/WhatsApp-Image-2025-10-01-at-10.51.09-461x1024.jpeg 461w, https:\/\/defensoriaparana.com.ar\/wp-content\/uploads\/2025\/10\/WhatsApp-Image-2025-10-01-at-10.51.09-135x300.jpeg 135w, https:\/\/defensoriaparana.com.ar\/wp-content\/uploads\/2025\/10\/WhatsApp-Image-2025-10-01-at-10.51.09-691x1536.jpeg 691w, https:\/\/defensoriaparana.com.ar\/wp-content\/uploads\/2025\/10\/WhatsApp-Image-2025-10-01-at-10.51.09.jpeg 720w\" sizes=\"(max-width: 241px) 100vw, 241px\" \/><\/p>\n<p>La jornada fue impulsada por la Mesa de Di\u00e1logo Interreligioso de Paran\u00e1 junto a \u00e1reas Municipales, y estuvo destinada especialmente a docentes, entrenadores y directivos de clubes de la ciudad.<\/p>\n","protected":false},"excerpt":{"rendered":"<p>En base al lema \u201cFormaci\u00f3n para la Inclusi\u00f3n desde la Diversidad Religiosa y Cultural\u201d, este mi\u00e9rcoles se desarroll\u00f3 la 1\u00ba Jornada de Deporte Sin Discriminaci\u00f3n con el fin de fortalecer pr\u00e1cticas deportivas inclusivas, plurales y respetuosas, a trav\u00e9s de herramientas que promuevan la cultura del cuidado y la prevenci\u00f3n de la discriminaci\u00f3n. Este \u00faltimo punto, [&hellip;]<\/p>\n","protected":false},"author":2,"featured_media":6220,"comment_status":"open","ping_status":"open","sticky":false,"template":"","format":"standard","meta":{"om_disable_all_campaigns":false,"_monsterinsights_skip_tracking":false,"_monsterinsights_sitenote_active":false,"_monsterinsights_sitenote_note":"","_monsterinsights_sitenote_category":0},"categories":[1],"tags":[],"_links":{"self":[{"href":"https:\/\/defensoriaparana.com.ar\/index.php\/wp-json\/wp\/v2\/posts\/6205"}],"collection":[{"href":"https:\/\/defensoriaparana.com.ar\/index.php\/wp-json\/wp\/v2\/posts"}],"about":[{"href":"https:\/\/defensoriaparana.com.ar\/index.php\/wp-json\/wp\/v2\/types\/post"}],"author":[{"embeddable":true,"href":"https:\/\/defensoriaparana.com.ar\/index.php\/wp-json\/wp\/v2\/users\/2"}],"replies":[{"embeddable":true,"href":"https:\/\/defensoriaparana.com.ar\/index.php\/wp-json\/wp\/v2\/comments?post=6205"}],"version-history":[{"count":4,"href":"https:\/\/defensoriaparana.com.ar\/index.php\/wp-json\/wp\/v2\/posts\/6205\/revisions"}],"predecessor-version":[{"id":6218,"href":"https:\/\/defensoriaparana.com.ar\/index.php\/wp-json\/wp\/v2\/posts\/6205\/revisions\/6218"}],"wp:featuredmedia":[{"embeddable":true,"href":"https:\/\/defensoriaparana.com.ar\/index.php\/wp-json\/wp\/v2\/media\/6220"}],"wp:attachment":[{"href":"https:\/\/defensoriaparana.com.ar\/index.php\/wp-json\/wp\/v2\/media?parent=6205"}],"wp:term":[{"taxonomy":"category","embeddable":true,"href":"https:\/\/defensoriaparana.com.ar\/index.php\/wp-json\/wp\/v2\/categories?post=6205"},{"taxonomy":"post_tag","embeddable":true,"href":"https:\/\/defensoriaparana.com.ar\/index.php\/wp-json\/wp\/v2\/tags?post=6205"}],"curies":[{"name":"wp","href":"https:\/\/api.w.org\/{rel}","templated":true}]}}