{"id":6225,"date":"2025-10-06T13:15:34","date_gmt":"2025-10-06T13:15:34","guid":{"rendered":"https:\/\/defensoriaparana.com.ar\/?p=6225"},"modified":"2025-10-06T13:20:24","modified_gmt":"2025-10-06T13:20:24","slug":"el-derecho-de-las-personas-mayores-a-vivir-con-dignidad-la-defensoria-participo-de-un-conversatorio","status":"publish","type":"post","link":"https:\/\/defensoriaparana.com.ar\/index.php\/2025\/10\/06\/el-derecho-de-las-personas-mayores-a-vivir-con-dignidad-la-defensoria-participo-de-un-conversatorio\/","title":{"rendered":"El derecho de las personas mayores a vivir con dignidad: la Defensor\u00eda particip\u00f3 de un conversatorio"},"content":{"rendered":"<p>En el marco del mes en el que se rinde homenaje a las personas mayores, se realiz\u00f3 el conversatorio \u201cEl derecho a vivir con Dignidad\u201d, al que estuvieron especialmente invitadas la Defensora del Pueblo de Paran\u00e1, Marcia L\u00f3pez, y la Defensora de los Derechos de las Personas Mayores, Ligia Blanco.<\/p>\n<p>La actividad fue organizada por el Colegio de Profesionales de Trabajo Social de Entre R\u00edos (Coptoser) y cont\u00f3 tambi\u00e9n con la participaci\u00f3n de las trabajadoras sociales Cintia Stieben, del equipo de trabajo de la Direcci\u00f3n de Adultos Mayores de la provincia, y Lidia Camejo, del Centro Regional De Referencia Dr. Arturo O\u00f1ativia.<\/p>\n<p><img loading=\"lazy\" class=\"alignnone wp-image-6226 size-large\" src=\"http:\/\/defensoriaparana.com.ar\/wp-content\/uploads\/2025\/10\/WhatsApp-Image-2025-10-03-at-11.25.59-1024x473.jpeg\" alt=\"\" width=\"960\" height=\"443\" srcset=\"https:\/\/defensoriaparana.com.ar\/wp-content\/uploads\/2025\/10\/WhatsApp-Image-2025-10-03-at-11.25.59-1024x473.jpeg 1024w, https:\/\/defensoriaparana.com.ar\/wp-content\/uploads\/2025\/10\/WhatsApp-Image-2025-10-03-at-11.25.59-300x139.jpeg 300w, https:\/\/defensoriaparana.com.ar\/wp-content\/uploads\/2025\/10\/WhatsApp-Image-2025-10-03-at-11.25.59-768x355.jpeg 768w, https:\/\/defensoriaparana.com.ar\/wp-content\/uploads\/2025\/10\/WhatsApp-Image-2025-10-03-at-11.25.59.jpeg 1280w\" sizes=\"(max-width: 960px) 100vw, 960px\" \/><\/p>\n<p>En base a una din\u00e1mica de conversaci\u00f3n e intercambio, Marcia L\u00f3pez se refiri\u00f3 a la funci\u00f3n y alcance de la Defensor\u00eda del Pueblo, as\u00ed como a las distintas gestiones que se realizan ante las demandas de la ciudadan\u00eda que se van presentando en el d\u00eda a d\u00eda. Tambi\u00e9n enmarc\u00f3 el funcionamiento de la Defensor\u00eda de los Derechos de la Personas Mayores en el \u00e1mbito de la instituci\u00f3n.<\/p>\n<p>Ligia Blanco brind\u00f3 detalles de la funci\u00f3n espec\u00edfica del \u00e1rea a su cargo y del trabajo y experiencias abordados. Mencion\u00f3 la tarea constante en relaci\u00f3n a la promoci\u00f3n y difusi\u00f3n de los derechos de las personas mayores, las charlas realizadas con el fin de facilitar informaci\u00f3n, como por ejemplo sobre prevenci\u00f3n de estafas, y se explay\u00f3 sobre el funcionamiento de dos espacios que incluyen la participaci\u00f3n de la comunidad.\u00a0 Uno es el Consejo de Personas Mayores y otro, la Mesa de Pol\u00edticas P\u00fablicas para Personas Mayores, ambos creados por ordenanza y coordinados por Blanco. Asimismo, la conversaci\u00f3n incluy\u00f3 la menci\u00f3n de diferentes situaciones y casos.<\/p>\n<p><img loading=\"lazy\" class=\"alignnone wp-image-6228 size-large\" src=\"http:\/\/defensoriaparana.com.ar\/wp-content\/uploads\/2025\/10\/WhatsApp-Image-2025-10-03-at-11.25.12-1024x473.jpeg\" alt=\"\" width=\"960\" height=\"443\" srcset=\"https:\/\/defensoriaparana.com.ar\/wp-content\/uploads\/2025\/10\/WhatsApp-Image-2025-10-03-at-11.25.12-1024x473.jpeg 1024w, https:\/\/defensoriaparana.com.ar\/wp-content\/uploads\/2025\/10\/WhatsApp-Image-2025-10-03-at-11.25.12-300x139.jpeg 300w, https:\/\/defensoriaparana.com.ar\/wp-content\/uploads\/2025\/10\/WhatsApp-Image-2025-10-03-at-11.25.12-768x355.jpeg 768w, https:\/\/defensoriaparana.com.ar\/wp-content\/uploads\/2025\/10\/WhatsApp-Image-2025-10-03-at-11.25.12.jpeg 1280w\" sizes=\"(max-width: 960px) 100vw, 960px\" \/><\/p>\n<p>Se compartieron tambi\u00e9n el testimonio y experiencias de las profesionales invitadas, as\u00ed como las consultas de las personas presentes, cumpliendo as\u00ed el objetivo de la actividad de analizar e intercambiar informaci\u00f3n sobre los derechos y los cuidados de las personas mayores. La actividad se realiz\u00f3 el jueves 2, en la sede del Coptser, tras la conmemoraci\u00f3n del D\u00eda de las Personas Mayores, el primer d\u00eda de octubre.<\/p>\n<p>&nbsp;<\/p>\n<p><img loading=\"lazy\" class=\"alignnone wp-image-6230 size-large\" src=\"http:\/\/defensoriaparana.com.ar\/wp-content\/uploads\/2025\/10\/WhatsApp-Image-2025-10-03-at-11.25.34-1-1024x473.jpeg\" alt=\"\" width=\"960\" height=\"443\" srcset=\"https:\/\/defensoriaparana.com.ar\/wp-content\/uploads\/2025\/10\/WhatsApp-Image-2025-10-03-at-11.25.34-1-1024x473.jpeg 1024w, https:\/\/defensoriaparana.com.ar\/wp-content\/uploads\/2025\/10\/WhatsApp-Image-2025-10-03-at-11.25.34-1-300x139.jpeg 300w, https:\/\/defensoriaparana.com.ar\/wp-content\/uploads\/2025\/10\/WhatsApp-Image-2025-10-03-at-11.25.34-1-768x355.jpeg 768w, https:\/\/defensoriaparana.com.ar\/wp-content\/uploads\/2025\/10\/WhatsApp-Image-2025-10-03-at-11.25.34-1.jpeg 1280w\" sizes=\"(max-width: 960px) 100vw, 960px\" \/><\/p>\n","protected":false},"excerpt":{"rendered":"<p>En el marco del mes en el que se rinde homenaje a las personas mayores, se realiz\u00f3 el conversatorio \u201cEl derecho a vivir con Dignidad\u201d, al que estuvieron especialmente invitadas la Defensora del Pueblo de Paran\u00e1, Marcia L\u00f3pez, y la Defensora de los Derechos de las Personas Mayores, Ligia Blanco. La actividad fue organizada por [&hellip;]<\/p>\n","protected":false},"author":2,"featured_media":6227,"comment_status":"open","ping_status":"open","sticky":false,"template":"","format":"standard","meta":{"om_disable_all_campaigns":false,"_monsterinsights_skip_tracking":false,"_monsterinsights_sitenote_active":false,"_monsterinsights_sitenote_note":"","_monsterinsights_sitenote_category":0},"categories":[1],"tags":[],"_links":{"self":[{"href":"https:\/\/defensoriaparana.com.ar\/index.php\/wp-json\/wp\/v2\/posts\/6225"}],"collection":[{"href":"https:\/\/defensoriaparana.com.ar\/index.php\/wp-json\/wp\/v2\/posts"}],"about":[{"href":"https:\/\/defensoriaparana.com.ar\/index.php\/wp-json\/wp\/v2\/types\/post"}],"author":[{"embeddable":true,"href":"https:\/\/defensoriaparana.com.ar\/index.php\/wp-json\/wp\/v2\/users\/2"}],"replies":[{"embeddable":true,"href":"https:\/\/defensoriaparana.com.ar\/index.php\/wp-json\/wp\/v2\/comments?post=6225"}],"version-history":[{"count":3,"href":"https:\/\/defensoriaparana.com.ar\/index.php\/wp-json\/wp\/v2\/posts\/6225\/revisions"}],"predecessor-version":[{"id":6232,"href":"https:\/\/defensoriaparana.com.ar\/index.php\/wp-json\/wp\/v2\/posts\/6225\/revisions\/6232"}],"wp:featuredmedia":[{"embeddable":true,"href":"https:\/\/defensoriaparana.com.ar\/index.php\/wp-json\/wp\/v2\/media\/6227"}],"wp:attachment":[{"href":"https:\/\/defensoriaparana.com.ar\/index.php\/wp-json\/wp\/v2\/media?parent=6225"}],"wp:term":[{"taxonomy":"category","embeddable":true,"href":"https:\/\/defensoriaparana.com.ar\/index.php\/wp-json\/wp\/v2\/categories?post=6225"},{"taxonomy":"post_tag","embeddable":true,"href":"https:\/\/defensoriaparana.com.ar\/index.php\/wp-json\/wp\/v2\/tags?post=6225"}],"curies":[{"name":"wp","href":"https:\/\/api.w.org\/{rel}","templated":true}]}}