{"id":6234,"date":"2025-10-14T15:18:15","date_gmt":"2025-10-14T15:18:15","guid":{"rendered":"https:\/\/defensoriaparana.com.ar\/?p=6234"},"modified":"2025-10-14T15:18:15","modified_gmt":"2025-10-14T15:18:15","slug":"desafios-y-oportunidades-en-el-envejecimiento-tema-de-exposiciones-y-una-mesa-de-dialogo","status":"publish","type":"post","link":"https:\/\/defensoriaparana.com.ar\/index.php\/2025\/10\/14\/desafios-y-oportunidades-en-el-envejecimiento-tema-de-exposiciones-y-una-mesa-de-dialogo\/","title":{"rendered":"Desaf\u00edos y Oportunidades en el Envejecimiento, tema de exposiciones y una mesa de di\u00e1logo"},"content":{"rendered":"<p>Las Defensora del Pueblo de Paran\u00e1, Marcia L\u00f3pez, y la Defensora de los Derechos de las Personas Mayores, Ligia Blanco, participaron de la Jornada Desaf\u00edos y Oportunidades en el Envejecimiento, realizada en la sede de la Universidad Cat\u00f3lica Argentina en Paran\u00e1 (UCA).<\/p>\n<p><img loading=\"lazy\" class=\"alignnone wp-image-6236 size-full\" src=\"http:\/\/defensoriaparana.com.ar\/wp-content\/uploads\/2025\/10\/WhatsApp-Image-2025-10-14-at-10.19.02.jpeg\" alt=\"\" width=\"973\" height=\"718\" srcset=\"https:\/\/defensoriaparana.com.ar\/wp-content\/uploads\/2025\/10\/WhatsApp-Image-2025-10-14-at-10.19.02.jpeg 973w, https:\/\/defensoriaparana.com.ar\/wp-content\/uploads\/2025\/10\/WhatsApp-Image-2025-10-14-at-10.19.02-300x221.jpeg 300w, https:\/\/defensoriaparana.com.ar\/wp-content\/uploads\/2025\/10\/WhatsApp-Image-2025-10-14-at-10.19.02-768x567.jpeg 768w\" sizes=\"(max-width: 973px) 100vw, 973px\" \/><\/p>\n<p>La actividad const\u00f3 de exposiciones, a cargo de reconocidos especialistas, y una mesa de di\u00e1logo, en la que representantes de instituciones y \u00e1reas del Estado expusieron su mirada y el trabajo realizado en relaci\u00f3n a la tem\u00e1tica de personas mayores. Desde la Defensor\u00eda, Ligia Blanco, se explay\u00f3 sobre las situaciones en las que se intervienen, las dificultades, y las acciones encaradas con el fin de garantizar los derechos de las personas mayores.<\/p>\n<p><img loading=\"lazy\" class=\"alignnone wp-image-6238 size-large\" src=\"http:\/\/defensoriaparana.com.ar\/wp-content\/uploads\/2025\/10\/WhatsApp-Image-2025-10-13-at-09.58.35-1024x473.jpeg\" alt=\"\" width=\"960\" height=\"443\" srcset=\"https:\/\/defensoriaparana.com.ar\/wp-content\/uploads\/2025\/10\/WhatsApp-Image-2025-10-13-at-09.58.35-1024x473.jpeg 1024w, https:\/\/defensoriaparana.com.ar\/wp-content\/uploads\/2025\/10\/WhatsApp-Image-2025-10-13-at-09.58.35-300x139.jpeg 300w, https:\/\/defensoriaparana.com.ar\/wp-content\/uploads\/2025\/10\/WhatsApp-Image-2025-10-13-at-09.58.35-768x355.jpeg 768w, https:\/\/defensoriaparana.com.ar\/wp-content\/uploads\/2025\/10\/WhatsApp-Image-2025-10-13-at-09.58.35.jpeg 1156w\" sizes=\"(max-width: 960px) 100vw, 960px\" \/><\/p>\n<p>La jornada fue organizada colaborativamente por las c\u00e1tedras Psicolog\u00eda de la Vida Adulta y la Vejez (Lic. En Psicolog\u00eda) y Gerontolog\u00eda y Familia (Lic. En Psicopedagogia), la Fundaci\u00f3n Navarro Viola y El Observatorio de la Deuda Social Argentina (ODSA).<\/p>\n<p>De las exposiciones participaron estudiantes, personas mayores y p\u00fablico en general. Asistieron al evento autoridades de organismos p\u00fablicos y referentes de instituciones o proyectos comprometidos con la tem\u00e1tica, quienes conformaron luego la mesa de di\u00e1logo.<\/p>\n<p>&nbsp;<\/p>\n<p>&nbsp;<\/p>\n<p>&nbsp;<\/p>\n","protected":false},"excerpt":{"rendered":"<p>Las Defensora del Pueblo de Paran\u00e1, Marcia L\u00f3pez, y la Defensora de los Derechos de las Personas Mayores, Ligia Blanco, participaron de la Jornada Desaf\u00edos y Oportunidades en el Envejecimiento, realizada en la sede de la Universidad Cat\u00f3lica Argentina en Paran\u00e1 (UCA). La actividad const\u00f3 de exposiciones, a cargo de reconocidos especialistas, y una mesa [&hellip;]<\/p>\n","protected":false},"author":2,"featured_media":6235,"comment_status":"open","ping_status":"open","sticky":false,"template":"","format":"standard","meta":{"om_disable_all_campaigns":false,"_monsterinsights_skip_tracking":false,"_monsterinsights_sitenote_active":false,"_monsterinsights_sitenote_note":"","_monsterinsights_sitenote_category":0},"categories":[1],"tags":[],"_links":{"self":[{"href":"https:\/\/defensoriaparana.com.ar\/index.php\/wp-json\/wp\/v2\/posts\/6234"}],"collection":[{"href":"https:\/\/defensoriaparana.com.ar\/index.php\/wp-json\/wp\/v2\/posts"}],"about":[{"href":"https:\/\/defensoriaparana.com.ar\/index.php\/wp-json\/wp\/v2\/types\/post"}],"author":[{"embeddable":true,"href":"https:\/\/defensoriaparana.com.ar\/index.php\/wp-json\/wp\/v2\/users\/2"}],"replies":[{"embeddable":true,"href":"https:\/\/defensoriaparana.com.ar\/index.php\/wp-json\/wp\/v2\/comments?post=6234"}],"version-history":[{"count":1,"href":"https:\/\/defensoriaparana.com.ar\/index.php\/wp-json\/wp\/v2\/posts\/6234\/revisions"}],"predecessor-version":[{"id":6239,"href":"https:\/\/defensoriaparana.com.ar\/index.php\/wp-json\/wp\/v2\/posts\/6234\/revisions\/6239"}],"wp:featuredmedia":[{"embeddable":true,"href":"https:\/\/defensoriaparana.com.ar\/index.php\/wp-json\/wp\/v2\/media\/6235"}],"wp:attachment":[{"href":"https:\/\/defensoriaparana.com.ar\/index.php\/wp-json\/wp\/v2\/media?parent=6234"}],"wp:term":[{"taxonomy":"category","embeddable":true,"href":"https:\/\/defensoriaparana.com.ar\/index.php\/wp-json\/wp\/v2\/categories?post=6234"},{"taxonomy":"post_tag","embeddable":true,"href":"https:\/\/defensoriaparana.com.ar\/index.php\/wp-json\/wp\/v2\/tags?post=6234"}],"curies":[{"name":"wp","href":"https:\/\/api.w.org\/{rel}","templated":true}]}}