{"id":6258,"date":"2025-10-15T13:57:41","date_gmt":"2025-10-15T13:57:41","guid":{"rendered":"https:\/\/defensoriaparana.com.ar\/?p=6258"},"modified":"2025-10-15T14:30:30","modified_gmt":"2025-10-15T14:30:30","slug":"estafas-virtuales-hubo-una-charla-en-el-centro-de-salud-illia","status":"publish","type":"post","link":"https:\/\/defensoriaparana.com.ar\/index.php\/2025\/10\/15\/estafas-virtuales-hubo-una-charla-en-el-centro-de-salud-illia\/","title":{"rendered":"Estafas virtuales: hubo una charla en el Centro de Salud Illia"},"content":{"rendered":"<p>En el marco de las acciones de promoci\u00f3n, difusi\u00f3n y protecci\u00f3n de los derechos, Ligia Blanco, titular de la Defensor\u00eda de los Derechos de las Personas Mayores, particip\u00f3 en la organizaci\u00f3n de una charla realizada en el Centro de Atenci\u00f3n Primaria en Salud Arturo Illia.<br \/>\nEl encuentro tuvo lugar este martes 14, como una propuesta de un taller de estimulaci\u00f3n cognitiva destinado a personas mayores, que se desarrolla en el Centro de Salud ubicado en la calle Provincias Unidas al 300 de Paran\u00e1.<br \/>\nLa charla, a cargo de personal del \u00c1rea de Delitos Econ\u00f3micos de la Polic\u00eda de Entre R\u00edos, se bas\u00f3 en la necesidad de tomar precauciones respecto a las habituales estafas virtuales. Se ahond\u00f3 sobre el uso del tel\u00e9fono celular y qu\u00e9 medidas tomar para evitar enga\u00f1os.<\/p>\n<p><img loading=\"lazy\" class=\"alignnone wp-image-6260 size-large\" src=\"http:\/\/defensoriaparana.com.ar\/wp-content\/uploads\/2025\/10\/WhatsApp-Image-2025-10-15-at-08.20.03-1-1024x576.jpeg\" alt=\"\" width=\"960\" height=\"540\" srcset=\"https:\/\/defensoriaparana.com.ar\/wp-content\/uploads\/2025\/10\/WhatsApp-Image-2025-10-15-at-08.20.03-1-1024x576.jpeg 1024w, https:\/\/defensoriaparana.com.ar\/wp-content\/uploads\/2025\/10\/WhatsApp-Image-2025-10-15-at-08.20.03-1-300x169.jpeg 300w, https:\/\/defensoriaparana.com.ar\/wp-content\/uploads\/2025\/10\/WhatsApp-Image-2025-10-15-at-08.20.03-1-768x432.jpeg 768w, https:\/\/defensoriaparana.com.ar\/wp-content\/uploads\/2025\/10\/WhatsApp-Image-2025-10-15-at-08.20.03-1.jpeg 1280w\" sizes=\"(max-width: 960px) 100vw, 960px\" \/><br \/>\nLigia Blanco brind\u00f3 informaci\u00f3n respecto al trabajo de la Defensor\u00eda de los Derechos de las Personas Mayores, se distribuyeron folletos e invit\u00f3 a los presentes a recurrir a la instituci\u00f3n ante cualquier duda o reclamo.<br \/>\nLa convocatoria reuni\u00f3 un n\u00famero importante de personas que se interes\u00f3 en los temas tratados, aportando experiencias y consultas. El taller es dirigido por Psic\u00f3loga Mar\u00eda Laura Yoris y la Trabajadora Social Agostina Pacchiotti.<\/p>\n<p><img loading=\"lazy\" class=\"alignnone wp-image-6259 size-large\" src=\"http:\/\/defensoriaparana.com.ar\/wp-content\/uploads\/2025\/10\/WhatsApp-Image-2025-10-15-at-08.20.03-2-1024x548.jpeg\" alt=\"\" width=\"960\" height=\"514\" srcset=\"https:\/\/defensoriaparana.com.ar\/wp-content\/uploads\/2025\/10\/WhatsApp-Image-2025-10-15-at-08.20.03-2-1024x548.jpeg 1024w, https:\/\/defensoriaparana.com.ar\/wp-content\/uploads\/2025\/10\/WhatsApp-Image-2025-10-15-at-08.20.03-2-300x161.jpeg 300w, https:\/\/defensoriaparana.com.ar\/wp-content\/uploads\/2025\/10\/WhatsApp-Image-2025-10-15-at-08.20.03-2-768x411.jpeg 768w, https:\/\/defensoriaparana.com.ar\/wp-content\/uploads\/2025\/10\/WhatsApp-Image-2025-10-15-at-08.20.03-2.jpeg 1166w\" sizes=\"(max-width: 960px) 100vw, 960px\" \/><\/p>\n","protected":false},"excerpt":{"rendered":"<p>En el marco de las acciones de promoci\u00f3n, difusi\u00f3n y protecci\u00f3n de los derechos, Ligia Blanco, titular de la Defensor\u00eda de los Derechos de las Personas Mayores, particip\u00f3 en la organizaci\u00f3n de una charla realizada en el Centro de Atenci\u00f3n Primaria en Salud Arturo Illia. El encuentro tuvo lugar este martes 14, como una propuesta [&hellip;]<\/p>\n","protected":false},"author":2,"featured_media":6260,"comment_status":"open","ping_status":"open","sticky":false,"template":"","format":"standard","meta":{"om_disable_all_campaigns":false,"_monsterinsights_skip_tracking":false,"_monsterinsights_sitenote_active":false,"_monsterinsights_sitenote_note":"","_monsterinsights_sitenote_category":0},"categories":[1],"tags":[],"_links":{"self":[{"href":"https:\/\/defensoriaparana.com.ar\/index.php\/wp-json\/wp\/v2\/posts\/6258"}],"collection":[{"href":"https:\/\/defensoriaparana.com.ar\/index.php\/wp-json\/wp\/v2\/posts"}],"about":[{"href":"https:\/\/defensoriaparana.com.ar\/index.php\/wp-json\/wp\/v2\/types\/post"}],"author":[{"embeddable":true,"href":"https:\/\/defensoriaparana.com.ar\/index.php\/wp-json\/wp\/v2\/users\/2"}],"replies":[{"embeddable":true,"href":"https:\/\/defensoriaparana.com.ar\/index.php\/wp-json\/wp\/v2\/comments?post=6258"}],"version-history":[{"count":3,"href":"https:\/\/defensoriaparana.com.ar\/index.php\/wp-json\/wp\/v2\/posts\/6258\/revisions"}],"predecessor-version":[{"id":6264,"href":"https:\/\/defensoriaparana.com.ar\/index.php\/wp-json\/wp\/v2\/posts\/6258\/revisions\/6264"}],"wp:featuredmedia":[{"embeddable":true,"href":"https:\/\/defensoriaparana.com.ar\/index.php\/wp-json\/wp\/v2\/media\/6260"}],"wp:attachment":[{"href":"https:\/\/defensoriaparana.com.ar\/index.php\/wp-json\/wp\/v2\/media?parent=6258"}],"wp:term":[{"taxonomy":"category","embeddable":true,"href":"https:\/\/defensoriaparana.com.ar\/index.php\/wp-json\/wp\/v2\/categories?post=6258"},{"taxonomy":"post_tag","embeddable":true,"href":"https:\/\/defensoriaparana.com.ar\/index.php\/wp-json\/wp\/v2\/tags?post=6258"}],"curies":[{"name":"wp","href":"https:\/\/api.w.org\/{rel}","templated":true}]}}