{"id":6272,"date":"2025-10-16T15:37:57","date_gmt":"2025-10-16T15:37:57","guid":{"rendered":"https:\/\/defensoriaparana.com.ar\/?p=6272"},"modified":"2025-10-16T15:39:35","modified_gmt":"2025-10-16T15:39:35","slug":"las-defensoras-participaron-de-una-jornada-de-visibilizacion-y-prevencion-del-abuso-sexual-en-la-infancia-y-adolescencia","status":"publish","type":"post","link":"https:\/\/defensoriaparana.com.ar\/index.php\/2025\/10\/16\/las-defensoras-participaron-de-una-jornada-de-visibilizacion-y-prevencion-del-abuso-sexual-en-la-infancia-y-adolescencia\/","title":{"rendered":"Las Defensoras participaron de una jornada de visibilizaci\u00f3n y prevenci\u00f3n del abuso sexual en la infancia y adolescencia"},"content":{"rendered":"<p>Las Defensoras del Pueblo, Marcia L\u00f3pez y Cecilia Pautaso (Adjunta), junto a la Defensora de los Derechos de las Personas Mayores, Ligia Blanco, asistieron este jueves 16, especialmente invitadas, a la jornada titulada \u201cLo Que el Tiempo No Borra: Abuso Sexual, Memoria y Prescripci\u00f3n\u201d, organizada por la asociaci\u00f3n civil paranaense ASI Basta.<\/p>\n<p><img loading=\"lazy\" class=\"alignnone wp-image-6279 size-large\" src=\"http:\/\/defensoriaparana.com.ar\/wp-content\/uploads\/2025\/10\/WhatsApp-Image-2025-10-16-at-12.16.04-461x1024.jpeg\" alt=\"\" width=\"461\" height=\"1024\" srcset=\"https:\/\/defensoriaparana.com.ar\/wp-content\/uploads\/2025\/10\/WhatsApp-Image-2025-10-16-at-12.16.04-461x1024.jpeg 461w, https:\/\/defensoriaparana.com.ar\/wp-content\/uploads\/2025\/10\/WhatsApp-Image-2025-10-16-at-12.16.04-135x300.jpeg 135w, https:\/\/defensoriaparana.com.ar\/wp-content\/uploads\/2025\/10\/WhatsApp-Image-2025-10-16-at-12.16.04.jpeg 576w\" sizes=\"(max-width: 461px) 100vw, 461px\" \/><img loading=\"lazy\" class=\"alignnone wp-image-6275 size-large\" src=\"http:\/\/defensoriaparana.com.ar\/wp-content\/uploads\/2025\/10\/WhatsApp-Image-2025-10-16-at-12.17.22-461x1024.jpeg\" alt=\"\" width=\"461\" height=\"1024\" srcset=\"https:\/\/defensoriaparana.com.ar\/wp-content\/uploads\/2025\/10\/WhatsApp-Image-2025-10-16-at-12.17.22-461x1024.jpeg 461w, https:\/\/defensoriaparana.com.ar\/wp-content\/uploads\/2025\/10\/WhatsApp-Image-2025-10-16-at-12.17.22-135x300.jpeg 135w, https:\/\/defensoriaparana.com.ar\/wp-content\/uploads\/2025\/10\/WhatsApp-Image-2025-10-16-at-12.17.22.jpeg 576w\" sizes=\"(max-width: 461px) 100vw, 461px\" \/><\/p>\n<p>Con una sala colmada de asistentes, la propuesta consisti\u00f3 en abordar ejes de prevenci\u00f3n y protocolos de actuaci\u00f3n frente a abusos de ni\u00f1os, ni\u00f1as y adolescentes, la legislaci\u00f3n vigente y casos resonantes ocurridos en la provincia. \u00a0Hubo disertantes especializados y con gran compromiso con la tem\u00e1tica. Tambi\u00e9n se abrieron espacios para las consultas y aportes de parte de un p\u00fablico diverso.<\/p>\n<p><img loading=\"lazy\" class=\"wp-image-6278 alignright\" src=\"http:\/\/defensoriaparana.com.ar\/wp-content\/uploads\/2025\/10\/WhatsApp-Image-2025-10-16-at-12.16.30-461x1024.jpeg\" alt=\"\" width=\"305\" height=\"677\" srcset=\"https:\/\/defensoriaparana.com.ar\/wp-content\/uploads\/2025\/10\/WhatsApp-Image-2025-10-16-at-12.16.30-461x1024.jpeg 461w, https:\/\/defensoriaparana.com.ar\/wp-content\/uploads\/2025\/10\/WhatsApp-Image-2025-10-16-at-12.16.30-135x300.jpeg 135w, https:\/\/defensoriaparana.com.ar\/wp-content\/uploads\/2025\/10\/WhatsApp-Image-2025-10-16-at-12.16.30.jpeg 576w\" sizes=\"(max-width: 305px) 100vw, 305px\" \/><\/p>\n<p>Las Defensoras destacaron el prop\u00f3sito del encuentro, como as\u00ed tambi\u00e9n el trabajo y compromiso de la asociaci\u00f3n con la tem\u00e1tica. Remarcaron, desde su rol de representantes de una instituci\u00f3n protectora de los derechos ciudadanos, la necesidad de profundizar y priorizar, con pol\u00edticas p\u00fablicas eficientes, la defensa y promoci\u00f3n de los derechos de la ni\u00f1ez y adolescencia.<\/p>\n<p>ASI Basta es una organizaci\u00f3n paranaense que trabaja contra el abuso sexual en la infancia y adolescencia, en favor de su prevenci\u00f3n y un abordaje adecuado. En el marco de la conmemoraci\u00f3n de los diez a\u00f1os de la asociaci\u00f3n, se organiz\u00f3 la jornada realizada en la sala del Centro Cultural La Vieja Usina y destinada a profesionales de diversas disciplinas, educadores, integrantes de ong\u00b4s, estudiantes y p\u00fablico en general. Desde la Defensor\u00eda del Pueblo, se agradeci\u00f3 la invitaci\u00f3n a tan importante evento.<\/p>\n","protected":false},"excerpt":{"rendered":"<p>Las Defensoras del Pueblo, Marcia L\u00f3pez y Cecilia Pautaso (Adjunta), junto a la Defensora de los Derechos de las Personas Mayores, Ligia Blanco, asistieron este jueves 16, especialmente invitadas, a la jornada titulada \u201cLo Que el Tiempo No Borra: Abuso Sexual, Memoria y Prescripci\u00f3n\u201d, organizada por la asociaci\u00f3n civil paranaense ASI Basta. Con una sala [&hellip;]<\/p>\n","protected":false},"author":2,"featured_media":6284,"comment_status":"open","ping_status":"open","sticky":false,"template":"","format":"standard","meta":{"om_disable_all_campaigns":false,"_monsterinsights_skip_tracking":false,"_monsterinsights_sitenote_active":false,"_monsterinsights_sitenote_note":"","_monsterinsights_sitenote_category":0},"categories":[1],"tags":[],"_links":{"self":[{"href":"https:\/\/defensoriaparana.com.ar\/index.php\/wp-json\/wp\/v2\/posts\/6272"}],"collection":[{"href":"https:\/\/defensoriaparana.com.ar\/index.php\/wp-json\/wp\/v2\/posts"}],"about":[{"href":"https:\/\/defensoriaparana.com.ar\/index.php\/wp-json\/wp\/v2\/types\/post"}],"author":[{"embeddable":true,"href":"https:\/\/defensoriaparana.com.ar\/index.php\/wp-json\/wp\/v2\/users\/2"}],"replies":[{"embeddable":true,"href":"https:\/\/defensoriaparana.com.ar\/index.php\/wp-json\/wp\/v2\/comments?post=6272"}],"version-history":[{"count":1,"href":"https:\/\/defensoriaparana.com.ar\/index.php\/wp-json\/wp\/v2\/posts\/6272\/revisions"}],"predecessor-version":[{"id":6283,"href":"https:\/\/defensoriaparana.com.ar\/index.php\/wp-json\/wp\/v2\/posts\/6272\/revisions\/6283"}],"wp:featuredmedia":[{"embeddable":true,"href":"https:\/\/defensoriaparana.com.ar\/index.php\/wp-json\/wp\/v2\/media\/6284"}],"wp:attachment":[{"href":"https:\/\/defensoriaparana.com.ar\/index.php\/wp-json\/wp\/v2\/media?parent=6272"}],"wp:term":[{"taxonomy":"category","embeddable":true,"href":"https:\/\/defensoriaparana.com.ar\/index.php\/wp-json\/wp\/v2\/categories?post=6272"},{"taxonomy":"post_tag","embeddable":true,"href":"https:\/\/defensoriaparana.com.ar\/index.php\/wp-json\/wp\/v2\/tags?post=6272"}],"curies":[{"name":"wp","href":"https:\/\/api.w.org\/{rel}","templated":true}]}}