{"id":6285,"date":"2025-10-20T13:33:55","date_gmt":"2025-10-20T13:33:55","guid":{"rendered":"https:\/\/defensoriaparana.com.ar\/?p=6285"},"modified":"2025-10-20T15:19:03","modified_gmt":"2025-10-20T15:19:03","slug":"marcia-lopez-participo-de-una-jornada-sobre-violencias-organizada-por-la-defensoria-del-pueblo-de-santa-fe","status":"publish","type":"post","link":"https:\/\/defensoriaparana.com.ar\/index.php\/2025\/10\/20\/marcia-lopez-participo-de-una-jornada-sobre-violencias-organizada-por-la-defensoria-del-pueblo-de-santa-fe\/","title":{"rendered":"Marcia L\u00f3pez asisti\u00f3 a una jornada sobre violencias, organizada por la Defensor\u00eda del Pueblo de Santa Fe"},"content":{"rendered":"<p>La Defensora de Paran\u00e1, Marcia L\u00f3pez, asisti\u00f3, invitada por sus pares de Santa Fe, a una jornada de actualizaci\u00f3n en violencias, en el marco de los 10 a\u00f1os del programa que lleva adelante la instituci\u00f3n titulado \u201cCampa\u00f1a Animate: recorriendo escuelas y aliviando mochilas\u201d.<\/p>\n<p>La Defensor\u00eda del Pueblo de Santa Fe, mediante su Centro de Atenci\u00f3n a la V\u00edctima, instrument\u00f3 en 2015 el programa Animate, con \u201cel fin de generar una instancia de cuidado dentro del \u00e1mbito escolar\u201d, en base a dos objetivos principales: la promoci\u00f3n de h\u00e1bitos saludables y la prevenci\u00f3n de los abusos sexuales contra las infancias.<\/p>\n<p>Al respecto, la Defensora Marcia L\u00f3pez consider\u00f3 de gran importancia el aporte realizado por la jornada de capacitaci\u00f3n, llevada a cabo el viernes 17 en la capital santafesina, ya que ahond\u00f3 en las problem\u00e1ticas referidas a la prevenci\u00f3n y abordaje de situaciones de abuso sexual en la infancia y sobre la importancia del programa nacional de Educaci\u00f3n Sexual Integral (ESI), creado por la ley N\u00b0 26.150 en 2006.<\/p>\n<p>Tambi\u00e9n, se analiz\u00f3 la influencia del uso de las redes y de los riesgos existentes, como el grooming, y la legislaci\u00f3n vigente. En todos los casos se valor\u00f3 la existencia del programa implementado en las escuelas de Santa Fe, por parte de la Defensor\u00eda del Pueblo provincial, convirti\u00e9ndose \u201cen un espacio seguro para que los ni\u00f1os y ni\u00f1as puedan poner en palabras aquello que duele o preocupa, encontrando alivio y sost\u00e9n\u201d.<\/p>\n<p><img loading=\"lazy\" class=\"alignnone wp-image-6286 size-large\" src=\"http:\/\/defensoriaparana.com.ar\/wp-content\/uploads\/2025\/10\/WhatsApp-Image-2025-10-17-at-14.16.05-2-1024x682.jpeg\" alt=\"\" width=\"960\" height=\"639\" srcset=\"https:\/\/defensoriaparana.com.ar\/wp-content\/uploads\/2025\/10\/WhatsApp-Image-2025-10-17-at-14.16.05-2-1024x682.jpeg 1024w, https:\/\/defensoriaparana.com.ar\/wp-content\/uploads\/2025\/10\/WhatsApp-Image-2025-10-17-at-14.16.05-2-300x200.jpeg 300w, https:\/\/defensoriaparana.com.ar\/wp-content\/uploads\/2025\/10\/WhatsApp-Image-2025-10-17-at-14.16.05-2-768x512.jpeg 768w, https:\/\/defensoriaparana.com.ar\/wp-content\/uploads\/2025\/10\/WhatsApp-Image-2025-10-17-at-14.16.05-2-1536x1023.jpeg 1536w, https:\/\/defensoriaparana.com.ar\/wp-content\/uploads\/2025\/10\/WhatsApp-Image-2025-10-17-at-14.16.05-2.jpeg 1600w\" sizes=\"(max-width: 960px) 100vw, 960px\" \/><\/p>\n<p>La Defensora Marcia L\u00f3pez, junto al Defensor del Pueblo de Santa Fe Adjunto Zona Norte, Estanislao Parre\u00f1o,\u00a0 al Defensor de Ni\u00f1os, Ni\u00f1as y Adolescentes de Santa Fe, Juan Cruz Gim\u00e9nez, y al<\/p>\n<div class=\"x9f619 x1ja2u2z x78zum5 x2lah0s x1n2onr6 x1nhvcw1 x1qjc9v5 xozqiw3 x1q0g3np xyamay9 x1ws5yxj xw01apr x4cne27 xifccgj\">\n<div class=\"x9f619 x1n2onr6 x1ja2u2z x78zum5 xdt5ytf x193iq5w xeuugli x1r8uery x1iyjqo2 xs83m0k xamitd3 x1icxu4v x25sj25 x10b6aqq x1yrsyyn\">\n<div class=\"x78zum5 xdt5ytf xz62fqu x16ldp7u\">\n<div class=\"xu06os2 x1ok221b\"><span class=\"x193iq5w xeuugli x13faqbe x1vvkbs x1xmvt09 x1lliihq x1s928wv xhkezso x1gmr53x x1cpjm7i x1fgarty x1943h6x xudqn12 x3x7a5m x6prxxf xvq8zen xo1l8bm xzsf02u x1yc453h\" dir=\"auto\">Director Gral. de Comunicaci\u00f3n y Relaciones Institucionales en\u00a0 la Defensor\u00eda del Pueblo de Santa Fe,\u00a0Jorge Sans\u00f3 de la Madrid.<\/span><\/div>\n<\/div>\n<\/div>\n<\/div>\n<div class=\"x9f619 x1ja2u2z x78zum5 x2lah0s x1n2onr6 x1nhvcw1 x1qjc9v5 xozqiw3 x1q0g3np xyamay9 x1ws5yxj xw01apr x4cne27 xifccgj\"><\/div>\n","protected":false},"excerpt":{"rendered":"<p>La Defensora de Paran\u00e1, Marcia L\u00f3pez, asisti\u00f3, invitada por sus pares de Santa Fe, a una jornada de actualizaci\u00f3n en violencias, en el marco de los 10 a\u00f1os del programa que lleva adelante la instituci\u00f3n titulado \u201cCampa\u00f1a Animate: recorriendo escuelas y aliviando mochilas\u201d. La Defensor\u00eda del Pueblo de Santa Fe, mediante su Centro de Atenci\u00f3n [&hellip;]<\/p>\n","protected":false},"author":2,"featured_media":6288,"comment_status":"open","ping_status":"open","sticky":false,"template":"","format":"standard","meta":{"om_disable_all_campaigns":false,"_monsterinsights_skip_tracking":false,"_monsterinsights_sitenote_active":false,"_monsterinsights_sitenote_note":"","_monsterinsights_sitenote_category":0},"categories":[1],"tags":[],"_links":{"self":[{"href":"https:\/\/defensoriaparana.com.ar\/index.php\/wp-json\/wp\/v2\/posts\/6285"}],"collection":[{"href":"https:\/\/defensoriaparana.com.ar\/index.php\/wp-json\/wp\/v2\/posts"}],"about":[{"href":"https:\/\/defensoriaparana.com.ar\/index.php\/wp-json\/wp\/v2\/types\/post"}],"author":[{"embeddable":true,"href":"https:\/\/defensoriaparana.com.ar\/index.php\/wp-json\/wp\/v2\/users\/2"}],"replies":[{"embeddable":true,"href":"https:\/\/defensoriaparana.com.ar\/index.php\/wp-json\/wp\/v2\/comments?post=6285"}],"version-history":[{"count":7,"href":"https:\/\/defensoriaparana.com.ar\/index.php\/wp-json\/wp\/v2\/posts\/6285\/revisions"}],"predecessor-version":[{"id":6298,"href":"https:\/\/defensoriaparana.com.ar\/index.php\/wp-json\/wp\/v2\/posts\/6285\/revisions\/6298"}],"wp:featuredmedia":[{"embeddable":true,"href":"https:\/\/defensoriaparana.com.ar\/index.php\/wp-json\/wp\/v2\/media\/6288"}],"wp:attachment":[{"href":"https:\/\/defensoriaparana.com.ar\/index.php\/wp-json\/wp\/v2\/media?parent=6285"}],"wp:term":[{"taxonomy":"category","embeddable":true,"href":"https:\/\/defensoriaparana.com.ar\/index.php\/wp-json\/wp\/v2\/categories?post=6285"},{"taxonomy":"post_tag","embeddable":true,"href":"https:\/\/defensoriaparana.com.ar\/index.php\/wp-json\/wp\/v2\/tags?post=6285"}],"curies":[{"name":"wp","href":"https:\/\/api.w.org\/{rel}","templated":true}]}}