{"id":6309,"date":"2025-10-23T15:27:36","date_gmt":"2025-10-23T15:27:36","guid":{"rendered":"https:\/\/defensoriaparana.com.ar\/?p=6309"},"modified":"2025-10-23T15:28:15","modified_gmt":"2025-10-23T15:28:15","slug":"reunion-de-balance-en-la-mesa-de-politicas-publicos-por-los-derechos-de-las-personas-mayores","status":"publish","type":"post","link":"https:\/\/defensoriaparana.com.ar\/index.php\/2025\/10\/23\/reunion-de-balance-en-la-mesa-de-politicas-publicos-por-los-derechos-de-las-personas-mayores\/","title":{"rendered":"Reuni\u00f3n de cierre y balance en la Mesa de Pol\u00edticas P\u00fablicos por los derechos de las personas mayores"},"content":{"rendered":"<p>Integrantes de la Mesa de Pol\u00edticas P\u00fablicas por los derechos de las personas mayores participaron de una reuni\u00f3n de cierre y balance, ya que el mi\u00e9rcoles se concret\u00f3 el \u00faltimo encuentro de este per\u00edodo.<br \/>\nLa Mesa es un espacio creado por ordenanza, que se instrument\u00f3 y funciona bajo la coordinaci\u00f3n de la Defensora de los Derechos de las Personas Mayores, Ligia Blanco, cuyo mandato finalizar\u00e1 pr\u00f3ximamente. El lunes 27 de octubre comenzar\u00e1 el proceso de elecci\u00f3n de nuevas autoridades en el Defensor\u00eda del Pueblo de Paran\u00e1, con una convocatoria p\u00fablica de postulantes instrumentada por el Concejo Deliberante, por lo que Blanco consider\u00f3 pertinente dar un cierre de su gesti\u00f3n y realizar un balance de lo realizado en este espacio durante cuatro a\u00f1os de labor.<\/p>\n<p><img loading=\"lazy\" class=\"alignnone wp-image-6313 size-full\" src=\"http:\/\/defensoriaparana.com.ar\/wp-content\/uploads\/2025\/10\/WhatsApp-Image-2025-10-23-at-12.14.33.jpeg\" alt=\"\" width=\"568\" height=\"813\" srcset=\"https:\/\/defensoriaparana.com.ar\/wp-content\/uploads\/2025\/10\/WhatsApp-Image-2025-10-23-at-12.14.33.jpeg 568w, https:\/\/defensoriaparana.com.ar\/wp-content\/uploads\/2025\/10\/WhatsApp-Image-2025-10-23-at-12.14.33-210x300.jpeg 210w\" sizes=\"(max-width: 568px) 100vw, 568px\" \/><\/p>\n<p>En el encuentro, representantes de instituciones y organizaciones intermedias y de \u00e1reas del Estado municipal y provincial analizaron los temas trabajados, los avances, obst\u00e1culos y la agenda que quedar\u00e1 vigente para la pr\u00f3xima gesti\u00f3n.<br \/>\n\u201cEstoy muy contenta por lo que logramos en estos cuatro a\u00f1os de trabajo. Conseguimos instrumentar y consolidar un espacio nuevo, abierto a la comunidad y a la participaci\u00f3n de distintos sectores, lo que ha aportado una riqueza invalorable a nuestros an\u00e1lisis, propuestas y logros\u201d, dijo Ligia Blanco, quien agradeci\u00f3 a todos y especialmente a la Asociaci\u00f3n El Recreo, casa en la que se concretaron las reuniones.<br \/>\nLa Mesa es un espacio que se instrument\u00f3 en 2021, mediante la ordenanza 9389, con el fin de impulsar acciones tendientes a la defensa de los derechos de las personas mayores. La norma es la que establece la creaci\u00f3n de la figura del Defensor de los Derechos de las Personas Mayores en Paran\u00e1, en el \u00e1mbito de la Defensor\u00eda del Pueblo de la ciudad.<\/p>\n<p><img loading=\"lazy\" class=\"alignnone wp-image-6312 size-full\" src=\"http:\/\/defensoriaparana.com.ar\/wp-content\/uploads\/2025\/10\/WhatsApp-Image-2025-10-23-at-12.14.35-1.jpeg\" alt=\"\" width=\"567\" height=\"766\" srcset=\"https:\/\/defensoriaparana.com.ar\/wp-content\/uploads\/2025\/10\/WhatsApp-Image-2025-10-23-at-12.14.35-1.jpeg 567w, https:\/\/defensoriaparana.com.ar\/wp-content\/uploads\/2025\/10\/WhatsApp-Image-2025-10-23-at-12.14.35-1-222x300.jpeg 222w\" sizes=\"(max-width: 567px) 100vw, 567px\" \/><br \/>\nLa participaci\u00f3n es abierta a organizaciones, instituciones y \u00e1reas del Estado, cuyo trabajo est\u00e9 relacionado a tem\u00e1ticas de personas mayores. Integraron el espacio en distintos per\u00edodos representantes de decenas de \u00e1mbitos, de donde surgi\u00f3 una variedad de temas de trabajo, entre ellos se puede mencionar la problem\u00e1tica del transporte urbano de pasajeros, el estado de las veredas, el tr\u00e1nsito y la posibilidad de volver m\u00e1s amigable y accesible a los espacios p\u00fablicos de la ciudad, el an\u00e1lisis de distintas legislaciones, el acceso a la informaci\u00f3n, estafas virtuales y el acceso digital a servicios, entre otros.<\/p>\n<p><img loading=\"lazy\" class=\"alignnone wp-image-6314 size-full\" src=\"http:\/\/defensoriaparana.com.ar\/wp-content\/uploads\/2025\/10\/WhatsApp-Image-2025-10-23-at-12.14.32.jpeg\" alt=\"\" width=\"570\" height=\"867\" srcset=\"https:\/\/defensoriaparana.com.ar\/wp-content\/uploads\/2025\/10\/WhatsApp-Image-2025-10-23-at-12.14.32.jpeg 570w, https:\/\/defensoriaparana.com.ar\/wp-content\/uploads\/2025\/10\/WhatsApp-Image-2025-10-23-at-12.14.32-197x300.jpeg 197w\" sizes=\"(max-width: 570px) 100vw, 570px\" \/><img loading=\"lazy\" class=\"alignnone wp-image-6310 \" src=\"http:\/\/defensoriaparana.com.ar\/wp-content\/uploads\/2025\/10\/WhatsApp-Image-2025-10-23-at-12.14.36.jpeg\" alt=\"\" width=\"609\" height=\"869\" srcset=\"https:\/\/defensoriaparana.com.ar\/wp-content\/uploads\/2025\/10\/WhatsApp-Image-2025-10-23-at-12.14.36.jpeg 570w, https:\/\/defensoriaparana.com.ar\/wp-content\/uploads\/2025\/10\/WhatsApp-Image-2025-10-23-at-12.14.36-210x300.jpeg 210w\" sizes=\"(max-width: 609px) 100vw, 609px\" \/><\/p>\n","protected":false},"excerpt":{"rendered":"<p>Integrantes de la Mesa de Pol\u00edticas P\u00fablicas por los derechos de las personas mayores participaron de una reuni\u00f3n de cierre y balance, ya que el mi\u00e9rcoles se concret\u00f3 el \u00faltimo encuentro de este per\u00edodo. La Mesa es un espacio creado por ordenanza, que se instrument\u00f3 y funciona bajo la coordinaci\u00f3n de la Defensora de los [&hellip;]<\/p>\n","protected":false},"author":2,"featured_media":6311,"comment_status":"open","ping_status":"open","sticky":false,"template":"","format":"standard","meta":{"om_disable_all_campaigns":false,"_monsterinsights_skip_tracking":false,"_monsterinsights_sitenote_active":false,"_monsterinsights_sitenote_note":"","_monsterinsights_sitenote_category":0},"categories":[1],"tags":[],"_links":{"self":[{"href":"https:\/\/defensoriaparana.com.ar\/index.php\/wp-json\/wp\/v2\/posts\/6309"}],"collection":[{"href":"https:\/\/defensoriaparana.com.ar\/index.php\/wp-json\/wp\/v2\/posts"}],"about":[{"href":"https:\/\/defensoriaparana.com.ar\/index.php\/wp-json\/wp\/v2\/types\/post"}],"author":[{"embeddable":true,"href":"https:\/\/defensoriaparana.com.ar\/index.php\/wp-json\/wp\/v2\/users\/2"}],"replies":[{"embeddable":true,"href":"https:\/\/defensoriaparana.com.ar\/index.php\/wp-json\/wp\/v2\/comments?post=6309"}],"version-history":[{"count":2,"href":"https:\/\/defensoriaparana.com.ar\/index.php\/wp-json\/wp\/v2\/posts\/6309\/revisions"}],"predecessor-version":[{"id":6316,"href":"https:\/\/defensoriaparana.com.ar\/index.php\/wp-json\/wp\/v2\/posts\/6309\/revisions\/6316"}],"wp:featuredmedia":[{"embeddable":true,"href":"https:\/\/defensoriaparana.com.ar\/index.php\/wp-json\/wp\/v2\/media\/6311"}],"wp:attachment":[{"href":"https:\/\/defensoriaparana.com.ar\/index.php\/wp-json\/wp\/v2\/media?parent=6309"}],"wp:term":[{"taxonomy":"category","embeddable":true,"href":"https:\/\/defensoriaparana.com.ar\/index.php\/wp-json\/wp\/v2\/categories?post=6309"},{"taxonomy":"post_tag","embeddable":true,"href":"https:\/\/defensoriaparana.com.ar\/index.php\/wp-json\/wp\/v2\/tags?post=6309"}],"curies":[{"name":"wp","href":"https:\/\/api.w.org\/{rel}","templated":true}]}}