{"id":6317,"date":"2025-10-24T14:53:39","date_gmt":"2025-10-24T14:53:39","guid":{"rendered":"https:\/\/defensoriaparana.com.ar\/?p=6317"},"modified":"2025-10-24T14:53:39","modified_gmt":"2025-10-24T14:53:39","slug":"restitucion-de-las-pensiones-no-contributivas-por-invalidez-laboral-y-el-rol-de-las-defensorias-del-pueblo","status":"publish","type":"post","link":"https:\/\/defensoriaparana.com.ar\/index.php\/2025\/10\/24\/restitucion-de-las-pensiones-no-contributivas-por-invalidez-laboral-y-el-rol-de-las-defensorias-del-pueblo\/","title":{"rendered":"Restituci\u00f3n de las Pensiones No Contributivas por invalidez laboral y el rol de las Defensor\u00edas del Pueblo"},"content":{"rendered":"<p>La Defensor\u00eda del Pueblo de Paran\u00e1 destaca el trabajo conjunto de las Defensor\u00edas del Pueblo del pa\u00eds que deriv\u00f3 en la disposici\u00f3n judicial que ordena la restituci\u00f3n de las Pensiones No Contributivas por invalidez laboral en todo el pa\u00eds, que hab\u00edan sido suspendidas durante los procesos de auditoria realizados por la Agencia Nacional de Discapacidad (Andis).<\/p>\n<p>Una acci\u00f3n de amparo colectivo impulsada por la Defensor\u00eda del Pueblo de Catamarca junto a asociaciones civiles dio lugar al fallo del Juzgado Federal N2 de esa provincia, difundido el viernes 17, que establece adem\u00e1s que el organismo nacional se abstenga de aplicar nuevas bajas hasta que se dicte una sentencia definitiva del expediente.<\/p>\n<p>El rol de las Defensor\u00edas del Pueblo, junto a otras organizaciones de la comunidad fue fundamental en la defensa de los derechos de las personas afectadas en el marco de las auditor\u00edas nacionales. En el caso de Paran\u00e1, la Defensor\u00eda del Pueblo atendi\u00f3 \u2013y lo sigue haciendo- a decenas de titulares de PNC que requer\u00edan informaci\u00f3n y acompa\u00f1amiento en los tr\u00e1mites exigidos para conservar o recuperar el beneficio. Junto a e instituciones y organizaciones de la ciudad y la provincia, relacionadas con la tem\u00e1tica cuyos principales afectados son ciudadanos en estado de vulnerabilidad, se acordaron acciones y gestiones.<\/p>\n<p>Ante la sentencia, finalmente el interventor de la Andis, Alejandro Alberto Vilches, resolvi\u00f3 dejar sin efecto las suspensiones, \u201creanudar los pagos desde el mes en que fueron interrumpidos y notificar a los beneficiarios para que la Anses reactive las prestaciones\u201d de acuerdo al cronograma de pagos previstos.<\/p>\n","protected":false},"excerpt":{"rendered":"<p>La Defensor\u00eda del Pueblo de Paran\u00e1 destaca el trabajo conjunto de las Defensor\u00edas del Pueblo del pa\u00eds que deriv\u00f3 en la disposici\u00f3n judicial que ordena la restituci\u00f3n de las Pensiones No Contributivas por invalidez laboral en todo el pa\u00eds, que hab\u00edan sido suspendidas durante los procesos de auditoria realizados por la Agencia Nacional de Discapacidad [&hellip;]<\/p>\n","protected":false},"author":2,"featured_media":6318,"comment_status":"open","ping_status":"open","sticky":false,"template":"","format":"standard","meta":{"om_disable_all_campaigns":false,"_monsterinsights_skip_tracking":false,"_monsterinsights_sitenote_active":false,"_monsterinsights_sitenote_note":"","_monsterinsights_sitenote_category":0},"categories":[1],"tags":[],"_links":{"self":[{"href":"https:\/\/defensoriaparana.com.ar\/index.php\/wp-json\/wp\/v2\/posts\/6317"}],"collection":[{"href":"https:\/\/defensoriaparana.com.ar\/index.php\/wp-json\/wp\/v2\/posts"}],"about":[{"href":"https:\/\/defensoriaparana.com.ar\/index.php\/wp-json\/wp\/v2\/types\/post"}],"author":[{"embeddable":true,"href":"https:\/\/defensoriaparana.com.ar\/index.php\/wp-json\/wp\/v2\/users\/2"}],"replies":[{"embeddable":true,"href":"https:\/\/defensoriaparana.com.ar\/index.php\/wp-json\/wp\/v2\/comments?post=6317"}],"version-history":[{"count":1,"href":"https:\/\/defensoriaparana.com.ar\/index.php\/wp-json\/wp\/v2\/posts\/6317\/revisions"}],"predecessor-version":[{"id":6319,"href":"https:\/\/defensoriaparana.com.ar\/index.php\/wp-json\/wp\/v2\/posts\/6317\/revisions\/6319"}],"wp:featuredmedia":[{"embeddable":true,"href":"https:\/\/defensoriaparana.com.ar\/index.php\/wp-json\/wp\/v2\/media\/6318"}],"wp:attachment":[{"href":"https:\/\/defensoriaparana.com.ar\/index.php\/wp-json\/wp\/v2\/media?parent=6317"}],"wp:term":[{"taxonomy":"category","embeddable":true,"href":"https:\/\/defensoriaparana.com.ar\/index.php\/wp-json\/wp\/v2\/categories?post=6317"},{"taxonomy":"post_tag","embeddable":true,"href":"https:\/\/defensoriaparana.com.ar\/index.php\/wp-json\/wp\/v2\/tags?post=6317"}],"curies":[{"name":"wp","href":"https:\/\/api.w.org\/{rel}","templated":true}]}}