{"id":6320,"date":"2025-10-24T15:51:04","date_gmt":"2025-10-24T15:51:04","guid":{"rendered":"https:\/\/defensoriaparana.com.ar\/?p=6320"},"modified":"2025-10-24T15:51:04","modified_gmt":"2025-10-24T15:51:04","slug":"mediadores-comunitarios-se-reunieron-en-nueva-instancia-de-capacitacion","status":"publish","type":"post","link":"https:\/\/defensoriaparana.com.ar\/index.php\/2025\/10\/24\/mediadores-comunitarios-se-reunieron-en-nueva-instancia-de-capacitacion\/","title":{"rendered":"Mediadores comunitarios se reunieron en nueva instancia de capacitaci\u00f3n"},"content":{"rendered":"<p>Integrantes del Registro de Mediadores Comunitarios ad honorem de la Defensor\u00eda del Pueblo de Paran\u00e1 se reunieron en una ronda numerosa, en una nueva instancia de la capacitaci\u00f3n regular que brinda la instituci\u00f3n.<br \/>\n\u201cIntercambio de experiencias: compartiendo vivencias y aprendizajes\u201d fue el t\u00edtulo del IV taller de reflexi\u00f3n, realizado el mi\u00e9rcoles 22 en el Complejo Sala Mayo, que cont\u00f3 con la participaci\u00f3n de mediadoras y mediadores del Registro, que intervienen de manera voluntaria, en favor de abrir espacios de di\u00e1logo y escucha, en los distintos casos de conflictos comunitarios que atiende la Defensor\u00eda del Pueblo.<\/p>\n<p><img loading=\"lazy\" class=\"alignnone wp-image-6323 size-large\" src=\"http:\/\/defensoriaparana.com.ar\/wp-content\/uploads\/2025\/10\/WhatsApp-Image-2025-10-24-at-12.31.59-1-1-1024x461.jpeg\" alt=\"\" width=\"960\" height=\"432\" srcset=\"https:\/\/defensoriaparana.com.ar\/wp-content\/uploads\/2025\/10\/WhatsApp-Image-2025-10-24-at-12.31.59-1-1-1024x461.jpeg 1024w, https:\/\/defensoriaparana.com.ar\/wp-content\/uploads\/2025\/10\/WhatsApp-Image-2025-10-24-at-12.31.59-1-1-300x135.jpeg 300w, https:\/\/defensoriaparana.com.ar\/wp-content\/uploads\/2025\/10\/WhatsApp-Image-2025-10-24-at-12.31.59-1-1-768x346.jpeg 768w, https:\/\/defensoriaparana.com.ar\/wp-content\/uploads\/2025\/10\/WhatsApp-Image-2025-10-24-at-12.31.59-1-1-1536x691.jpeg 1536w, https:\/\/defensoriaparana.com.ar\/wp-content\/uploads\/2025\/10\/WhatsApp-Image-2025-10-24-at-12.31.59-1-1-2048x922.jpeg 2048w\" sizes=\"(max-width: 960px) 100vw, 960px\" \/><br \/>\n\u201cFue una experiencia muy enriquecedora, con intercambios y vivencias individuales y grupales valios\u00edsimos, que significan un gran aporte a la actualizaci\u00f3n permanente de perspectivas y estrategias compartidas\u201d, dijo la Coordinadora del Centro de Mediaci\u00f3n, Irina Chausovsky, quien tuvo a cargo la organizaci\u00f3n y gu\u00eda del taller.<\/p>\n<p><img loading=\"lazy\" class=\"alignnone wp-image-6326 \" src=\"http:\/\/defensoriaparana.com.ar\/wp-content\/uploads\/2025\/10\/IRINA-612x1024.jpeg\" alt=\"\" width=\"439\" height=\"734\" srcset=\"https:\/\/defensoriaparana.com.ar\/wp-content\/uploads\/2025\/10\/IRINA-612x1024.jpeg 612w, https:\/\/defensoriaparana.com.ar\/wp-content\/uploads\/2025\/10\/IRINA-179x300.jpeg 179w, https:\/\/defensoriaparana.com.ar\/wp-content\/uploads\/2025\/10\/IRINA-768x1285.jpeg 768w, https:\/\/defensoriaparana.com.ar\/wp-content\/uploads\/2025\/10\/IRINA-918x1536.jpeg 918w, https:\/\/defensoriaparana.com.ar\/wp-content\/uploads\/2025\/10\/IRINA-1224x2048.jpeg 1224w, https:\/\/defensoriaparana.com.ar\/wp-content\/uploads\/2025\/10\/IRINA-scaled.jpeg 1530w\" sizes=\"(max-width: 439px) 100vw, 439px\" \/><\/p>\n<p>Durante el encuentro, se analizaron mediaciones realizadas en base al testimonio de los mediadores participantes: se convers\u00f3 sobre las interpelaciones que cada caso presenta, los desaf\u00edos, los resultados y sobre, principalmente, la manera en que se abord\u00f3 cada conflicto desde la disciplina. Todo ello con un sentido reflexivo, cr\u00edtico y constructivo, con el fin de que la experiencia sea un avance en el aprendizaje continuo.<\/p>\n<p><img loading=\"lazy\" class=\"alignnone wp-image-6330 size-large\" src=\"http:\/\/defensoriaparana.com.ar\/wp-content\/uploads\/2025\/10\/WhatsApp-Image-2025-10-24-at-12.31.58-461x1024.jpeg\" alt=\"\" width=\"461\" height=\"1024\" srcset=\"https:\/\/defensoriaparana.com.ar\/wp-content\/uploads\/2025\/10\/WhatsApp-Image-2025-10-24-at-12.31.58-461x1024.jpeg 461w, https:\/\/defensoriaparana.com.ar\/wp-content\/uploads\/2025\/10\/WhatsApp-Image-2025-10-24-at-12.31.58-135x300.jpeg 135w, https:\/\/defensoriaparana.com.ar\/wp-content\/uploads\/2025\/10\/WhatsApp-Image-2025-10-24-at-12.31.58-768x1707.jpeg 768w, https:\/\/defensoriaparana.com.ar\/wp-content\/uploads\/2025\/10\/WhatsApp-Image-2025-10-24-at-12.31.58-691x1536.jpeg 691w, https:\/\/defensoriaparana.com.ar\/wp-content\/uploads\/2025\/10\/WhatsApp-Image-2025-10-24-at-12.31.58-922x2048.jpeg 922w, https:\/\/defensoriaparana.com.ar\/wp-content\/uploads\/2025\/10\/WhatsApp-Image-2025-10-24-at-12.31.58-scaled.jpeg 1152w\" sizes=\"(max-width: 461px) 100vw, 461px\" \/> \u00a0<img loading=\"lazy\" class=\"alignnone wp-image-6332 size-large\" src=\"http:\/\/defensoriaparana.com.ar\/wp-content\/uploads\/2025\/10\/WhatsApp-Image-2025-10-24-at-12.31.55-461x1024.jpeg\" alt=\"\" width=\"461\" height=\"1024\" srcset=\"https:\/\/defensoriaparana.com.ar\/wp-content\/uploads\/2025\/10\/WhatsApp-Image-2025-10-24-at-12.31.55-461x1024.jpeg 461w, https:\/\/defensoriaparana.com.ar\/wp-content\/uploads\/2025\/10\/WhatsApp-Image-2025-10-24-at-12.31.55-135x300.jpeg 135w, https:\/\/defensoriaparana.com.ar\/wp-content\/uploads\/2025\/10\/WhatsApp-Image-2025-10-24-at-12.31.55-768x1707.jpeg 768w, https:\/\/defensoriaparana.com.ar\/wp-content\/uploads\/2025\/10\/WhatsApp-Image-2025-10-24-at-12.31.55-691x1536.jpeg 691w, https:\/\/defensoriaparana.com.ar\/wp-content\/uploads\/2025\/10\/WhatsApp-Image-2025-10-24-at-12.31.55-922x2048.jpeg 922w, https:\/\/defensoriaparana.com.ar\/wp-content\/uploads\/2025\/10\/WhatsApp-Image-2025-10-24-at-12.31.55-scaled.jpeg 1152w\" sizes=\"(max-width: 461px) 100vw, 461px\" \/><br \/>\nLa capacitaci\u00f3n y revisi\u00f3n de la pr\u00e1ctica es considerada primordial para garantizar la calidad del servicio de mediaci\u00f3n que el Centro de Mediaci\u00f3n brinda a la ciudadan\u00eda.<br \/>\nEl Registro de Mediadores funciona desde 2003. Est\u00e1 integrado por personas que cuentan con formaciones y trayectorias diversas, que ofrecen sus servicios generosamente.<br \/>\nSe atienden unos 500 casos por a\u00f1o. La mediaci\u00f3n comunitaria es un servicio extrajudicial, voluntario, confidencial y gratuito. Se propone como un espacio de encuentro para propiciar el di\u00e1logo, la comprensi\u00f3n mutua y la colaboraci\u00f3n entre los vecinos.<\/p>\n<p><img loading=\"lazy\" class=\"alignnone wp-image-6333 size-large\" src=\"http:\/\/defensoriaparana.com.ar\/wp-content\/uploads\/2025\/10\/WhatsApp-Image-2025-10-24-at-12.31.53-1024x461.jpeg\" alt=\"\" width=\"960\" height=\"432\" srcset=\"https:\/\/defensoriaparana.com.ar\/wp-content\/uploads\/2025\/10\/WhatsApp-Image-2025-10-24-at-12.31.53-1024x461.jpeg 1024w, https:\/\/defensoriaparana.com.ar\/wp-content\/uploads\/2025\/10\/WhatsApp-Image-2025-10-24-at-12.31.53-300x135.jpeg 300w, https:\/\/defensoriaparana.com.ar\/wp-content\/uploads\/2025\/10\/WhatsApp-Image-2025-10-24-at-12.31.53-768x346.jpeg 768w, https:\/\/defensoriaparana.com.ar\/wp-content\/uploads\/2025\/10\/WhatsApp-Image-2025-10-24-at-12.31.53-1536x691.jpeg 1536w, https:\/\/defensoriaparana.com.ar\/wp-content\/uploads\/2025\/10\/WhatsApp-Image-2025-10-24-at-12.31.53-2048x922.jpeg 2048w\" sizes=\"(max-width: 960px) 100vw, 960px\" \/><img loading=\"lazy\" class=\"alignnone wp-image-6334 size-large\" src=\"http:\/\/defensoriaparana.com.ar\/wp-content\/uploads\/2025\/10\/WhatsApp-Image-2025-10-24-at-12.30.19-1024x461.jpeg\" alt=\"\" width=\"960\" height=\"432\" srcset=\"https:\/\/defensoriaparana.com.ar\/wp-content\/uploads\/2025\/10\/WhatsApp-Image-2025-10-24-at-12.30.19-1024x461.jpeg 1024w, https:\/\/defensoriaparana.com.ar\/wp-content\/uploads\/2025\/10\/WhatsApp-Image-2025-10-24-at-12.30.19-300x135.jpeg 300w, https:\/\/defensoriaparana.com.ar\/wp-content\/uploads\/2025\/10\/WhatsApp-Image-2025-10-24-at-12.30.19-768x346.jpeg 768w, https:\/\/defensoriaparana.com.ar\/wp-content\/uploads\/2025\/10\/WhatsApp-Image-2025-10-24-at-12.30.19-1536x692.jpeg 1536w, https:\/\/defensoriaparana.com.ar\/wp-content\/uploads\/2025\/10\/WhatsApp-Image-2025-10-24-at-12.30.19-2048x922.jpeg 2048w\" sizes=\"(max-width: 960px) 100vw, 960px\" \/><br \/>\n<strong>Nuestras v\u00edas de contacto<\/strong>:<br \/>\nCentro de Mediaci\u00f3n de la Defensor\u00eda del Pueblo, ubicado en calle Yrigoyen 236<br \/>\nTel\u00e9fono al 343 4211029 (de 7.30 a 13),<br \/>\nWhatsApp 3435-16-3712<br \/>\nMail mediacionparana@hotmail.com<\/p>\n","protected":false},"excerpt":{"rendered":"<p>Integrantes del Registro de Mediadores Comunitarios ad honorem de la Defensor\u00eda del Pueblo de Paran\u00e1 se reunieron en una ronda numerosa, en una nueva instancia de la capacitaci\u00f3n regular que brinda la instituci\u00f3n. \u201cIntercambio de experiencias: compartiendo vivencias y aprendizajes\u201d fue el t\u00edtulo del IV taller de reflexi\u00f3n, realizado el mi\u00e9rcoles 22 en el Complejo [&hellip;]<\/p>\n","protected":false},"author":2,"featured_media":6321,"comment_status":"open","ping_status":"open","sticky":false,"template":"","format":"standard","meta":{"om_disable_all_campaigns":false,"_monsterinsights_skip_tracking":false,"_monsterinsights_sitenote_active":false,"_monsterinsights_sitenote_note":"","_monsterinsights_sitenote_category":0},"categories":[1],"tags":[],"_links":{"self":[{"href":"https:\/\/defensoriaparana.com.ar\/index.php\/wp-json\/wp\/v2\/posts\/6320"}],"collection":[{"href":"https:\/\/defensoriaparana.com.ar\/index.php\/wp-json\/wp\/v2\/posts"}],"about":[{"href":"https:\/\/defensoriaparana.com.ar\/index.php\/wp-json\/wp\/v2\/types\/post"}],"author":[{"embeddable":true,"href":"https:\/\/defensoriaparana.com.ar\/index.php\/wp-json\/wp\/v2\/users\/2"}],"replies":[{"embeddable":true,"href":"https:\/\/defensoriaparana.com.ar\/index.php\/wp-json\/wp\/v2\/comments?post=6320"}],"version-history":[{"count":1,"href":"https:\/\/defensoriaparana.com.ar\/index.php\/wp-json\/wp\/v2\/posts\/6320\/revisions"}],"predecessor-version":[{"id":6335,"href":"https:\/\/defensoriaparana.com.ar\/index.php\/wp-json\/wp\/v2\/posts\/6320\/revisions\/6335"}],"wp:featuredmedia":[{"embeddable":true,"href":"https:\/\/defensoriaparana.com.ar\/index.php\/wp-json\/wp\/v2\/media\/6321"}],"wp:attachment":[{"href":"https:\/\/defensoriaparana.com.ar\/index.php\/wp-json\/wp\/v2\/media?parent=6320"}],"wp:term":[{"taxonomy":"category","embeddable":true,"href":"https:\/\/defensoriaparana.com.ar\/index.php\/wp-json\/wp\/v2\/categories?post=6320"},{"taxonomy":"post_tag","embeddable":true,"href":"https:\/\/defensoriaparana.com.ar\/index.php\/wp-json\/wp\/v2\/tags?post=6320"}],"curies":[{"name":"wp","href":"https:\/\/api.w.org\/{rel}","templated":true}]}}