{"id":6336,"date":"2025-10-28T20:29:19","date_gmt":"2025-10-28T20:29:19","guid":{"rendered":"https:\/\/defensoriaparana.com.ar\/?p=6336"},"modified":"2025-10-28T20:41:25","modified_gmt":"2025-10-28T20:41:25","slug":"derechos-de-las-personas-migrantes-la-defensora-cecilia-pautaso-participo-de-una-capacitacion","status":"publish","type":"post","link":"https:\/\/defensoriaparana.com.ar\/index.php\/2025\/10\/28\/derechos-de-las-personas-migrantes-la-defensora-cecilia-pautaso-participo-de-una-capacitacion\/","title":{"rendered":"Derechos de las personas migrantes: La Defensora Cecilia Pautaso particip\u00f3 de un encuentro por la dignidad e igualdad"},"content":{"rendered":"<p>En el marco del trabajo que viene desarrollando la Defensor\u00eda del Pueblo en la tem\u00e1tica de las personas migrantes que llegan a Paran\u00e1 y zonas aleda\u00f1as, la Defensora del Pueblo Adjunta, Cecilia Pautaso, particip\u00f3 de una capacitaci\u00f3n organizada por la Municipalidad, la Naci\u00f3n y la Oficina Internacional de Migraciones (OIM).<br \/>\nLa actividad, que reuni\u00f3 a integrantes de distintas instituciones y organizaciones, se desarroll\u00f3 teniendo como referencia un proyecto, en el que Paran\u00e1 fue seleccionada por la Organizaci\u00f3n de Naciones Unidas (ONU), entre seis municipios del pa\u00eds. \u201cAumentar la participaci\u00f3n de mujeres y diversidades en la pol\u00edtica migratoria y afines\u201d es el t\u00edtulo de la iniciativa impulsada por la OIM.<\/p>\n<p><img loading=\"lazy\" class=\"alignnone wp-image-6341 size-large\" src=\"http:\/\/defensoriaparana.com.ar\/wp-content\/uploads\/2025\/10\/apaisada-1024x461.jpg\" alt=\"\" width=\"960\" height=\"432\" srcset=\"https:\/\/defensoriaparana.com.ar\/wp-content\/uploads\/2025\/10\/apaisada-1024x461.jpg 1024w, https:\/\/defensoriaparana.com.ar\/wp-content\/uploads\/2025\/10\/apaisada-300x135.jpg 300w, https:\/\/defensoriaparana.com.ar\/wp-content\/uploads\/2025\/10\/apaisada-768x346.jpg 768w, https:\/\/defensoriaparana.com.ar\/wp-content\/uploads\/2025\/10\/apaisada-1536x691.jpg 1536w, https:\/\/defensoriaparana.com.ar\/wp-content\/uploads\/2025\/10\/apaisada.jpg 1600w\" sizes=\"(max-width: 960px) 100vw, 960px\" \/><br \/>\nLa consideraci\u00f3n de la realidad de las personas migrantes en la ciudad resulta esencial para atender y facilitar el acceso a sus derechos y para promover pautas culturales que erradican miradas sesgadas que reproducen desigualdades. Desde la capacitaci\u00f3n y la sensibilizaci\u00f3n \u201cde quienes integran el Estado, se busca fortalecer un accionar comprometido con la igualdad y la dignidad de todas las personas que habitan la ciudad\u201d, se recalc\u00f3.<\/p>\n<p><img loading=\"lazy\" class=\"alignnone wp-image-6343 size-large\" src=\"http:\/\/defensoriaparana.com.ar\/wp-content\/uploads\/2025\/10\/otra-que-va-1-614x1024.jpg\" alt=\"\" width=\"614\" height=\"1024\" srcset=\"https:\/\/defensoriaparana.com.ar\/wp-content\/uploads\/2025\/10\/otra-que-va-1-614x1024.jpg 614w, https:\/\/defensoriaparana.com.ar\/wp-content\/uploads\/2025\/10\/otra-que-va-1-180x300.jpg 180w, https:\/\/defensoriaparana.com.ar\/wp-content\/uploads\/2025\/10\/otra-que-va-1.jpg 707w\" sizes=\"(max-width: 614px) 100vw, 614px\" \/><br \/>\n\u201cEs muy importante poder profundizar y fortalecer la promoci\u00f3n y defensa de los derechos de las personas migrantes. Se trata de un compromiso y una tarea que desde la Defensor\u00eda del Pueblo venimos desarrollando en forma permanente, ya que en nuestra instituci\u00f3n se atienden y acompa\u00f1an distintos casos de personas que llegan a Paran\u00e1 sin, muchas veces, contar con recursos para afrontar requisitos y demandas urgentes\u201d, dijo la Defensora.<br \/>\nCecilia Pautaso record\u00f3 que la instituci\u00f3n participa activamente de espacios y trabajo en red con otras instituciones con el fin de avanzar en acciones concretas que atiendan y faciliten la situaci\u00f3n de migrantes.<\/p>\n<p><img loading=\"lazy\" class=\"alignnone wp-image-6348 size-full\" src=\"http:\/\/defensoriaparana.com.ar\/wp-content\/uploads\/2025\/10\/plano.jpg\" alt=\"\" width=\"705\" height=\"917\" srcset=\"https:\/\/defensoriaparana.com.ar\/wp-content\/uploads\/2025\/10\/plano.jpg 705w, https:\/\/defensoriaparana.com.ar\/wp-content\/uploads\/2025\/10\/plano-231x300.jpg 231w\" sizes=\"(max-width: 705px) 100vw, 705px\" \/><\/p>\n<p>La capacitaci\u00f3n se desarroll\u00f3 en el Sal\u00f3n Mariano Moreno del Concejo Deliberante, organizada por la Subsecretar\u00eda de G\u00e9nero, Diversidad y Ni\u00f1ez, la Direcci\u00f3n General de Colectividades municipales y la Secretar\u00eda de Derechos Humanos de Naci\u00f3n, junto a la OIM.<br \/>\nDesde la organizaci\u00f3n se inform\u00f3 que \u201cla capacitaci\u00f3n representa la primera etapa del proyecto, que continuar\u00e1 con una fase de financiamiento para desarrollar acciones concretas en la ciudad orientadas a garantizar los derechos de las personas migrantes\u201d.<\/p>\n","protected":false},"excerpt":{"rendered":"<p>En el marco del trabajo que viene desarrollando la Defensor\u00eda del Pueblo en la tem\u00e1tica de las personas migrantes que llegan a Paran\u00e1 y zonas aleda\u00f1as, la Defensora del Pueblo Adjunta, Cecilia Pautaso, particip\u00f3 de una capacitaci\u00f3n organizada por la Municipalidad, la Naci\u00f3n y la Oficina Internacional de Migraciones (OIM). La actividad, que reuni\u00f3 a [&hellip;]<\/p>\n","protected":false},"author":2,"featured_media":6337,"comment_status":"open","ping_status":"open","sticky":false,"template":"","format":"standard","meta":{"om_disable_all_campaigns":false,"_monsterinsights_skip_tracking":false,"_monsterinsights_sitenote_active":false,"_monsterinsights_sitenote_note":"","_monsterinsights_sitenote_category":0},"categories":[1],"tags":[],"_links":{"self":[{"href":"https:\/\/defensoriaparana.com.ar\/index.php\/wp-json\/wp\/v2\/posts\/6336"}],"collection":[{"href":"https:\/\/defensoriaparana.com.ar\/index.php\/wp-json\/wp\/v2\/posts"}],"about":[{"href":"https:\/\/defensoriaparana.com.ar\/index.php\/wp-json\/wp\/v2\/types\/post"}],"author":[{"embeddable":true,"href":"https:\/\/defensoriaparana.com.ar\/index.php\/wp-json\/wp\/v2\/users\/2"}],"replies":[{"embeddable":true,"href":"https:\/\/defensoriaparana.com.ar\/index.php\/wp-json\/wp\/v2\/comments?post=6336"}],"version-history":[{"count":5,"href":"https:\/\/defensoriaparana.com.ar\/index.php\/wp-json\/wp\/v2\/posts\/6336\/revisions"}],"predecessor-version":[{"id":6350,"href":"https:\/\/defensoriaparana.com.ar\/index.php\/wp-json\/wp\/v2\/posts\/6336\/revisions\/6350"}],"wp:featuredmedia":[{"embeddable":true,"href":"https:\/\/defensoriaparana.com.ar\/index.php\/wp-json\/wp\/v2\/media\/6337"}],"wp:attachment":[{"href":"https:\/\/defensoriaparana.com.ar\/index.php\/wp-json\/wp\/v2\/media?parent=6336"}],"wp:term":[{"taxonomy":"category","embeddable":true,"href":"https:\/\/defensoriaparana.com.ar\/index.php\/wp-json\/wp\/v2\/categories?post=6336"},{"taxonomy":"post_tag","embeddable":true,"href":"https:\/\/defensoriaparana.com.ar\/index.php\/wp-json\/wp\/v2\/tags?post=6336"}],"curies":[{"name":"wp","href":"https:\/\/api.w.org\/{rel}","templated":true}]}}