{"id":6405,"date":"2025-11-06T15:18:00","date_gmt":"2025-11-06T15:18:00","guid":{"rendered":"https:\/\/defensoriaparana.com.ar\/?p=6405"},"modified":"2025-11-06T15:51:18","modified_gmt":"2025-11-06T15:51:18","slug":"comienza-la-inscripcion-de-mediadores-comunitarios-en-la-defensoria-del-pueblo-de-parana","status":"publish","type":"post","link":"https:\/\/defensoriaparana.com.ar\/index.php\/2025\/11\/06\/comienza-la-inscripcion-de-mediadores-comunitarios-en-la-defensoria-del-pueblo-de-parana\/","title":{"rendered":"Comienza la inscripci\u00f3n de mediadores comunitarios en la Defensor\u00eda del Pueblo de Paran\u00e1"},"content":{"rendered":"<p>Desde el pr\u00f3ximo lunes 10 hasta el viernes 14 de noviembre estar\u00e1 abierta la inscripci\u00f3n para formar parte del Registro de Mediadores Comunitarios Voluntarios y ad honorem 2026 de la Defensor\u00eda del Pueblo de Paran\u00e1.<\/p>\n<p>La instituci\u00f3n atiende de manera gratuita un promedio de 500 casos de conflictos entre vecinos por a\u00f1o y lo hace mediante la valiosa colaboraci\u00f3n de mediadoras y mediadores voluntarios.<\/p>\n<p>La n\u00f3mina se renueva de manera anual mediante una convocatoria p\u00fablica realizada en noviembre, mes aniversario del Centro de Mediaci\u00f3n de la instituci\u00f3n.<\/p>\n<p><strong>Requisitos <\/strong><\/p>\n<p>Las personas interesadas en anotarse deber\u00e1n reunir los siguientes requisitos: el t\u00edtulo de formaci\u00f3n b\u00e1sica en Mediaci\u00f3n con homologaci\u00f3n del Ministerio de Justicia de la Naci\u00f3n, certificados de niveles educativos alcanzados (m\u00ednimo el secundario completo) y un breve curr\u00edculum vitae.<\/p>\n<p>Con copias de dicha documentaci\u00f3n, deber\u00e1n acercarse a la sede de la Defensor\u00eda del Pueblo, en calle H. Yrigoyen 236, en el horario de 8 a 13, y completar personalmente una planilla de inscripci\u00f3n.<\/p>\n<p>Los mediadores que son parte del Registro en la actualidad o lo han sido en otros per\u00edodos deben reunir los requisitos exigidos y acreditar la concreci\u00f3n de capacitaci\u00f3n espec\u00edfica que brinda la instituci\u00f3n.<\/p>\n<p>Por m\u00e1s informaci\u00f3n, los postulantes podr\u00e1n comunicarse con los tel\u00e9fonos (0343) 4211029 (de 8 a 13), la l\u00ednea de WhatsApp 343 5163712 o el mail <a href=\"mailto:mediacionparana@hotmail.com\">mediacionparana@hotmail.com<\/a>.<\/p>\n<p>La Defensor\u00eda del Pueblo ofrece a la comunidad el servicio de mediaci\u00f3n desde sus inicios, en 2003. Es una instancia extrajudicial, voluntaria y confidencial, a cargo del Centro de Mediaci\u00f3n Comunitaria de la instituci\u00f3n.<\/p>\n<p>&nbsp;<\/p>\n<p><strong>La mediaci\u00f3n al servicio de la comunidad<\/strong><\/p>\n<p>La Defensor\u00eda del Pueblo de Paran\u00e1 recibe a diario conflictos comunitarios de distinta \u00edndole y por una diversidad ampl\u00edsima de temas. Mediante la mediaci\u00f3n, una herramienta de trabajo considerada fundamental para la instituci\u00f3n, se promueven espacios de encuentro, di\u00e1logo y escucha entre los vecinos con el objetivo de lograr, de manera consensuada, la resoluci\u00f3n pac\u00edfica y colaborativa de situaciones que afectan la convivencia.<\/p>\n<p>La posibilidad de brindar este servicio a la comunidad es gracias al aporte del Registro de Mediadores Comunitarios Voluntarios, integrado cada a\u00f1o por decenas de mediadores y mediadoras que brindan generosamente su experiencia, tiempo y dedicaci\u00f3n.<\/p>\n<p>Se trata de profesionales, provenientes de distintas disciplinas y oficios, que participan ad honorem, cumpliendo un rol de imparcialidad, para facilitar el di\u00e1logo.<\/p>\n<p>Los integrantes del Registro, adem\u00e1s de mediar en los procesos para los que son convocados, participan de un programa anual de capacitaciones brindado por la instituci\u00f3n con el fin de resguardar la calidad y exigencia del servicio. As\u00ed, asisten a talleres de reflexi\u00f3n trimestrales y un curso anual con profesionales de vasta trayectoria.<\/p>\n<p>Tambi\u00e9n es parte de la labor del Centro la realizaci\u00f3n de actividades en la comunidad, como talleres en instituciones y organizaciones y propuestas solidarias.<\/p>\n<p>Tras 22 a\u00f1os de existencia, el Centro y su Registro de Mediadores Comunitarios de Paran\u00e1 suma arraigo local y un importante reconocimiento nacional e internacional. Sus caracter\u00edsticas de voluntariado, de dedicaci\u00f3n ad honorem y su conformaci\u00f3n interdisciplinaria, numerosa, con formaci\u00f3n permanente en la disciplina, lo han colocado en el tiempo en un lugar distintivo en distintos \u00e1mbitos.<\/p>\n","protected":false},"excerpt":{"rendered":"<p>Desde el pr\u00f3ximo lunes 10 hasta el viernes 14 de noviembre estar\u00e1 abierta la inscripci\u00f3n para formar parte del Registro de Mediadores Comunitarios Voluntarios y ad honorem 2026 de la Defensor\u00eda del Pueblo de Paran\u00e1. La instituci\u00f3n atiende de manera gratuita un promedio de 500 casos de conflictos entre vecinos por a\u00f1o y lo hace [&hellip;]<\/p>\n","protected":false},"author":2,"featured_media":6406,"comment_status":"open","ping_status":"open","sticky":false,"template":"","format":"standard","meta":{"om_disable_all_campaigns":false,"_monsterinsights_skip_tracking":false,"_monsterinsights_sitenote_active":false,"_monsterinsights_sitenote_note":"","_monsterinsights_sitenote_category":0},"categories":[1],"tags":[],"_links":{"self":[{"href":"https:\/\/defensoriaparana.com.ar\/index.php\/wp-json\/wp\/v2\/posts\/6405"}],"collection":[{"href":"https:\/\/defensoriaparana.com.ar\/index.php\/wp-json\/wp\/v2\/posts"}],"about":[{"href":"https:\/\/defensoriaparana.com.ar\/index.php\/wp-json\/wp\/v2\/types\/post"}],"author":[{"embeddable":true,"href":"https:\/\/defensoriaparana.com.ar\/index.php\/wp-json\/wp\/v2\/users\/2"}],"replies":[{"embeddable":true,"href":"https:\/\/defensoriaparana.com.ar\/index.php\/wp-json\/wp\/v2\/comments?post=6405"}],"version-history":[{"count":3,"href":"https:\/\/defensoriaparana.com.ar\/index.php\/wp-json\/wp\/v2\/posts\/6405\/revisions"}],"predecessor-version":[{"id":6409,"href":"https:\/\/defensoriaparana.com.ar\/index.php\/wp-json\/wp\/v2\/posts\/6405\/revisions\/6409"}],"wp:featuredmedia":[{"embeddable":true,"href":"https:\/\/defensoriaparana.com.ar\/index.php\/wp-json\/wp\/v2\/media\/6406"}],"wp:attachment":[{"href":"https:\/\/defensoriaparana.com.ar\/index.php\/wp-json\/wp\/v2\/media?parent=6405"}],"wp:term":[{"taxonomy":"category","embeddable":true,"href":"https:\/\/defensoriaparana.com.ar\/index.php\/wp-json\/wp\/v2\/categories?post=6405"},{"taxonomy":"post_tag","embeddable":true,"href":"https:\/\/defensoriaparana.com.ar\/index.php\/wp-json\/wp\/v2\/tags?post=6405"}],"curies":[{"name":"wp","href":"https:\/\/api.w.org\/{rel}","templated":true}]}}