{"id":6411,"date":"2025-11-10T15:42:50","date_gmt":"2025-11-10T15:42:50","guid":{"rendered":"https:\/\/defensoriaparana.com.ar\/?p=6411"},"modified":"2025-11-10T15:42:50","modified_gmt":"2025-11-10T15:42:50","slug":"parana-estuvo-presente-en-el-iv-plenario-anual-de-defensorias-del-pueblo-del-pais","status":"publish","type":"post","link":"https:\/\/defensoriaparana.com.ar\/index.php\/2025\/11\/10\/parana-estuvo-presente-en-el-iv-plenario-anual-de-defensorias-del-pueblo-del-pais\/","title":{"rendered":"Paran\u00e1 estuvo presente en el IV plenario anual de Defensor\u00edas del Pueblo del pa\u00eds"},"content":{"rendered":"<p>Las Defensoras del Pueblo de Paran\u00e1, Marcia L\u00f3pez y Cecilia Pautaso (Adjunta), participaron de la IV reuni\u00f3n anual de representantes de instituciones de todo el pa\u00eds.<\/p>\n<p>El encuentro, realizado en Lan\u00fas el 6 y 7 de noviembre en el marco de la Asociaci\u00f3n de Defensores y Defensoras del Pueblo (Adpra), reuni\u00f3 a titulares de m\u00e1s de 50 instituciones quienes debatieron diferentes aspectos institucionales, problem\u00e1ticas y respuestas comunes.<\/p>\n<p><img loading=\"lazy\" class=\"alignnone wp-image-6421 \" src=\"http:\/\/defensoriaparana.com.ar\/wp-content\/uploads\/2025\/11\/WhatsApp-Image-2025-11-07-at-16.56.17-1024x666.jpeg\" alt=\"\" width=\"570\" height=\"371\" srcset=\"https:\/\/defensoriaparana.com.ar\/wp-content\/uploads\/2025\/11\/WhatsApp-Image-2025-11-07-at-16.56.17-1024x666.jpeg 1024w, https:\/\/defensoriaparana.com.ar\/wp-content\/uploads\/2025\/11\/WhatsApp-Image-2025-11-07-at-16.56.17-300x195.jpeg 300w, https:\/\/defensoriaparana.com.ar\/wp-content\/uploads\/2025\/11\/WhatsApp-Image-2025-11-07-at-16.56.17-768x500.jpeg 768w, https:\/\/defensoriaparana.com.ar\/wp-content\/uploads\/2025\/11\/WhatsApp-Image-2025-11-07-at-16.56.17-1536x999.jpeg 1536w, https:\/\/defensoriaparana.com.ar\/wp-content\/uploads\/2025\/11\/WhatsApp-Image-2025-11-07-at-16.56.17.jpeg 1600w\" sizes=\"(max-width: 570px) 100vw, 570px\" \/><img loading=\"lazy\" class=\"alignnone wp-image-6413 \" src=\"http:\/\/defensoriaparana.com.ar\/wp-content\/uploads\/2025\/11\/WhatsApp-Image-2025-11-07-at-16.56.48-1024x680.jpeg\" alt=\"\" width=\"555\" height=\"368\" srcset=\"https:\/\/defensoriaparana.com.ar\/wp-content\/uploads\/2025\/11\/WhatsApp-Image-2025-11-07-at-16.56.48-1024x680.jpeg 1024w, https:\/\/defensoriaparana.com.ar\/wp-content\/uploads\/2025\/11\/WhatsApp-Image-2025-11-07-at-16.56.48-300x199.jpeg 300w, https:\/\/defensoriaparana.com.ar\/wp-content\/uploads\/2025\/11\/WhatsApp-Image-2025-11-07-at-16.56.48-768x510.jpeg 768w, https:\/\/defensoriaparana.com.ar\/wp-content\/uploads\/2025\/11\/WhatsApp-Image-2025-11-07-at-16.56.48-1536x1020.jpeg 1536w, https:\/\/defensoriaparana.com.ar\/wp-content\/uploads\/2025\/11\/WhatsApp-Image-2025-11-07-at-16.56.48.jpeg 1600w\" sizes=\"(max-width: 555px) 100vw, 555px\" \/><\/p>\n<p>Entre los temas, se abord\u00f3 un informe actualizado sobre rutas nacionales, energ\u00eda y discapacidad, y respecto al cumplimiento de las normas constitucionales y legales previstas en los procesos de privatizaci\u00f3n de las empresas del Estado. Otros puntos considerados fueron la aplicaci\u00f3n de tasas de inter\u00e9s en las compras de primera necesidad, las tarifas regionales diferenciadas para los consumos domiciliarios de energ\u00eda el\u00e9ctrica, la situaci\u00f3n de Sadaic, problem\u00e1ticas en materia de adopci\u00f3n y la falta de constituci\u00f3n de Defensor\u00edas del Pueblo, como es el caso de Entre R\u00edos.<\/p>\n<p><img loading=\"lazy\" class=\"alignnone wp-image-6417 size-large\" src=\"http:\/\/defensoriaparana.com.ar\/wp-content\/uploads\/2025\/11\/WhatsApp-Image-2025-11-07-at-16.56.30-1024x596.jpeg\" alt=\"\" width=\"960\" height=\"559\" srcset=\"https:\/\/defensoriaparana.com.ar\/wp-content\/uploads\/2025\/11\/WhatsApp-Image-2025-11-07-at-16.56.30-1024x596.jpeg 1024w, https:\/\/defensoriaparana.com.ar\/wp-content\/uploads\/2025\/11\/WhatsApp-Image-2025-11-07-at-16.56.30-300x175.jpeg 300w, https:\/\/defensoriaparana.com.ar\/wp-content\/uploads\/2025\/11\/WhatsApp-Image-2025-11-07-at-16.56.30-768x447.jpeg 768w, https:\/\/defensoriaparana.com.ar\/wp-content\/uploads\/2025\/11\/WhatsApp-Image-2025-11-07-at-16.56.30-1536x894.jpeg 1536w, https:\/\/defensoriaparana.com.ar\/wp-content\/uploads\/2025\/11\/WhatsApp-Image-2025-11-07-at-16.56.30.jpeg 1600w\" sizes=\"(max-width: 960px) 100vw, 960px\" \/><\/p>\n<p>Adpra, como espacio que re\u00fane a las Defensor\u00edas del Pueblo del pa\u00eds, trabaja de manera coordinada para promover, proteger y garantizar los derechos humanos, sociales, econ\u00f3micos y ambientales de la ciudadan\u00eda, fortaleciendo el rol institucional de defensa y acompa\u00f1amiento frente a situaciones de vulneraci\u00f3n de derechos. En el \u00faltimo encuentro, se realiz\u00f3 la elecci\u00f3n de las nuevas autoridades para el per\u00edodo 2025-2027.<\/p>\n<p><img loading=\"lazy\" class=\"alignnone wp-image-6416 size-large\" src=\"http:\/\/defensoriaparana.com.ar\/wp-content\/uploads\/2025\/11\/WhatsApp-Image-2025-11-07-at-16.56.31-1024x637.jpeg\" alt=\"\" width=\"960\" height=\"597\" srcset=\"https:\/\/defensoriaparana.com.ar\/wp-content\/uploads\/2025\/11\/WhatsApp-Image-2025-11-07-at-16.56.31-1024x637.jpeg 1024w, https:\/\/defensoriaparana.com.ar\/wp-content\/uploads\/2025\/11\/WhatsApp-Image-2025-11-07-at-16.56.31-300x187.jpeg 300w, https:\/\/defensoriaparana.com.ar\/wp-content\/uploads\/2025\/11\/WhatsApp-Image-2025-11-07-at-16.56.31-768x478.jpeg 768w, https:\/\/defensoriaparana.com.ar\/wp-content\/uploads\/2025\/11\/WhatsApp-Image-2025-11-07-at-16.56.31-1536x955.jpeg 1536w, https:\/\/defensoriaparana.com.ar\/wp-content\/uploads\/2025\/11\/WhatsApp-Image-2025-11-07-at-16.56.31.jpeg 1600w\" sizes=\"(max-width: 960px) 100vw, 960px\" \/><\/p>\n","protected":false},"excerpt":{"rendered":"<p>Las Defensoras del Pueblo de Paran\u00e1, Marcia L\u00f3pez y Cecilia Pautaso (Adjunta), participaron de la IV reuni\u00f3n anual de representantes de instituciones de todo el pa\u00eds. El encuentro, realizado en Lan\u00fas el 6 y 7 de noviembre en el marco de la Asociaci\u00f3n de Defensores y Defensoras del Pueblo (Adpra), reuni\u00f3 a titulares de m\u00e1s [&hellip;]<\/p>\n","protected":false},"author":2,"featured_media":6418,"comment_status":"open","ping_status":"open","sticky":false,"template":"","format":"standard","meta":{"om_disable_all_campaigns":false,"_monsterinsights_skip_tracking":false,"_monsterinsights_sitenote_active":false,"_monsterinsights_sitenote_note":"","_monsterinsights_sitenote_category":0},"categories":[14],"tags":[],"_links":{"self":[{"href":"https:\/\/defensoriaparana.com.ar\/index.php\/wp-json\/wp\/v2\/posts\/6411"}],"collection":[{"href":"https:\/\/defensoriaparana.com.ar\/index.php\/wp-json\/wp\/v2\/posts"}],"about":[{"href":"https:\/\/defensoriaparana.com.ar\/index.php\/wp-json\/wp\/v2\/types\/post"}],"author":[{"embeddable":true,"href":"https:\/\/defensoriaparana.com.ar\/index.php\/wp-json\/wp\/v2\/users\/2"}],"replies":[{"embeddable":true,"href":"https:\/\/defensoriaparana.com.ar\/index.php\/wp-json\/wp\/v2\/comments?post=6411"}],"version-history":[{"count":1,"href":"https:\/\/defensoriaparana.com.ar\/index.php\/wp-json\/wp\/v2\/posts\/6411\/revisions"}],"predecessor-version":[{"id":6422,"href":"https:\/\/defensoriaparana.com.ar\/index.php\/wp-json\/wp\/v2\/posts\/6411\/revisions\/6422"}],"wp:featuredmedia":[{"embeddable":true,"href":"https:\/\/defensoriaparana.com.ar\/index.php\/wp-json\/wp\/v2\/media\/6418"}],"wp:attachment":[{"href":"https:\/\/defensoriaparana.com.ar\/index.php\/wp-json\/wp\/v2\/media?parent=6411"}],"wp:term":[{"taxonomy":"category","embeddable":true,"href":"https:\/\/defensoriaparana.com.ar\/index.php\/wp-json\/wp\/v2\/categories?post=6411"},{"taxonomy":"post_tag","embeddable":true,"href":"https:\/\/defensoriaparana.com.ar\/index.php\/wp-json\/wp\/v2\/tags?post=6411"}],"curies":[{"name":"wp","href":"https:\/\/api.w.org\/{rel}","templated":true}]}}