{"id":6424,"date":"2025-11-19T15:00:57","date_gmt":"2025-11-19T15:00:57","guid":{"rendered":"https:\/\/defensoriaparana.com.ar\/?p=6424"},"modified":"2025-11-19T15:11:51","modified_gmt":"2025-11-19T15:11:51","slug":"concurso-publico-quedo-conformada-la-lista-de-postulantes-para-los-tres-cargos-de-conduccion-en-la-defensoria-del-pueblo","status":"publish","type":"post","link":"https:\/\/defensoriaparana.com.ar\/index.php\/2025\/11\/19\/concurso-publico-quedo-conformada-la-lista-de-postulantes-para-los-tres-cargos-de-conduccion-en-la-defensoria-del-pueblo\/","title":{"rendered":"Concurso p\u00fablico: qued\u00f3 conformada la lista de postulantes a los tres cargos de conducci\u00f3n en la Defensor\u00eda del Pueblo"},"content":{"rendered":"<p>El martes 18 de noviembre termin\u00f3 el plazo para la inscripci\u00f3n de postulantes al concurso p\u00fablico, convocado por el Concejo Deliberante, para cubrir los cargos de Defensor\/a del Pueblo, Defensor\/a del Pueblo Adjunto\/a y Defensor\/a de los Derechos de las Personas Mayores de la Ciudad de Paran\u00e1.<\/p>\n<p>A trav\u00e9s los decretos 195 y 201, la Presidencia del Honorable Concejo Deliberante (HCD) inici\u00f3 el proceso con el per\u00edodo de inscripci\u00f3n, que comenz\u00f3 el 27 de octubre pasado, al que se anotaron 10 aspirantes para los cargos de Defensor\/a \u2013titular\/adjunto- y 7 para el de Defensor\/a de los Derechos de las Personas Mayores. \u00a0Cabe recordar que una misma persona pudo anotarse a m\u00e1s de una funci\u00f3n.<\/p>\n<p>A trav\u00e9s del siguiente\u00a0 link, se puede acceder al listado completo elaborado por la Mesa de Entradas del Concejo Deliberante, con los datos personales y de contacto de los postulantes. <a href=\"http:\/\/defensoriaparana.com.ar\/wp-content\/uploads\/2025\/11\/POSTULANTES-2025-CIERRE-DE-INSCRIPCIONES.pdf\">POSTULANTES-2025-CIERRE-DE-INSCRIPCIONES<\/a><\/p>\n<p><strong>C\u00f3mo sigue el proceso<\/strong><\/p>\n<p>*Desde el 19 de noviembre de 2025 se expondr\u00e1 el Listado de Postulantes en Mesa de Entradas del Concejo Deliberante, ubicada en calle Andr\u00e9s Pazos 124, y se publicitar\u00e1 tambi\u00e9n en la p\u00e1gina web del Honorable Concejo Deliberante y de esta Defensor\u00eda del Pueblo.<\/p>\n<p>*La ciudadan\u00eda podr\u00e1 presentar impugnaciones u observaciones a los postulantes, por escrito, por el plazo de 7 (siete) d\u00edas h\u00e1biles a contar desde la publicaci\u00f3n del listado, d\u00eda 19 de noviembre al 1\u00ba de diciembre de 2025.<\/p>\n<p>*De las impugnaciones que se presenten se correr\u00e1 traslado al candidato impugnado para que lo conteste en el plazo de 3 (tres) d\u00edas a contar desde la notificaci\u00f3n del traslado.<\/p>\n<p>*Las impugnaciones presentadas y sus contestaciones ser\u00e1n resueltas por los miembros de la Comisi\u00f3n de Enlace del Honorable Concejo Deliberante de Paran\u00e1 del 5 al 9 de diciembre de 2025 inclusive.<\/p>\n<p>*Las resoluciones de las impugnaciones ser\u00e1n apelables de conformidad con la normativa prevista en R\u00e9gimen Administrativo Municipal. Los recursos que se presenten no suspender\u00e1n la continuidad del proceso de elecci\u00f3n.<\/p>\n<p>*Conformado el listado final de postulantes, la Presidencia del Honorable Concejo Deliberante convocar\u00e1 al Cuerpo a Sesi\u00f3n Especial del 11 al 19 de diciembre de 2025 inclusive, que tendr\u00e1 como Temario \u00fanico la realizaci\u00f3n de las entrevistas personales a los postulantes, quienes deber\u00e1n exponer p\u00fablicamente y por un tiempo m\u00e1ximo de 10 (diez) minutos, cu\u00e1les son sus planes y propuestas para el\/los cargo\/s que concurse. En caso que el postulante concurse para m\u00e1s de un cargo se podr\u00e1 extender hasta un m\u00e1ximo de 20 (veinte) minutos.<\/p>\n<p>*La entrevista personal de todos los postulantes es un recaudo obligatorio, cuya fecha y hora de exposici\u00f3n se les ser\u00e1 notificado en la casilla de correo electr\u00f3nico declarado por cada uno de los postulantes. Asimismo el cronograma de entrevistas ser\u00e1 publicado en el sitio web del HCD (www.hcdparana.gob.ar) para el conocimiento p\u00fablico.<\/p>\n<p>*Una vez entrevistados todos los candidatos, el Cuerpo proceder\u00e1 a analizar las propuestas en una reuni\u00f3n de acuerdo previa a la Sesi\u00f3n Especial para la elecci\u00f3n final. Tambi\u00e9n se emitir\u00e1 el dictamen de Comisi\u00f3n previsto en el Art. 3\u00ba de la Ordenanza 9.389.<\/p>\n<p><strong>Mientras se\u00a0 desarrolla el proceso y hasta que culmine, contin\u00faan en funciones las Defensoras del Pueblo, Marcia L\u00f3pez y Cecilia Pautaso (Adjunta), y la titular de la Defensor\u00eda de los Derechos de las Personas Mayores, Ligia Blanco.\u00a0<\/strong><\/p>\n<p><strong>Para m\u00e1s informaci\u00f3n:<\/strong><\/p>\n<p>-Mesa de Entradas HCD (Andr\u00e9s Pazos 124), de 7:30 a 12:30.<\/p>\n<p>-Tel: 343-4202342<\/p>\n<p>-P\u00e1gina web: www.hcdparana.gob.ar<\/p>\n<p>-Email:\u00a0proyectoshcd@hcdparana.gov.ar<\/p>\n<p>&nbsp;<\/p>\n<p>&nbsp;<\/p>\n","protected":false},"excerpt":{"rendered":"<p>El martes 18 de noviembre termin\u00f3 el plazo para la inscripci\u00f3n de postulantes al concurso p\u00fablico, convocado por el Concejo Deliberante, para cubrir los cargos de Defensor\/a del Pueblo, Defensor\/a del Pueblo Adjunto\/a y Defensor\/a de los Derechos de las Personas Mayores de la Ciudad de Paran\u00e1. A trav\u00e9s los decretos 195 y 201, la [&hellip;]<\/p>\n","protected":false},"author":2,"featured_media":6426,"comment_status":"open","ping_status":"open","sticky":false,"template":"","format":"standard","meta":{"om_disable_all_campaigns":false,"_monsterinsights_skip_tracking":false,"_monsterinsights_sitenote_active":false,"_monsterinsights_sitenote_note":"","_monsterinsights_sitenote_category":0},"categories":[1],"tags":[],"_links":{"self":[{"href":"https:\/\/defensoriaparana.com.ar\/index.php\/wp-json\/wp\/v2\/posts\/6424"}],"collection":[{"href":"https:\/\/defensoriaparana.com.ar\/index.php\/wp-json\/wp\/v2\/posts"}],"about":[{"href":"https:\/\/defensoriaparana.com.ar\/index.php\/wp-json\/wp\/v2\/types\/post"}],"author":[{"embeddable":true,"href":"https:\/\/defensoriaparana.com.ar\/index.php\/wp-json\/wp\/v2\/users\/2"}],"replies":[{"embeddable":true,"href":"https:\/\/defensoriaparana.com.ar\/index.php\/wp-json\/wp\/v2\/comments?post=6424"}],"version-history":[{"count":7,"href":"https:\/\/defensoriaparana.com.ar\/index.php\/wp-json\/wp\/v2\/posts\/6424\/revisions"}],"predecessor-version":[{"id":6433,"href":"https:\/\/defensoriaparana.com.ar\/index.php\/wp-json\/wp\/v2\/posts\/6424\/revisions\/6433"}],"wp:featuredmedia":[{"embeddable":true,"href":"https:\/\/defensoriaparana.com.ar\/index.php\/wp-json\/wp\/v2\/media\/6426"}],"wp:attachment":[{"href":"https:\/\/defensoriaparana.com.ar\/index.php\/wp-json\/wp\/v2\/media?parent=6424"}],"wp:term":[{"taxonomy":"category","embeddable":true,"href":"https:\/\/defensoriaparana.com.ar\/index.php\/wp-json\/wp\/v2\/categories?post=6424"},{"taxonomy":"post_tag","embeddable":true,"href":"https:\/\/defensoriaparana.com.ar\/index.php\/wp-json\/wp\/v2\/tags?post=6424"}],"curies":[{"name":"wp","href":"https:\/\/api.w.org\/{rel}","templated":true}]}}