{"id":6434,"date":"2025-11-18T22:21:05","date_gmt":"2025-11-18T22:21:05","guid":{"rendered":"https:\/\/defensoriaparana.com.ar\/?p=6434"},"modified":"2025-11-24T23:11:22","modified_gmt":"2025-11-24T23:11:22","slug":"el-registro-de-mediadores-comunitarios-2026-quedo-conformado-por-87-integrantes","status":"publish","type":"post","link":"https:\/\/defensoriaparana.com.ar\/index.php\/2025\/11\/18\/el-registro-de-mediadores-comunitarios-2026-quedo-conformado-por-87-integrantes\/","title":{"rendered":"El Registro de Mediadores Comunitarios 2026 qued\u00f3 conformado por m\u00e1s de 80 integrantes"},"content":{"rendered":"<p>La convocatoria p\u00fablica realizada por la Defensor\u00eda del Pueblo para renovar la n\u00f3mina del Registro de Mediadores Comunitario Voluntarios y ad honorem 2026 obtuvo una alta adhesi\u00f3n, como cada a\u00f1o. Se inscribieron 87 personas.<\/p>\n<p>En esta oportunidad, se destaca el hecho de que unas 30 personas integran por primera vez la n\u00f3mina, mientras que el resto ha participado en per\u00edodos anteriores del Registro, se ha reinscripto y cumplimentado los requisitos de capacitaci\u00f3n exigidos.<\/p>\n<p>El llamado p\u00fablico a inscripci\u00f3n se concret\u00f3 entre el lunes 10 y el viernes 14 de noviembre pasado.<br \/>\nHay que recordar que el Registro cumpli\u00f3 este mes 22 a\u00f1os de existencia, ya que comenz\u00f3 a funcionar pr\u00e1cticamente a la par del Centro de Mediaci\u00f3n, en noviembre de 2003.<\/p>\n<p>Desde entonces, el Centro y el Registro han sido herramientas fundamentales para la Defensor\u00eda del Pueblo en la atenci\u00f3n de conflictos entre vecinos y se han constituido en referentes en la materia en \u00e1mbitos nacionales e internacionales.<\/p>\n<p>Personas con formaci\u00f3n en distintas disciplinas y oficios, y con diversas vivencias en contextos laborales, sociales y educativos integran el Registro cada per\u00edodo.<br \/>\nEl grupo aporta sus servicios generosamente, con responsabilidad y vocaci\u00f3n, para ofrecer espacios de conversaci\u00f3n y encuentro a los vecinos que transitan conflictos que afectan la vida en comunidad.<\/p>\n<p>Entre los temas, motivo de mediaci\u00f3n, se destacan los de convivencia, filtraciones y humedad, molestias ocasionadas por ruidos, \u00e1rboles, mascotas, obras en construcci\u00f3n, basura, entre otros.<\/p>\n<p><img loading=\"lazy\" class=\"alignnone wp-image-6446\" src=\"http:\/\/defensoriaparana.com.ar\/wp-content\/uploads\/2025\/11\/OTRA.png\" alt=\"\" width=\"182\" height=\"285\" \/><\/p>\n<p>La Defensor\u00eda del Pueblo brinda gratuitamente el servicio de mediaci\u00f3n a la ciudadan\u00eda de Paran\u00e1.<\/p>\n<p>La imagen utilizada en esta nota muestra el momento en que mediadores y mediadoras se acercaron a la sede de la Defensor\u00eda a completar la inscripci\u00f3n al Registro.<\/p>\n<p>&nbsp;<\/p>\n","protected":false},"excerpt":{"rendered":"<p>La convocatoria p\u00fablica realizada por la Defensor\u00eda del Pueblo para renovar la n\u00f3mina del Registro de Mediadores Comunitario Voluntarios y ad honorem 2026 obtuvo una alta adhesi\u00f3n, como cada a\u00f1o. Se inscribieron 87 personas. En esta oportunidad, se destaca el hecho de que unas 30 personas integran por primera vez la n\u00f3mina, mientras que el [&hellip;]<\/p>\n","protected":false},"author":2,"featured_media":6445,"comment_status":"open","ping_status":"open","sticky":false,"template":"","format":"standard","meta":{"om_disable_all_campaigns":false,"_monsterinsights_skip_tracking":false,"_monsterinsights_sitenote_active":false,"_monsterinsights_sitenote_note":"","_monsterinsights_sitenote_category":0},"categories":[1],"tags":[],"_links":{"self":[{"href":"https:\/\/defensoriaparana.com.ar\/index.php\/wp-json\/wp\/v2\/posts\/6434"}],"collection":[{"href":"https:\/\/defensoriaparana.com.ar\/index.php\/wp-json\/wp\/v2\/posts"}],"about":[{"href":"https:\/\/defensoriaparana.com.ar\/index.php\/wp-json\/wp\/v2\/types\/post"}],"author":[{"embeddable":true,"href":"https:\/\/defensoriaparana.com.ar\/index.php\/wp-json\/wp\/v2\/users\/2"}],"replies":[{"embeddable":true,"href":"https:\/\/defensoriaparana.com.ar\/index.php\/wp-json\/wp\/v2\/comments?post=6434"}],"version-history":[{"count":6,"href":"https:\/\/defensoriaparana.com.ar\/index.php\/wp-json\/wp\/v2\/posts\/6434\/revisions"}],"predecessor-version":[{"id":6448,"href":"https:\/\/defensoriaparana.com.ar\/index.php\/wp-json\/wp\/v2\/posts\/6434\/revisions\/6448"}],"wp:featuredmedia":[{"embeddable":true,"href":"https:\/\/defensoriaparana.com.ar\/index.php\/wp-json\/wp\/v2\/media\/6445"}],"wp:attachment":[{"href":"https:\/\/defensoriaparana.com.ar\/index.php\/wp-json\/wp\/v2\/media?parent=6434"}],"wp:term":[{"taxonomy":"category","embeddable":true,"href":"https:\/\/defensoriaparana.com.ar\/index.php\/wp-json\/wp\/v2\/categories?post=6434"},{"taxonomy":"post_tag","embeddable":true,"href":"https:\/\/defensoriaparana.com.ar\/index.php\/wp-json\/wp\/v2\/tags?post=6434"}],"curies":[{"name":"wp","href":"https:\/\/api.w.org\/{rel}","templated":true}]}}