{"id":6496,"date":"2025-12-12T11:45:05","date_gmt":"2025-12-12T11:45:05","guid":{"rendered":"https:\/\/defensoriaparana.com.ar\/?p=6496"},"modified":"2025-12-15T15:04:41","modified_gmt":"2025-12-15T15:04:41","slug":"integrantes-del-registro-de-mediadores-2026-se-reunieron-en-un-primer-taller-de-reflexion","status":"publish","type":"post","link":"https:\/\/defensoriaparana.com.ar\/index.php\/2025\/12\/12\/integrantes-del-registro-de-mediadores-2026-se-reunieron-en-un-primer-taller-de-reflexion\/","title":{"rendered":"Integrantes del Registro de Mediadores 2026 se reunieron en un primer taller de reflexi\u00f3n"},"content":{"rendered":"<p>Mediadoras y mediadores del Registro Voluntario y Ad honorem de la Defensor\u00eda del Pueblo de Paran\u00e1 se reunieron este jueves para participar del 1er. Taller de Reflexi\u00f3n de este nuevo ciclo.<\/p>\n<p>La convocatoria tambi\u00e9n fue motivo de bienvenida a los integrantes recientemente incorporados con la renovaci\u00f3n del Registro producida en noviembre, a partir de la convocatoria p\u00fablica que realiza la instituci\u00f3n cada a\u00f1o.<\/p>\n<p><img loading=\"lazy\" class=\"alignnone wp-image-6500 \" src=\"http:\/\/defensoriaparana.com.ar\/wp-content\/uploads\/2025\/12\/WhatsApp-Image-2025-12-12-at-09.02.29-1-1024x576.jpeg\" alt=\"\" width=\"779\" height=\"438\" srcset=\"https:\/\/defensoriaparana.com.ar\/wp-content\/uploads\/2025\/12\/WhatsApp-Image-2025-12-12-at-09.02.29-1-1024x576.jpeg 1024w, https:\/\/defensoriaparana.com.ar\/wp-content\/uploads\/2025\/12\/WhatsApp-Image-2025-12-12-at-09.02.29-1-300x169.jpeg 300w, https:\/\/defensoriaparana.com.ar\/wp-content\/uploads\/2025\/12\/WhatsApp-Image-2025-12-12-at-09.02.29-1-768x432.jpeg 768w, https:\/\/defensoriaparana.com.ar\/wp-content\/uploads\/2025\/12\/WhatsApp-Image-2025-12-12-at-09.02.29-1-1536x864.jpeg 1536w, https:\/\/defensoriaparana.com.ar\/wp-content\/uploads\/2025\/12\/WhatsApp-Image-2025-12-12-at-09.02.29-1.jpeg 1600w\" sizes=\"(max-width: 779px) 100vw, 779px\" \/><\/p>\n<p>\u201cRecursos para gestionar el estr\u00e9s\u201d fue el t\u00edtulo del taller con el que se inici\u00f3 la capacitaci\u00f3n anual, que se brinda desde el Centro de Mediaci\u00f3n a los integrantes de la n\u00f3mina del Registro con el que la Defensor\u00eda atiende, en promedio, unos 500 casos de conflictos entre vecinos por a\u00f1o.<\/p>\n<p>Ricardo Levin, Patricia Rivarola y Stella Maris Sors, instructores voluntarios de la Fundaci\u00f3n El Arte de Vivir -ong humanitaria, educativa y espiritual, que trabaja para elevar los valores humanos en la sociedad-, tuvieron a cargo esta instancia, que busc\u00f3 el encuentro en el marco del bienestar personal como base fundamental para ser canal de promoci\u00f3n de espacios saludables, escucha y di\u00e1logos pac\u00edficos.<\/p>\n<p><img loading=\"lazy\" class=\"alignnone wp-image-6505 size-large\" src=\"http:\/\/defensoriaparana.com.ar\/wp-content\/uploads\/2025\/12\/WhatsApp-Image-2025-12-15-at-08.53.58-461x1024.jpeg\" alt=\"\" width=\"461\" height=\"1024\" srcset=\"https:\/\/defensoriaparana.com.ar\/wp-content\/uploads\/2025\/12\/WhatsApp-Image-2025-12-15-at-08.53.58-461x1024.jpeg 461w, https:\/\/defensoriaparana.com.ar\/wp-content\/uploads\/2025\/12\/WhatsApp-Image-2025-12-15-at-08.53.58-135x300.jpeg 135w, https:\/\/defensoriaparana.com.ar\/wp-content\/uploads\/2025\/12\/WhatsApp-Image-2025-12-15-at-08.53.58-691x1536.jpeg 691w, https:\/\/defensoriaparana.com.ar\/wp-content\/uploads\/2025\/12\/WhatsApp-Image-2025-12-15-at-08.53.58.jpeg 720w\" sizes=\"(max-width: 461px) 100vw, 461px\" \/><\/p>\n<p>La jornada cont\u00f3 con propuestas de \u201ct\u00e9cnicas de meditaci\u00f3n, respiraci\u00f3n consciente y yoga para ayudar a quienes ayudan, resolviendo distintos tipos de conflictos ante la convivencia\u201d, definieron los instructores.<\/p>\n<p>Al respecto, se\u00f1alaron que \u201cla meditaci\u00f3n permite reconocer y gestionar las emociones propias y de otros, aumentando la empat\u00eda, permitiendo que el proceso de resoluci\u00f3n de conflictos se desarrolle de manera m\u00e1s calma y asertiva\u201d.<\/p>\n<p><img loading=\"lazy\" class=\"alignnone wp-image-6502 size-large\" src=\"http:\/\/defensoriaparana.com.ar\/wp-content\/uploads\/2025\/12\/WhatsApp-Image-2025-12-15-at-08.46.26-461x1024.jpeg\" alt=\"\" width=\"461\" height=\"1024\" srcset=\"https:\/\/defensoriaparana.com.ar\/wp-content\/uploads\/2025\/12\/WhatsApp-Image-2025-12-15-at-08.46.26-461x1024.jpeg 461w, https:\/\/defensoriaparana.com.ar\/wp-content\/uploads\/2025\/12\/WhatsApp-Image-2025-12-15-at-08.46.26-135x300.jpeg 135w, https:\/\/defensoriaparana.com.ar\/wp-content\/uploads\/2025\/12\/WhatsApp-Image-2025-12-15-at-08.46.26-691x1536.jpeg 691w, https:\/\/defensoriaparana.com.ar\/wp-content\/uploads\/2025\/12\/WhatsApp-Image-2025-12-15-at-08.46.26.jpeg 720w\" sizes=\"(max-width: 461px) 100vw, 461px\" \/><\/p>\n<p>El taller se llev\u00f3 a cabo en las instalaciones del Centro Cultural Gloria Montoya con la presencia de la Defensora del Pueblo, Marcia L\u00f3pez, y la Coordinadora del Centro de Mediaci\u00f3n, Irina Chausovsky.<\/p>\n<p>El Registro 2026 qued\u00f3 conformado, tras el per\u00edodo de inscripci\u00f3n realizado en noviembre, con 88 integrantes.<\/p>\n<p><img loading=\"lazy\" class=\"alignnone wp-image-6498 size-large\" src=\"http:\/\/defensoriaparana.com.ar\/wp-content\/uploads\/2025\/12\/WhatsApp-Image-2025-12-12-at-09.01.42-768x1024.jpeg\" alt=\"\" width=\"768\" height=\"1024\" srcset=\"https:\/\/defensoriaparana.com.ar\/wp-content\/uploads\/2025\/12\/WhatsApp-Image-2025-12-12-at-09.01.42-768x1024.jpeg 768w, https:\/\/defensoriaparana.com.ar\/wp-content\/uploads\/2025\/12\/WhatsApp-Image-2025-12-12-at-09.01.42-225x300.jpeg 225w, https:\/\/defensoriaparana.com.ar\/wp-content\/uploads\/2025\/12\/WhatsApp-Image-2025-12-12-at-09.01.42-1152x1536.jpeg 1152w, https:\/\/defensoriaparana.com.ar\/wp-content\/uploads\/2025\/12\/WhatsApp-Image-2025-12-12-at-09.01.42.jpeg 1200w\" sizes=\"(max-width: 768px) 100vw, 768px\" \/><\/p>\n","protected":false},"excerpt":{"rendered":"<p>Mediadoras y mediadores del Registro Voluntario y Ad honorem de la Defensor\u00eda del Pueblo de Paran\u00e1 se reunieron este jueves para participar del 1er. Taller de Reflexi\u00f3n de este nuevo ciclo. La convocatoria tambi\u00e9n fue motivo de bienvenida a los integrantes recientemente incorporados con la renovaci\u00f3n del Registro producida en noviembre, a partir de la [&hellip;]<\/p>\n","protected":false},"author":2,"featured_media":6503,"comment_status":"open","ping_status":"open","sticky":false,"template":"","format":"standard","meta":{"om_disable_all_campaigns":false,"_monsterinsights_skip_tracking":false,"_monsterinsights_sitenote_active":false,"_monsterinsights_sitenote_note":"","_monsterinsights_sitenote_category":0},"categories":[1],"tags":[],"_links":{"self":[{"href":"https:\/\/defensoriaparana.com.ar\/index.php\/wp-json\/wp\/v2\/posts\/6496"}],"collection":[{"href":"https:\/\/defensoriaparana.com.ar\/index.php\/wp-json\/wp\/v2\/posts"}],"about":[{"href":"https:\/\/defensoriaparana.com.ar\/index.php\/wp-json\/wp\/v2\/types\/post"}],"author":[{"embeddable":true,"href":"https:\/\/defensoriaparana.com.ar\/index.php\/wp-json\/wp\/v2\/users\/2"}],"replies":[{"embeddable":true,"href":"https:\/\/defensoriaparana.com.ar\/index.php\/wp-json\/wp\/v2\/comments?post=6496"}],"version-history":[{"count":2,"href":"https:\/\/defensoriaparana.com.ar\/index.php\/wp-json\/wp\/v2\/posts\/6496\/revisions"}],"predecessor-version":[{"id":6521,"href":"https:\/\/defensoriaparana.com.ar\/index.php\/wp-json\/wp\/v2\/posts\/6496\/revisions\/6521"}],"wp:featuredmedia":[{"embeddable":true,"href":"https:\/\/defensoriaparana.com.ar\/index.php\/wp-json\/wp\/v2\/media\/6503"}],"wp:attachment":[{"href":"https:\/\/defensoriaparana.com.ar\/index.php\/wp-json\/wp\/v2\/media?parent=6496"}],"wp:term":[{"taxonomy":"category","embeddable":true,"href":"https:\/\/defensoriaparana.com.ar\/index.php\/wp-json\/wp\/v2\/categories?post=6496"},{"taxonomy":"post_tag","embeddable":true,"href":"https:\/\/defensoriaparana.com.ar\/index.php\/wp-json\/wp\/v2\/tags?post=6496"}],"curies":[{"name":"wp","href":"https:\/\/api.w.org\/{rel}","templated":true}]}}