{"id":6522,"date":"2025-12-16T21:02:30","date_gmt":"2025-12-16T21:02:30","guid":{"rendered":"https:\/\/defensoriaparana.com.ar\/?p=6522"},"modified":"2025-12-16T21:03:33","modified_gmt":"2025-12-16T21:03:33","slug":"paso-clave-para-el-trabajo-conjunto-en-el-foro-de-defensorias-del-pueblo-de-la-region-centro","status":"publish","type":"post","link":"https:\/\/defensoriaparana.com.ar\/index.php\/2025\/12\/16\/paso-clave-para-el-trabajo-conjunto-en-el-foro-de-defensorias-del-pueblo-de-la-region-centro\/","title":{"rendered":"Paso clave para el trabajo conjunto en el Foro de Defensor\u00edas del Pueblo de la Regi\u00f3n Centro"},"content":{"rendered":"<p>La Defensora del Pueblo de Paran\u00e1, Marcia L\u00f3pez, adhiri\u00f3 a la firma del Estatuto del Foro de Defensor\u00edas del Pueblo de la Regi\u00f3n Centro, un paso fundamental en la consolidaci\u00f3n del espacio que promueve la protecci\u00f3n de los derechos humanos.<\/p>\n<p>La participaci\u00f3n de la Defensor\u00eda de Paran\u00e1 en este \u00e1mbito, que re\u00fane a instituciones de Santa Fe, C\u00f3rdoba y Entre R\u00edos, es en representaci\u00f3n de la ciudadan\u00eda entrerriana ante la falta de conformaci\u00f3n de la Defensor\u00eda del Pueblo provincial.<\/p>\n<p>La organizaci\u00f3n en un Foro de Defensor\u00edas de las tres provincias permitir\u00e1 formalizar y coordinar un trabajo conjunto, de forma permanente y efectivo. Los objetivos principales radican en atender y resolver eficientemente las problem\u00e1ticas comunes que afectan a la regi\u00f3n, defender con mayor firmeza el acceso a los derechos ciudadanos y priorizar una mirada federal y regional, superando los l\u00edmites geogr\u00e1ficos y fortaleciendo la institucionalidad democr\u00e1tica.<\/p>\n<p>El Estatuto establece la realizaci\u00f3n de un trabajo coordinado entre todas las Defensor\u00edas, la promoci\u00f3n y difusi\u00f3n de los derechos ciudadanos y el fortalecimiento de la integraci\u00f3n regional, siempre poniendo el foco en la ciudadan\u00eda.<\/p>\n<p>El Foro, cuya constituci\u00f3n se concret\u00f3 en agosto pasado en Santa Fe, re\u00fane a Defensor\u00edas provinciales, municipales, de Ni\u00f1as, Ni\u00f1os y Adolescentes y de Personas Mayores y el trabajo se organizar\u00e1 en comisiones tem\u00e1ticas para abordar \u00e1reas como g\u00e9nero, salud, ambiente y servicios.<\/p>\n<p>El Estatuto fue rubricado por los Defensores del Pueblo de Santa Fe, Ar\u00edstides Lasarte; de C\u00f3rdoba, Carlos Miguel Galoppo, y de la Ciudad de Paran\u00e1, Marcia L\u00f3pez. Tambi\u00e9n se incorporaron las Defensor\u00edas especializadas como la de Ni\u00f1as, Ni\u00f1os y Adolescentes de las provincias de C\u00f3rdoba, con la firma de Amelia L\u00f3pez Loforte, y de Santa Fe, con la adhesi\u00f3n de Juan Cruz Gim\u00e9nez. Se sumaron los Defensores y Defensoras municipales de la regi\u00f3n, como Soledad Cantarutti (La Falda), Daniel Frangie (R\u00edo Cuarto), Rafael Sachetto (Villa Mar\u00eda) y V\u00edctor Curvino (Villa Carlos Paz). El acto de la firma del Estatuto se realiz\u00f3 el viernes pasado, en C\u00f3rdoba. La Defensora de Paran\u00e1 adhiri\u00f3 previamente al documento, ya que no pudo asistir al encuentro.<\/p>\n<p>*Con informaci\u00f3n e im\u00e1genes de las Defensor\u00edas de la Provincias de C\u00f3rdoba y Santa Fe.<\/p>\n","protected":false},"excerpt":{"rendered":"<p>La Defensora del Pueblo de Paran\u00e1, Marcia L\u00f3pez, adhiri\u00f3 a la firma del Estatuto del Foro de Defensor\u00edas del Pueblo de la Regi\u00f3n Centro, un paso fundamental en la consolidaci\u00f3n del espacio que promueve la protecci\u00f3n de los derechos humanos. La participaci\u00f3n de la Defensor\u00eda de Paran\u00e1 en este \u00e1mbito, que re\u00fane a instituciones de [&hellip;]<\/p>\n","protected":false},"author":2,"featured_media":6523,"comment_status":"open","ping_status":"open","sticky":false,"template":"","format":"standard","meta":{"om_disable_all_campaigns":false,"_monsterinsights_skip_tracking":false,"_monsterinsights_sitenote_active":false,"_monsterinsights_sitenote_note":"","_monsterinsights_sitenote_category":0},"categories":[1],"tags":[],"_links":{"self":[{"href":"https:\/\/defensoriaparana.com.ar\/index.php\/wp-json\/wp\/v2\/posts\/6522"}],"collection":[{"href":"https:\/\/defensoriaparana.com.ar\/index.php\/wp-json\/wp\/v2\/posts"}],"about":[{"href":"https:\/\/defensoriaparana.com.ar\/index.php\/wp-json\/wp\/v2\/types\/post"}],"author":[{"embeddable":true,"href":"https:\/\/defensoriaparana.com.ar\/index.php\/wp-json\/wp\/v2\/users\/2"}],"replies":[{"embeddable":true,"href":"https:\/\/defensoriaparana.com.ar\/index.php\/wp-json\/wp\/v2\/comments?post=6522"}],"version-history":[{"count":3,"href":"https:\/\/defensoriaparana.com.ar\/index.php\/wp-json\/wp\/v2\/posts\/6522\/revisions"}],"predecessor-version":[{"id":6526,"href":"https:\/\/defensoriaparana.com.ar\/index.php\/wp-json\/wp\/v2\/posts\/6522\/revisions\/6526"}],"wp:featuredmedia":[{"embeddable":true,"href":"https:\/\/defensoriaparana.com.ar\/index.php\/wp-json\/wp\/v2\/media\/6523"}],"wp:attachment":[{"href":"https:\/\/defensoriaparana.com.ar\/index.php\/wp-json\/wp\/v2\/media?parent=6522"}],"wp:term":[{"taxonomy":"category","embeddable":true,"href":"https:\/\/defensoriaparana.com.ar\/index.php\/wp-json\/wp\/v2\/categories?post=6522"},{"taxonomy":"post_tag","embeddable":true,"href":"https:\/\/defensoriaparana.com.ar\/index.php\/wp-json\/wp\/v2\/tags?post=6522"}],"curies":[{"name":"wp","href":"https:\/\/api.w.org\/{rel}","templated":true}]}}