{"id":6542,"date":"2025-12-18T17:39:47","date_gmt":"2025-12-18T17:39:47","guid":{"rendered":"https:\/\/defensoriaparana.com.ar\/?p=6542"},"modified":"2025-12-30T15:18:11","modified_gmt":"2025-12-30T15:18:11","slug":"eleccion-de-autoridades-lisandro-amavet-es-el-nuevo-defensor-del-pueblo-de-parana","status":"publish","type":"post","link":"https:\/\/defensoriaparana.com.ar\/index.php\/2025\/12\/18\/eleccion-de-autoridades-lisandro-amavet-es-el-nuevo-defensor-del-pueblo-de-parana\/","title":{"rendered":"Elecci\u00f3n de autoridades: Lisandro Amavet es el nuevo Defensor del Pueblo de Paran\u00e1"},"content":{"rendered":"<p>El Concejo Deliberante de la ciudad eligi\u00f3 este jueves, en Sesi\u00f3n Especial, a Lisandro Amavet para ocupar el cargo de Defensor del Pueblo de Paran\u00e1; a Fernando Veiga como Defensor del Pueblo Adjunto, y a Marcia L\u00f3pez al frente de la Defensor\u00eda de los Derechos de las Personas Mayores.<\/p>\n<p>Este viernes 19 de diciembre, a las 9, se realizar\u00e1 una nueva Sesi\u00f3n Especial para la toma de juramento y puesta en funciones de las autoridades electas.<\/p>\n<p>La designaci\u00f3n surgi\u00f3 tras un proceso que se inici\u00f3 en octubre con la convocatoria a concurso p\u00fablico que reuni\u00f3 a 10 postulaciones para ocupar los cargos de Defensor\/a del Pueblo y\/o Adjunto y siete para el de Defensor\/a de los Derechos de las Personas Mayores. La decisi\u00f3n del Cuerpo se conoci\u00f3 luego de una etapa de entrevistas y exposiciones de los proyectos de trabajo de los candidatos que se concretaron entre el jueves 11 y el viernes 12 pasados.<\/p>\n<p>Finalmente, 13 de los 14 ediles presentes en la sesi\u00f3n de este jueves apoyaron la terna surgida de la reuni\u00f3n de acuerdo previa a la votaci\u00f3n.<\/p>\n<p>Las nuevas autoridades, cuyos mandatos son de cinco a\u00f1os, remplazar\u00e1n a Marcia L\u00f3pez, Defensora del Pueblo; a Cecilia Pautaso, Defensora del Pueblo Adjunta, y a Ligia Blanco, Defensora de los Derechos de las Personas Mayores, quienes asumieron los cargos en octubre de 2020<\/p>\n<p>A continuaci\u00f3n, un repaso de los antecedentes de quienes resultaron elegidos:<\/p>\n<p><strong>Lisandro Amavet (Defensor del Pueblo)<\/strong><\/p>\n<p><img loading=\"lazy\" class=\"alignnone size-medium wp-image-6546\" src=\"http:\/\/defensoriaparana.com.ar\/wp-content\/uploads\/2025\/12\/Lisandro-Amavet-1600x800-1-300x150.jpg\" alt=\"\" width=\"300\" height=\"150\" srcset=\"https:\/\/defensoriaparana.com.ar\/wp-content\/uploads\/2025\/12\/Lisandro-Amavet-1600x800-1-300x150.jpg 300w, https:\/\/defensoriaparana.com.ar\/wp-content\/uploads\/2025\/12\/Lisandro-Amavet-1600x800-1-1024x512.jpg 1024w, https:\/\/defensoriaparana.com.ar\/wp-content\/uploads\/2025\/12\/Lisandro-Amavet-1600x800-1-768x384.jpg 768w, https:\/\/defensoriaparana.com.ar\/wp-content\/uploads\/2025\/12\/Lisandro-Amavet-1600x800-1-1536x768.jpg 1536w, https:\/\/defensoriaparana.com.ar\/wp-content\/uploads\/2025\/12\/Lisandro-Amavet-1600x800-1.jpg 1600w\" sizes=\"(max-width: 300px) 100vw, 300px\" \/><\/p>\n<p>Es abogado y actualmente se desempe\u00f1a como Coordinador Legal de la Municipalidad de Paran\u00e1, cargo al que asumi\u00f3 en 2023. A lo largo de estos a\u00f1os realiz\u00f3 numerosos cursos en distintas \u00e1reas jur\u00eddicas, actualmente cursa la Maestr\u00eda en Derechos Humanos y Estudios Constitucionales en la Universidad Nacional del Litoral.<\/p>\n<p>En el \u00e1mbito laboral, adem\u00e1s de su ejercicio profesional, realiz\u00f3 distintas funciones en la Administraci\u00f3n P\u00fablica, tanto municipal como provincial. En 2007 fue designado Director de Sumarios Administrativos en la Secretar\u00eda Legal de la Municipalidad de Paran\u00e1; en 2009 asumi\u00f3 como Director Jur\u00eddico de la Unidad Ejecutora Municipal; en 2017 se incorpor\u00f3 al \u00e1mbito provincial como Director de la Direcci\u00f3n de Inspecci\u00f3n de Personas Jur\u00eddicas de Entre R\u00edos, cargo que desempe\u00f1\u00f3 hasta diciembre de 2023.<\/p>\n<p>Paralelamente, ha tenido una activa participaci\u00f3n en la vida institucional del Colegio de la Abogac\u00eda de Entre R\u00edos, donde fue dos veces vocal de la Secci\u00f3n Paran\u00e1, y en otras dos ocasiones su presidente. Actualmente es delegado provincial titular ante la Junta de Delegados del Colegio de la Abogac\u00eda.<\/p>\n<p><strong>Fernando Veiga (Defensor Adjunto)<\/strong><\/p>\n<p><img loading=\"lazy\" class=\"alignnone size-medium wp-image-6544\" src=\"http:\/\/defensoriaparana.com.ar\/wp-content\/uploads\/2025\/12\/Fernando-Veiga-1024x682-1-300x200.jpg\" alt=\"\" width=\"300\" height=\"200\" srcset=\"https:\/\/defensoriaparana.com.ar\/wp-content\/uploads\/2025\/12\/Fernando-Veiga-1024x682-1-300x200.jpg 300w, https:\/\/defensoriaparana.com.ar\/wp-content\/uploads\/2025\/12\/Fernando-Veiga-1024x682-1-768x512.jpg 768w, https:\/\/defensoriaparana.com.ar\/wp-content\/uploads\/2025\/12\/Fernando-Veiga-1024x682-1.jpg 1024w\" sizes=\"(max-width: 300px) 100vw, 300px\" \/><\/p>\n<p>Es licenciado en Gerontolog\u00eda y t\u00e9cnico Universitario en Psicogerontolog\u00eda. Se desempe\u00f1a en la Direcci\u00f3n de Derechos al Ciudadano de la Defensor\u00eda del Pueblo de Paran\u00e1, donde participa en la recepci\u00f3n, gesti\u00f3n y evaluaci\u00f3n de intervenciones vinculadas a reclamos dirigidos a la Municipalidad de Paran\u00e1.<\/p>\n<p>De manera complementaria, act\u00faa como mediador comunitario en el Centro de Mediaci\u00f3n de la Defensor\u00eda del Pueblo de Paran\u00e1, integrando su Registro de Mediadores.<\/p>\n<p>En el \u00e1mbito acad\u00e9mico, se desempe\u00f1a como Coordinador del Programa Adulteces y Vejeces de la Facultad de Humanidades, Artes y Ciencias Sociales de la Universidad Aut\u00f3noma de Entre R\u00edos, y como docente de la asignatura Pr\u00e1cticas en Psicogerontolog\u00eda III de la Tecnicatura Universitaria en Psicogerontolog\u00eda de la misma instituci\u00f3n.<\/p>\n<p><strong>Marcia Paula L\u00f3pez (Defensora de los Derechos de la Personas Mayores)<\/strong><\/p>\n<p><img loading=\"lazy\" class=\"alignnone size-medium wp-image-6543\" src=\"http:\/\/defensoriaparana.com.ar\/wp-content\/uploads\/2025\/12\/Marcia-Lopez-1024x682-1-300x200.jpg\" alt=\"\" width=\"300\" height=\"200\" srcset=\"https:\/\/defensoriaparana.com.ar\/wp-content\/uploads\/2025\/12\/Marcia-Lopez-1024x682-1-300x200.jpg 300w, https:\/\/defensoriaparana.com.ar\/wp-content\/uploads\/2025\/12\/Marcia-Lopez-1024x682-1-768x512.jpg 768w, https:\/\/defensoriaparana.com.ar\/wp-content\/uploads\/2025\/12\/Marcia-Lopez-1024x682-1.jpg 1024w\" sizes=\"(max-width: 300px) 100vw, 300px\" \/><\/p>\n<p>Es abogada, mediadora y Defensora del Pueblo de Paran\u00e1, mandato cumplido. Actualmente cursa la Maestr\u00eda \u201cPoder y Sociedad desde las Perspectivas de G\u00e9nero\u201d en la Universidad Nacional de Rosario. Es Diplomada en Derechos Humanos. Se desempe\u00f1\u00f3 como directora General de la Direcci\u00f3n General de Asistencia Integral a la V\u00edctima del Delito de la Provincia de Entre R\u00edos.<\/p>\n<p>Fue miembro representante titular por el Ministerio de Gobierno y Justicia de la Provincia de Entre R\u00edos ante el Observatorio Interinstitucional de Seguimiento de Aplicaci\u00f3n del Protocolo Interinstitucional de Actuaci\u00f3n en casos de Abuso Sexual en Ni\u00f1ez y Adolescencia.<\/p>\n<p>Tambi\u00e9n fue integrante de la Comisi\u00f3n de Legislaci\u00f3n del Consejo de Prevenci\u00f3n de las Violencias a cargo de la redacci\u00f3n de la Propuesta de Reglamentaci\u00f3n de la ley 10.058.<\/p>\n<p>&nbsp;<\/p>\n<p>*Con informaci\u00f3n e im\u00e1genes del Concejo Deliberante de Paran\u00e1<\/p>\n<p><a href=\"https:\/\/www.youtube.com\/watch?v=ngJlD7xgoaQ\">Sesi\u00f3n del HCD del 18 de diciembre<\/a><\/p>\n","protected":false},"excerpt":{"rendered":"<p>El Concejo Deliberante de la ciudad eligi\u00f3 este jueves, en Sesi\u00f3n Especial, a Lisandro Amavet para ocupar el cargo de Defensor del Pueblo de Paran\u00e1; a Fernando Veiga como Defensor del Pueblo Adjunto, y a Marcia L\u00f3pez al frente de la Defensor\u00eda de los Derechos de las Personas Mayores. Este viernes 19 de diciembre, a [&hellip;]<\/p>\n","protected":false},"author":2,"featured_media":6545,"comment_status":"open","ping_status":"open","sticky":false,"template":"","format":"standard","meta":{"om_disable_all_campaigns":false,"_monsterinsights_skip_tracking":false,"_monsterinsights_sitenote_active":false,"_monsterinsights_sitenote_note":"","_monsterinsights_sitenote_category":0},"categories":[1],"tags":[],"_links":{"self":[{"href":"https:\/\/defensoriaparana.com.ar\/index.php\/wp-json\/wp\/v2\/posts\/6542"}],"collection":[{"href":"https:\/\/defensoriaparana.com.ar\/index.php\/wp-json\/wp\/v2\/posts"}],"about":[{"href":"https:\/\/defensoriaparana.com.ar\/index.php\/wp-json\/wp\/v2\/types\/post"}],"author":[{"embeddable":true,"href":"https:\/\/defensoriaparana.com.ar\/index.php\/wp-json\/wp\/v2\/users\/2"}],"replies":[{"embeddable":true,"href":"https:\/\/defensoriaparana.com.ar\/index.php\/wp-json\/wp\/v2\/comments?post=6542"}],"version-history":[{"count":5,"href":"https:\/\/defensoriaparana.com.ar\/index.php\/wp-json\/wp\/v2\/posts\/6542\/revisions"}],"predecessor-version":[{"id":6605,"href":"https:\/\/defensoriaparana.com.ar\/index.php\/wp-json\/wp\/v2\/posts\/6542\/revisions\/6605"}],"wp:featuredmedia":[{"embeddable":true,"href":"https:\/\/defensoriaparana.com.ar\/index.php\/wp-json\/wp\/v2\/media\/6545"}],"wp:attachment":[{"href":"https:\/\/defensoriaparana.com.ar\/index.php\/wp-json\/wp\/v2\/media?parent=6542"}],"wp:term":[{"taxonomy":"category","embeddable":true,"href":"https:\/\/defensoriaparana.com.ar\/index.php\/wp-json\/wp\/v2\/categories?post=6542"},{"taxonomy":"post_tag","embeddable":true,"href":"https:\/\/defensoriaparana.com.ar\/index.php\/wp-json\/wp\/v2\/tags?post=6542"}],"curies":[{"name":"wp","href":"https:\/\/api.w.org\/{rel}","templated":true}]}}