{"id":6559,"date":"2025-12-19T18:45:17","date_gmt":"2025-12-19T18:45:17","guid":{"rendered":"https:\/\/defensoriaparana.com.ar\/?p=6559"},"modified":"2025-12-30T15:27:53","modified_gmt":"2025-12-30T15:27:53","slug":"asumieron-las-nuevas-autoridades-de-la-defensoria-del-pueblo-de-parana","status":"publish","type":"post","link":"https:\/\/defensoriaparana.com.ar\/index.php\/2025\/12\/19\/asumieron-las-nuevas-autoridades-de-la-defensoria-del-pueblo-de-parana\/","title":{"rendered":"Asumieron las nuevas autoridades de la Defensor\u00eda del Pueblo de Paran\u00e1"},"content":{"rendered":"<p>Este viernes, fueron puesto en funciones el Defensor del Pueblo, Lisandro Amavet; el Defensor del Pueblo Adjunto, Fernando Veiga, y la Defensora de los Derechos de las Personas Mayores, Marcia L\u00f3pez.<\/p>\n<p>La asunci\u00f3n y jura de las nuevas autoridades de la instituci\u00f3n se realiz\u00f3 en el marco de una sesi\u00f3n especial del Concejo Deliberante de la ciudad, d\u00e1ndose inicio as\u00ed a un nuevo per\u00edodo de cinco a\u00f1os de mandato.<\/p>\n<p>Los titulares surgieron de un concurso p\u00fablico, convocado por el Concejo Deliberante, que reuni\u00f3 a 16 postulantes y que incluy\u00f3 una etapa de entrevistas y exposici\u00f3n de los proyectos de trabajo.<\/p>\n<p>\u201cEs una funci\u00f3n muy importante, que asumo con mucha responsabilidad y expectativas\u201d, dijo el Defensor del Pueblo, Lisandro Amavet, quien expres\u00f3 agradecimiento y satisfacci\u00f3n por haber resultado elegido para desempe\u00f1ar una funci\u00f3n de relevancia, fundada en la defensa de los derechos ciudadanos.<\/p>\n<p>Seguidamente, destac\u00f3 el proceso de convocatoria p\u00fablica para la renovaci\u00f3n de autoridades, ya que consider\u00f3 que la ciudad \u201cgana en calidad institucional, algo muy importante para nuestra comunidad\u201d.<\/p>\n<p>En cuanto al trabajo, anticip\u00f3 el inicio inmediato en conjunto con el equipo de la Defensor\u00eda. La idea, dijo el Defensor, es conocer la situaci\u00f3n actual de la instituci\u00f3n y abordar con el personal los proyectos a llevar adelante. Uno de ellos consiste en articular con las distintas ongs de los barrios de Paran\u00e1 una labor en conjunto. \u201cCreo que la gesti\u00f3n tiene que pasar por ah\u00ed\u201d, asegur\u00f3.<\/p>\n<p>Remarc\u00f3 adem\u00e1s el hecho de que el Defensor Adjunto y la Defensora de los Derechos de las Personas Mayores cuentan con \u201ctrayectoria en la Defensor\u00eda, con quienes coordinaremos las tareas institucionales\u201d.<\/p>\n<p>En cuanto al proceso de selecci\u00f3n de candidatos llevado adelante desde el Concejo Deliberante, valor\u00f3 \u201cla firme decisi\u00f3n de no dejar los mandatos prorrogados o no dejar sin elegir una figura tan importante como la de Defensor del Pueblo\u201d. Se\u00f1al\u00f3 al respecto que tanto a nivel provincial como nacional existen antecedentes de la falta de conformaci\u00f3n de la instituci\u00f3n, en el caso de Entre R\u00edos, y de vacancias prolongadas en el cargo, en el otro.<\/p>\n<p>De la sesi\u00f3n que cont\u00f3 con la presencia de la totalidad de los concejales, el Presidente del Cuerpo, David C\u00e1ceres, y p\u00fablico, particip\u00f3 la intendente Rosario Romero.<\/p>\n<p><img loading=\"lazy\" class=\"alignnone wp-image-6562 size-large\" src=\"http:\/\/defensoriaparana.com.ar\/wp-content\/uploads\/2025\/12\/sesion-19-12-2025-3-scaled-2560x1280-1-1024x512.jpg\" alt=\"\" width=\"960\" height=\"480\" srcset=\"https:\/\/defensoriaparana.com.ar\/wp-content\/uploads\/2025\/12\/sesion-19-12-2025-3-scaled-2560x1280-1-1024x512.jpg 1024w, https:\/\/defensoriaparana.com.ar\/wp-content\/uploads\/2025\/12\/sesion-19-12-2025-3-scaled-2560x1280-1-300x150.jpg 300w, https:\/\/defensoriaparana.com.ar\/wp-content\/uploads\/2025\/12\/sesion-19-12-2025-3-scaled-2560x1280-1-768x384.jpg 768w, https:\/\/defensoriaparana.com.ar\/wp-content\/uploads\/2025\/12\/sesion-19-12-2025-3-scaled-2560x1280-1-1536x768.jpg 1536w, https:\/\/defensoriaparana.com.ar\/wp-content\/uploads\/2025\/12\/sesion-19-12-2025-3-scaled-2560x1280-1-2048x1024.jpg 2048w\" sizes=\"(max-width: 960px) 100vw, 960px\" \/><\/p>\n<p><strong>Desaf\u00edos<\/strong><\/p>\n<p>El Defensor Adjunto, Fernando Veiga, quien trabaja en la instituci\u00f3n desde su creaci\u00f3n, en 2003, manifest\u00f3 su emoci\u00f3n por el reconocimiento recibido y expres\u00f3 su voluntad de trabajo conjunto. \u201cTengo un deseo muy fuerte de trabajar en equipo para afrontar los desaf\u00edos que tenemos por delante en la Defensor\u00eda\u201d, se\u00f1al\u00f3.<\/p>\n<p>Destac\u00f3 que el organismo cuenta con \u201cun equipo de trabajo muy capacitado y con mucha empat\u00eda para resolver las demandas de la ciudadan\u00eda\u201d, y calific\u00f3 el proceso de elecci\u00f3n como \u201ctransparente y brillante\u201d.<\/p>\n<p><img loading=\"lazy\" class=\"alignnone wp-image-6561 size-full\" src=\"http:\/\/defensoriaparana.com.ar\/wp-content\/uploads\/2025\/12\/sesion-19-12-2025-13-1024x683-1.jpg\" alt=\"\" width=\"1024\" height=\"683\" srcset=\"https:\/\/defensoriaparana.com.ar\/wp-content\/uploads\/2025\/12\/sesion-19-12-2025-13-1024x683-1.jpg 1024w, https:\/\/defensoriaparana.com.ar\/wp-content\/uploads\/2025\/12\/sesion-19-12-2025-13-1024x683-1-300x200.jpg 300w, https:\/\/defensoriaparana.com.ar\/wp-content\/uploads\/2025\/12\/sesion-19-12-2025-13-1024x683-1-768x512.jpg 768w\" sizes=\"(max-width: 1024px) 100vw, 1024px\" \/><\/p>\n<p><strong>Por los derechos de las personas mayores<\/strong><\/p>\n<p>La Defensora de los Derechos de las Personas Mayores, Marcia L\u00f3pez, expres\u00f3: \u201cEs un honor para m\u00ed haber sido seleccionada nuevamente para desempe\u00f1arme en una funci\u00f3n p\u00fablica, la cual voy a desarrollar con mucha responsabilidad y compromiso\u201d.<\/p>\n<p>En relaci\u00f3n a su \u00e1rea espec\u00edfica, indic\u00f3 que uno de los primeros pasos ser\u00e1 el contacto con funcionarios, asociaciones y grupos vinculados a la tem\u00e1tica, al considerar que \u201ca trav\u00e9s de estos reclamos se debe construir la instituci\u00f3n\u201d.<\/p>\n<p>L\u00f3pez, quien concluy\u00f3 su mandato al frente de la Defensor\u00eda del Pueblo, tambi\u00e9n valor\u00f3 los proyectos presentados durante el concurso y adelant\u00f3 que buscar\u00e1 articular con otros postulantes: \u201cMe gustaron mucho los proyectos que presentaron los candidatos en las distintas exposiciones, as\u00ed que seguramente nos pondremos en contacto para trabajar en conjunto y llevar adelante estas ideas\u201d.<\/p>\n<p><img loading=\"lazy\" class=\"alignnone wp-image-6560 size-full\" src=\"http:\/\/defensoriaparana.com.ar\/wp-content\/uploads\/2025\/12\/sesion-19-12-2025-15-1024x683-1.jpg\" alt=\"\" width=\"1024\" height=\"683\" srcset=\"https:\/\/defensoriaparana.com.ar\/wp-content\/uploads\/2025\/12\/sesion-19-12-2025-15-1024x683-1.jpg 1024w, https:\/\/defensoriaparana.com.ar\/wp-content\/uploads\/2025\/12\/sesion-19-12-2025-15-1024x683-1-300x200.jpg 300w, https:\/\/defensoriaparana.com.ar\/wp-content\/uploads\/2025\/12\/sesion-19-12-2025-15-1024x683-1-768x512.jpg 768w\" sizes=\"(max-width: 1024px) 100vw, 1024px\" \/><\/p>\n<p>Con la puesta en funciones de las nuevas autoridades, la Defensor\u00eda del Pueblo de Paran\u00e1 contin\u00faa desde 2003 con su rol institucional en la promoci\u00f3n y protecci\u00f3n de los derechos de la ciudadan\u00eda. (<strong>Con informaci\u00f3n e im\u00e1genes del Concejo Deliberante).<\/strong><\/p>\n<p><strong>Link para acceder a las notas realizadas a los Defensores:\u00a0<\/strong><\/p>\n<p><a href=\"https:\/\/www.youtube.com\/watch?v=OouxivOn_1o&amp;t=19s\">Palabras de Lisandro Amavet<\/a><\/p>\n<p><a href=\"https:\/\/youtu.be\/48ltRuNR2uA\">Palabras de Fernando Veiga<\/a><\/p>\n<p><a href=\"https:\/\/youtu.be\/OUnL7gNwo54\">Palabras de Marcia L\u00f3pez<\/a><\/p>\n<p><a href=\"https:\/\/www.youtube.com\/watch?v=pJ3aGT3kmWc\">Sesi\u00f3n de asunci\u00f3n<\/a><\/p>\n<p><strong>Im\u00e1genes de ceremonia<\/strong><\/p>\n<p><img loading=\"lazy\" class=\"alignnone size-medium wp-image-6573\" src=\"http:\/\/defensoriaparana.com.ar\/wp-content\/uploads\/2025\/12\/sesion-19-12-2025-5-scaled-1-300x200.jpg\" alt=\"\" width=\"300\" height=\"200\" srcset=\"https:\/\/defensoriaparana.com.ar\/wp-content\/uploads\/2025\/12\/sesion-19-12-2025-5-scaled-1-300x200.jpg 300w, https:\/\/defensoriaparana.com.ar\/wp-content\/uploads\/2025\/12\/sesion-19-12-2025-5-scaled-1-1024x683.jpg 1024w, https:\/\/defensoriaparana.com.ar\/wp-content\/uploads\/2025\/12\/sesion-19-12-2025-5-scaled-1-768x512.jpg 768w, https:\/\/defensoriaparana.com.ar\/wp-content\/uploads\/2025\/12\/sesion-19-12-2025-5-scaled-1-1536x1024.jpg 1536w, https:\/\/defensoriaparana.com.ar\/wp-content\/uploads\/2025\/12\/sesion-19-12-2025-5-scaled-1-2048x1366.jpg 2048w\" sizes=\"(max-width: 300px) 100vw, 300px\" \/> \u00a0<img loading=\"lazy\" class=\"alignnone size-medium wp-image-6575\" src=\"http:\/\/defensoriaparana.com.ar\/wp-content\/uploads\/2025\/12\/sesion-19-12-2025-8-scaled-1-200x300.jpg\" alt=\"\" width=\"200\" height=\"300\" srcset=\"https:\/\/defensoriaparana.com.ar\/wp-content\/uploads\/2025\/12\/sesion-19-12-2025-8-scaled-1-200x300.jpg 200w, https:\/\/defensoriaparana.com.ar\/wp-content\/uploads\/2025\/12\/sesion-19-12-2025-8-scaled-1-683x1024.jpg 683w, https:\/\/defensoriaparana.com.ar\/wp-content\/uploads\/2025\/12\/sesion-19-12-2025-8-scaled-1-768x1152.jpg 768w, https:\/\/defensoriaparana.com.ar\/wp-content\/uploads\/2025\/12\/sesion-19-12-2025-8-scaled-1-1024x1536.jpg 1024w, https:\/\/defensoriaparana.com.ar\/wp-content\/uploads\/2025\/12\/sesion-19-12-2025-8-scaled-1-1366x2048.jpg 1366w, https:\/\/defensoriaparana.com.ar\/wp-content\/uploads\/2025\/12\/sesion-19-12-2025-8-scaled-1.jpg 1707w\" sizes=\"(max-width: 200px) 100vw, 200px\" \/> <img loading=\"lazy\" class=\"alignnone size-medium wp-image-6576\" src=\"http:\/\/defensoriaparana.com.ar\/wp-content\/uploads\/2025\/12\/sesion-19-12-2025-2-scaled-1-300x200.jpg\" alt=\"\" width=\"300\" height=\"200\" srcset=\"https:\/\/defensoriaparana.com.ar\/wp-content\/uploads\/2025\/12\/sesion-19-12-2025-2-scaled-1-300x200.jpg 300w, https:\/\/defensoriaparana.com.ar\/wp-content\/uploads\/2025\/12\/sesion-19-12-2025-2-scaled-1-1024x683.jpg 1024w, https:\/\/defensoriaparana.com.ar\/wp-content\/uploads\/2025\/12\/sesion-19-12-2025-2-scaled-1-768x512.jpg 768w, https:\/\/defensoriaparana.com.ar\/wp-content\/uploads\/2025\/12\/sesion-19-12-2025-2-scaled-1-1536x1024.jpg 1536w, https:\/\/defensoriaparana.com.ar\/wp-content\/uploads\/2025\/12\/sesion-19-12-2025-2-scaled-1-2048x1366.jpg 2048w\" sizes=\"(max-width: 300px) 100vw, 300px\" \/> <img loading=\"lazy\" class=\"alignnone size-medium wp-image-6577\" src=\"http:\/\/defensoriaparana.com.ar\/wp-content\/uploads\/2025\/12\/sesion-19-12-2025-11-scaled-1-200x300.jpg\" alt=\"\" width=\"200\" height=\"300\" srcset=\"https:\/\/defensoriaparana.com.ar\/wp-content\/uploads\/2025\/12\/sesion-19-12-2025-11-scaled-1-200x300.jpg 200w, https:\/\/defensoriaparana.com.ar\/wp-content\/uploads\/2025\/12\/sesion-19-12-2025-11-scaled-1-683x1024.jpg 683w, https:\/\/defensoriaparana.com.ar\/wp-content\/uploads\/2025\/12\/sesion-19-12-2025-11-scaled-1-768x1152.jpg 768w, https:\/\/defensoriaparana.com.ar\/wp-content\/uploads\/2025\/12\/sesion-19-12-2025-11-scaled-1-1024x1536.jpg 1024w, https:\/\/defensoriaparana.com.ar\/wp-content\/uploads\/2025\/12\/sesion-19-12-2025-11-scaled-1-1366x2048.jpg 1366w, https:\/\/defensoriaparana.com.ar\/wp-content\/uploads\/2025\/12\/sesion-19-12-2025-11-scaled-1.jpg 1707w\" sizes=\"(max-width: 200px) 100vw, 200px\" \/> <img loading=\"lazy\" class=\"alignnone size-medium wp-image-6578\" src=\"http:\/\/defensoriaparana.com.ar\/wp-content\/uploads\/2025\/12\/sesion--300x204.jpg\" alt=\"\" width=\"300\" height=\"204\" srcset=\"https:\/\/defensoriaparana.com.ar\/wp-content\/uploads\/2025\/12\/sesion--300x204.jpg 300w, https:\/\/defensoriaparana.com.ar\/wp-content\/uploads\/2025\/12\/sesion--1024x697.jpg 1024w, https:\/\/defensoriaparana.com.ar\/wp-content\/uploads\/2025\/12\/sesion--768x523.jpg 768w, https:\/\/defensoriaparana.com.ar\/wp-content\/uploads\/2025\/12\/sesion--1536x1046.jpg 1536w, https:\/\/defensoriaparana.com.ar\/wp-content\/uploads\/2025\/12\/sesion--2048x1395.jpg 2048w\" sizes=\"(max-width: 300px) 100vw, 300px\" \/><img loading=\"lazy\" class=\"alignnone size-medium wp-image-6579\" src=\"http:\/\/defensoriaparana.com.ar\/wp-content\/uploads\/2025\/12\/sesion-19-12-2025-9-scaled-1-200x300.jpg\" alt=\"\" width=\"200\" height=\"300\" srcset=\"https:\/\/defensoriaparana.com.ar\/wp-content\/uploads\/2025\/12\/sesion-19-12-2025-9-scaled-1-200x300.jpg 200w, https:\/\/defensoriaparana.com.ar\/wp-content\/uploads\/2025\/12\/sesion-19-12-2025-9-scaled-1-683x1024.jpg 683w, https:\/\/defensoriaparana.com.ar\/wp-content\/uploads\/2025\/12\/sesion-19-12-2025-9-scaled-1-768x1152.jpg 768w, https:\/\/defensoriaparana.com.ar\/wp-content\/uploads\/2025\/12\/sesion-19-12-2025-9-scaled-1-1024x1536.jpg 1024w, https:\/\/defensoriaparana.com.ar\/wp-content\/uploads\/2025\/12\/sesion-19-12-2025-9-scaled-1-1366x2048.jpg 1366w, https:\/\/defensoriaparana.com.ar\/wp-content\/uploads\/2025\/12\/sesion-19-12-2025-9-scaled-1.jpg 1707w\" sizes=\"(max-width: 200px) 100vw, 200px\" \/> <img loading=\"lazy\" class=\"alignnone size-medium wp-image-6580\" src=\"http:\/\/defensoriaparana.com.ar\/wp-content\/uploads\/2025\/12\/sesion-19-12-2025-4-scaled-1-300x200.jpg\" alt=\"\" width=\"300\" height=\"200\" srcset=\"https:\/\/defensoriaparana.com.ar\/wp-content\/uploads\/2025\/12\/sesion-19-12-2025-4-scaled-1-300x200.jpg 300w, https:\/\/defensoriaparana.com.ar\/wp-content\/uploads\/2025\/12\/sesion-19-12-2025-4-scaled-1-1024x683.jpg 1024w, https:\/\/defensoriaparana.com.ar\/wp-content\/uploads\/2025\/12\/sesion-19-12-2025-4-scaled-1-768x512.jpg 768w, https:\/\/defensoriaparana.com.ar\/wp-content\/uploads\/2025\/12\/sesion-19-12-2025-4-scaled-1-1536x1024.jpg 1536w, https:\/\/defensoriaparana.com.ar\/wp-content\/uploads\/2025\/12\/sesion-19-12-2025-4-scaled-1-2048x1366.jpg 2048w\" sizes=\"(max-width: 300px) 100vw, 300px\" \/> <img loading=\"lazy\" class=\"alignnone size-medium wp-image-6581\" src=\"http:\/\/defensoriaparana.com.ar\/wp-content\/uploads\/2025\/12\/sesion-19-12-2025-5-scaled-2-300x200.jpg\" alt=\"\" width=\"300\" height=\"200\" srcset=\"https:\/\/defensoriaparana.com.ar\/wp-content\/uploads\/2025\/12\/sesion-19-12-2025-5-scaled-2-300x200.jpg 300w, https:\/\/defensoriaparana.com.ar\/wp-content\/uploads\/2025\/12\/sesion-19-12-2025-5-scaled-2-1024x683.jpg 1024w, https:\/\/defensoriaparana.com.ar\/wp-content\/uploads\/2025\/12\/sesion-19-12-2025-5-scaled-2-768x512.jpg 768w, https:\/\/defensoriaparana.com.ar\/wp-content\/uploads\/2025\/12\/sesion-19-12-2025-5-scaled-2-1536x1024.jpg 1536w, https:\/\/defensoriaparana.com.ar\/wp-content\/uploads\/2025\/12\/sesion-19-12-2025-5-scaled-2-2048x1366.jpg 2048w\" sizes=\"(max-width: 300px) 100vw, 300px\" \/><\/p>\n","protected":false},"excerpt":{"rendered":"<p>Este viernes, fueron puesto en funciones el Defensor del Pueblo, Lisandro Amavet; el Defensor del Pueblo Adjunto, Fernando Veiga, y la Defensora de los Derechos de las Personas Mayores, Marcia L\u00f3pez. La asunci\u00f3n y jura de las nuevas autoridades de la instituci\u00f3n se realiz\u00f3 en el marco de una sesi\u00f3n especial del Concejo Deliberante de [&hellip;]<\/p>\n","protected":false},"author":2,"featured_media":6563,"comment_status":"open","ping_status":"open","sticky":false,"template":"","format":"standard","meta":{"om_disable_all_campaigns":false,"_monsterinsights_skip_tracking":false,"_monsterinsights_sitenote_active":false,"_monsterinsights_sitenote_note":"","_monsterinsights_sitenote_category":0},"categories":[1],"tags":[],"_links":{"self":[{"href":"https:\/\/defensoriaparana.com.ar\/index.php\/wp-json\/wp\/v2\/posts\/6559"}],"collection":[{"href":"https:\/\/defensoriaparana.com.ar\/index.php\/wp-json\/wp\/v2\/posts"}],"about":[{"href":"https:\/\/defensoriaparana.com.ar\/index.php\/wp-json\/wp\/v2\/types\/post"}],"author":[{"embeddable":true,"href":"https:\/\/defensoriaparana.com.ar\/index.php\/wp-json\/wp\/v2\/users\/2"}],"replies":[{"embeddable":true,"href":"https:\/\/defensoriaparana.com.ar\/index.php\/wp-json\/wp\/v2\/comments?post=6559"}],"version-history":[{"count":6,"href":"https:\/\/defensoriaparana.com.ar\/index.php\/wp-json\/wp\/v2\/posts\/6559\/revisions"}],"predecessor-version":[{"id":6606,"href":"https:\/\/defensoriaparana.com.ar\/index.php\/wp-json\/wp\/v2\/posts\/6559\/revisions\/6606"}],"wp:featuredmedia":[{"embeddable":true,"href":"https:\/\/defensoriaparana.com.ar\/index.php\/wp-json\/wp\/v2\/media\/6563"}],"wp:attachment":[{"href":"https:\/\/defensoriaparana.com.ar\/index.php\/wp-json\/wp\/v2\/media?parent=6559"}],"wp:term":[{"taxonomy":"category","embeddable":true,"href":"https:\/\/defensoriaparana.com.ar\/index.php\/wp-json\/wp\/v2\/categories?post=6559"},{"taxonomy":"post_tag","embeddable":true,"href":"https:\/\/defensoriaparana.com.ar\/index.php\/wp-json\/wp\/v2\/tags?post=6559"}],"curies":[{"name":"wp","href":"https:\/\/api.w.org\/{rel}","templated":true}]}}