{"id":6592,"date":"2025-12-23T20:28:44","date_gmt":"2025-12-23T20:28:44","guid":{"rendered":"https:\/\/defensoriaparana.com.ar\/?p=6592"},"modified":"2025-12-23T20:35:09","modified_gmt":"2025-12-23T20:35:09","slug":"reunion-de-trabajo-del-equipo-de-conduccion-de-la-defensoria-del-pueblo","status":"publish","type":"post","link":"https:\/\/defensoriaparana.com.ar\/index.php\/2025\/12\/23\/reunion-de-trabajo-del-equipo-de-conduccion-de-la-defensoria-del-pueblo\/","title":{"rendered":"Reuni\u00f3n de trabajo del equipo de conducci\u00f3n de la Defensor\u00eda del Pueblo"},"content":{"rendered":"<p>Los Defensores del Pueblo de Paran\u00e1, Lisandro Amavet y Fernando Veiga (Adjunto), junto con la Defensora de los Derechos de las Personas Mayores, Marcia L\u00f3pez, y la Coordinadora del Centro de Mediaci\u00f3n Comunitaria, Irina Chausovsky, mantuvieron la primera reuni\u00f3n de trabajo tras el cambio de autoridades de la instituci\u00f3n.<br \/>\nEn el encuentro, se convers\u00f3 sobre las l\u00edneas y estrategias de trabajo, se intercambi\u00f3 informaci\u00f3n y antecedentes de la labor institucional y se analizaron los temas que ocupan la atenci\u00f3n de la Defensor\u00eda en este momento del a\u00f1o, entre otros aspectos abordados.<br \/>\nLa instancia se da en el marco de la asunci\u00f3n de nuevos Defensores del Pueblo y Defensora de los Derechos de las Personas Mayores, cambio que oper\u00f3 a partir del 19 de diciembre, d\u00eda en que el Concejo Deliberante de la ciudad tom\u00f3 juramento en sus cargos a los titulares surgidos tras la convocatoria de un concurso p\u00fablico.<\/p>\n","protected":false},"excerpt":{"rendered":"<p>Los Defensores del Pueblo de Paran\u00e1, Lisandro Amavet y Fernando Veiga (Adjunto), junto con la Defensora de los Derechos de las Personas Mayores, Marcia L\u00f3pez, y la Coordinadora del Centro de Mediaci\u00f3n Comunitaria, Irina Chausovsky, mantuvieron la primera reuni\u00f3n de trabajo tras el cambio de autoridades de la instituci\u00f3n. En el encuentro, se convers\u00f3 sobre [&hellip;]<\/p>\n","protected":false},"author":2,"featured_media":6593,"comment_status":"open","ping_status":"open","sticky":false,"template":"","format":"standard","meta":{"om_disable_all_campaigns":false,"_monsterinsights_skip_tracking":false,"_monsterinsights_sitenote_active":false,"_monsterinsights_sitenote_note":"","_monsterinsights_sitenote_category":0},"categories":[1],"tags":[],"_links":{"self":[{"href":"https:\/\/defensoriaparana.com.ar\/index.php\/wp-json\/wp\/v2\/posts\/6592"}],"collection":[{"href":"https:\/\/defensoriaparana.com.ar\/index.php\/wp-json\/wp\/v2\/posts"}],"about":[{"href":"https:\/\/defensoriaparana.com.ar\/index.php\/wp-json\/wp\/v2\/types\/post"}],"author":[{"embeddable":true,"href":"https:\/\/defensoriaparana.com.ar\/index.php\/wp-json\/wp\/v2\/users\/2"}],"replies":[{"embeddable":true,"href":"https:\/\/defensoriaparana.com.ar\/index.php\/wp-json\/wp\/v2\/comments?post=6592"}],"version-history":[{"count":2,"href":"https:\/\/defensoriaparana.com.ar\/index.php\/wp-json\/wp\/v2\/posts\/6592\/revisions"}],"predecessor-version":[{"id":6595,"href":"https:\/\/defensoriaparana.com.ar\/index.php\/wp-json\/wp\/v2\/posts\/6592\/revisions\/6595"}],"wp:featuredmedia":[{"embeddable":true,"href":"https:\/\/defensoriaparana.com.ar\/index.php\/wp-json\/wp\/v2\/media\/6593"}],"wp:attachment":[{"href":"https:\/\/defensoriaparana.com.ar\/index.php\/wp-json\/wp\/v2\/media?parent=6592"}],"wp:term":[{"taxonomy":"category","embeddable":true,"href":"https:\/\/defensoriaparana.com.ar\/index.php\/wp-json\/wp\/v2\/categories?post=6592"},{"taxonomy":"post_tag","embeddable":true,"href":"https:\/\/defensoriaparana.com.ar\/index.php\/wp-json\/wp\/v2\/tags?post=6592"}],"curies":[{"name":"wp","href":"https:\/\/api.w.org\/{rel}","templated":true}]}}