{"id":6596,"date":"2025-12-29T14:31:30","date_gmt":"2025-12-29T14:31:30","guid":{"rendered":"https:\/\/defensoriaparana.com.ar\/?p=6596"},"modified":"2025-12-29T14:32:29","modified_gmt":"2025-12-29T14:32:29","slug":"reunion-en-el-pami-se-converso-sobre-los-principales-reclamos-que-recibe-la-defensoria-del-pueblo-y-como-gestionarlos","status":"publish","type":"post","link":"https:\/\/defensoriaparana.com.ar\/index.php\/2025\/12\/29\/reunion-en-el-pami-se-converso-sobre-los-principales-reclamos-que-recibe-la-defensoria-del-pueblo-y-como-gestionarlos\/","title":{"rendered":"Reuni\u00f3n en el Pami: se trataron los principales reclamos que recibe la Defensor\u00eda del Pueblo y c\u00f3mo gestionarlos"},"content":{"rendered":"<p>Con el fin presentarse en el marco de la nueva funci\u00f3n y ponerse a disposici\u00f3n para realizar un trabajo conjunto y coordinado, las nuevas autoridades de la Defensor\u00eda del Pueblo de Paran\u00e1 se reunieron con Jos\u00e9 Julio Barci, titular del Pami Regional Paran\u00e1. Participaron el Defensor del Pueblo, Lisandro Amavet, y la Defensora de los Derechos de las Personas Mayores, Marcia L\u00f3pez, recientemente electos en sendos cargos, junto a Carolina Atencio, en representaci\u00f3n de la Delegaci\u00f3n de la Defensor\u00eda del Pueblo de la Naci\u00f3n en Entre R\u00edos, oficina que funciona en la sede de la Defensor\u00eda de Paran\u00e1.<\/p>\n<p>Durante el encuentro en el que particip\u00f3 tambi\u00e9n la Jefa del Departamento Pol\u00edticas Sociales de la obra social, Lic. Norma Ibarra, se analizaron los principales reclamos y consultas que se reciben en el \u00e1mbito de la Defensor\u00eda del Pueblo de Paran\u00e1, a trav\u00e9s de la Delegaci\u00f3n de la Defensor\u00eda del Pueblo de la Naci\u00f3n y mediante la Defensora de los Derechos de las Personas Mayores de la ciudad.<\/p>\n<p>En esa instancia, se habl\u00f3 de las prestaciones que brinda el Pami para cuidadores domiciliarios, internaciones en centros hospitalarios y domiciliarias y respecto a la necesidad de facilitar informaci\u00f3n a los ciudadanos para agilizar gestiones administrativas de las prestaciones y disminuir la litigiosidad judicial. Tambi\u00e9n se plante\u00f3, a modo de ejemplo del tenor y variedad de los reclamos, una de las \u00faltimas presentaciones recibidas en la Defensor\u00eda, que da cuenta de deficiencias en el servicio de traslado a centros de rehabilitaci\u00f3n.<\/p>\n<p>Tras la primera reuni\u00f3n de trabajo, se acord\u00f3 mantener una comunicaci\u00f3n fluida y aceitar los canales de gesti\u00f3n con el fin de atender y dar respuestas r\u00e1pidas y efectivas a los requerimientos y necesidades de los afiliados a esa obra social que acuden a la Defensor\u00eda.<\/p>\n","protected":false},"excerpt":{"rendered":"<p>Con el fin presentarse en el marco de la nueva funci\u00f3n y ponerse a disposici\u00f3n para realizar un trabajo conjunto y coordinado, las nuevas autoridades de la Defensor\u00eda del Pueblo de Paran\u00e1 se reunieron con Jos\u00e9 Julio Barci, titular del Pami Regional Paran\u00e1. Participaron el Defensor del Pueblo, Lisandro Amavet, y la Defensora de los [&hellip;]<\/p>\n","protected":false},"author":2,"featured_media":6597,"comment_status":"open","ping_status":"open","sticky":false,"template":"","format":"standard","meta":{"om_disable_all_campaigns":false,"_monsterinsights_skip_tracking":false,"_monsterinsights_sitenote_active":false,"_monsterinsights_sitenote_note":"","_monsterinsights_sitenote_category":0},"categories":[1],"tags":[],"_links":{"self":[{"href":"https:\/\/defensoriaparana.com.ar\/index.php\/wp-json\/wp\/v2\/posts\/6596"}],"collection":[{"href":"https:\/\/defensoriaparana.com.ar\/index.php\/wp-json\/wp\/v2\/posts"}],"about":[{"href":"https:\/\/defensoriaparana.com.ar\/index.php\/wp-json\/wp\/v2\/types\/post"}],"author":[{"embeddable":true,"href":"https:\/\/defensoriaparana.com.ar\/index.php\/wp-json\/wp\/v2\/users\/2"}],"replies":[{"embeddable":true,"href":"https:\/\/defensoriaparana.com.ar\/index.php\/wp-json\/wp\/v2\/comments?post=6596"}],"version-history":[{"count":2,"href":"https:\/\/defensoriaparana.com.ar\/index.php\/wp-json\/wp\/v2\/posts\/6596\/revisions"}],"predecessor-version":[{"id":6599,"href":"https:\/\/defensoriaparana.com.ar\/index.php\/wp-json\/wp\/v2\/posts\/6596\/revisions\/6599"}],"wp:featuredmedia":[{"embeddable":true,"href":"https:\/\/defensoriaparana.com.ar\/index.php\/wp-json\/wp\/v2\/media\/6597"}],"wp:attachment":[{"href":"https:\/\/defensoriaparana.com.ar\/index.php\/wp-json\/wp\/v2\/media?parent=6596"}],"wp:term":[{"taxonomy":"category","embeddable":true,"href":"https:\/\/defensoriaparana.com.ar\/index.php\/wp-json\/wp\/v2\/categories?post=6596"},{"taxonomy":"post_tag","embeddable":true,"href":"https:\/\/defensoriaparana.com.ar\/index.php\/wp-json\/wp\/v2\/tags?post=6596"}],"curies":[{"name":"wp","href":"https:\/\/api.w.org\/{rel}","templated":true}]}}