{"id":6642,"date":"2026-01-19T15:24:07","date_gmt":"2026-01-19T15:24:07","guid":{"rendered":"https:\/\/defensoriaparana.com.ar\/?p=6642"},"modified":"2026-01-20T01:50:26","modified_gmt":"2026-01-20T01:50:26","slug":"los-defensores-del-pueblo-se-reunieron-con-autoridades-de-oser","status":"publish","type":"post","link":"https:\/\/defensoriaparana.com.ar\/index.php\/2026\/01\/19\/los-defensores-del-pueblo-se-reunieron-con-autoridades-de-oser\/","title":{"rendered":"Los Defensores del Pueblo se reunieron con autoridades de OSER"},"content":{"rendered":"<p>Los Defensores del Pueblo de Paran\u00e1, Lisandro Amavet y Fernando Veiga (Adjunto), mantuvieron una reuni\u00f3n con el presidente y vicepresidente de la Obra Social de Entre R\u00edos (OSER), Mariano Gallegos y Ricardo Garc\u00eda, respectivamente, con el fin de acordar modalidades de trabajo y comunicaci\u00f3n que permitan, de manera efectiva y r\u00e1pida, brindar respuestas a los planteos que los ciudadanos realizan en la instituci\u00f3n.<br \/>\nLa Defensor\u00eda del Pueblo recibe numerosos reclamos por servicios de la obra social de parte de afiliados de la ciudad y de localidades de la provincia. Cabe recordar que la Defensor\u00eda del Pueblo de Paran\u00e1 es la \u00fanica en su tipo en Entre R\u00edos, ya que se encuentra pendiente desde 2008 la conformaci\u00f3n de la instituci\u00f3n de alcance provincial.<br \/>\nDurante el encuentro, Amavet y Veiga expusieron detalles de los casos atendidos recientemente y remarcaron la necesidad de consolidar un trabajo conjunto que contribuya a brindar respuestas a quienes acuden a la Defensor\u00eda para que intermedie en pos de una soluci\u00f3n a sus situaciones, algunas de las cuales requieren una resoluci\u00f3n urgente.<br \/>\nLos principales temas planteados estuvieron vinculados a la demora en la entrega de medicamentos, la situaci\u00f3n de los incrementos aplicados a afiliados voluntarios, el procedimiento ante el requerimiento de cuidadores\/as domiciliarios\/as, as\u00ed como las autorizaciones de prestaciones, entre otros.<br \/>\nSe convino, en el marco un intercambio ameno y productivo, profundizar la relaci\u00f3n y las v\u00edas de contacto entre ambas instituciones y atender con premura los planteos que se gestionen desde la Defensor\u00eda.<\/p>\n<p>(Imagen gentileza OSER)<\/p>\n","protected":false},"excerpt":{"rendered":"<p>Los Defensores del Pueblo de Paran\u00e1, Lisandro Amavet y Fernando Veiga (Adjunto), mantuvieron una reuni\u00f3n con el presidente y vicepresidente de la Obra Social de Entre R\u00edos (OSER), Mariano Gallegos y Ricardo Garc\u00eda, respectivamente, con el fin de acordar modalidades de trabajo y comunicaci\u00f3n que permitan, de manera efectiva y r\u00e1pida, brindar respuestas a los [&hellip;]<\/p>\n","protected":false},"author":2,"featured_media":6643,"comment_status":"open","ping_status":"open","sticky":false,"template":"","format":"standard","meta":{"om_disable_all_campaigns":false,"_monsterinsights_skip_tracking":false,"_monsterinsights_sitenote_active":false,"_monsterinsights_sitenote_note":"","_monsterinsights_sitenote_category":0},"categories":[1],"tags":[],"_links":{"self":[{"href":"https:\/\/defensoriaparana.com.ar\/index.php\/wp-json\/wp\/v2\/posts\/6642"}],"collection":[{"href":"https:\/\/defensoriaparana.com.ar\/index.php\/wp-json\/wp\/v2\/posts"}],"about":[{"href":"https:\/\/defensoriaparana.com.ar\/index.php\/wp-json\/wp\/v2\/types\/post"}],"author":[{"embeddable":true,"href":"https:\/\/defensoriaparana.com.ar\/index.php\/wp-json\/wp\/v2\/users\/2"}],"replies":[{"embeddable":true,"href":"https:\/\/defensoriaparana.com.ar\/index.php\/wp-json\/wp\/v2\/comments?post=6642"}],"version-history":[{"count":2,"href":"https:\/\/defensoriaparana.com.ar\/index.php\/wp-json\/wp\/v2\/posts\/6642\/revisions"}],"predecessor-version":[{"id":6645,"href":"https:\/\/defensoriaparana.com.ar\/index.php\/wp-json\/wp\/v2\/posts\/6642\/revisions\/6645"}],"wp:featuredmedia":[{"embeddable":true,"href":"https:\/\/defensoriaparana.com.ar\/index.php\/wp-json\/wp\/v2\/media\/6643"}],"wp:attachment":[{"href":"https:\/\/defensoriaparana.com.ar\/index.php\/wp-json\/wp\/v2\/media?parent=6642"}],"wp:term":[{"taxonomy":"category","embeddable":true,"href":"https:\/\/defensoriaparana.com.ar\/index.php\/wp-json\/wp\/v2\/categories?post=6642"},{"taxonomy":"post_tag","embeddable":true,"href":"https:\/\/defensoriaparana.com.ar\/index.php\/wp-json\/wp\/v2\/tags?post=6642"}],"curies":[{"name":"wp","href":"https:\/\/api.w.org\/{rel}","templated":true}]}}