{"id":6773,"date":"2026-03-09T14:42:33","date_gmt":"2026-03-09T14:42:33","guid":{"rendered":"https:\/\/defensoriaparana.com.ar\/?p=6773"},"modified":"2026-03-09T14:42:33","modified_gmt":"2026-03-09T14:42:33","slug":"la-defensoria-del-pueblo-atiende-a-familias-en-situacion-de-vulnerabilidad","status":"publish","type":"post","link":"https:\/\/defensoriaparana.com.ar\/index.php\/2026\/03\/09\/la-defensoria-del-pueblo-atiende-a-familias-en-situacion-de-vulnerabilidad\/","title":{"rendered":"La Defensor\u00eda del Pueblo atiende a familias en situaci\u00f3n de vulnerabilidad"},"content":{"rendered":"<p>En el marco del objetivo esencial de la instituci\u00f3n de atender las necesidades de los vecinos, prioritariamente aquellas que den cuenta de situaciones de vulnerabilidad, el Defensor del Pueblo Adjunto de Paran\u00e1, Fernando Veiga, acudi\u00f3 al barrio Rocamora ante la problem\u00e1tica de una familia que habita la zona.<br \/>\nAcompa\u00f1ado por la asesora legal de la instituci\u00f3n, abogada Eliana Fazzari, y la coordinadora de Relaciones con la Comunidad del \u00e1rea de Control Urbano Municipal, Bernardita Ciarroca, se traslad\u00f3 hasta el domicilio de una familia que carece del servicio de agua potable y atraviesa una situaci\u00f3n delicada de salud. En el lugar, tomaron contacto con miembros de la familia y tambi\u00e9n con vecinos de viviendas contiguas, quienes detallaron los inconvenientes que padecen referidos al suministro de agua, en su car\u00e1cter de inquilinos.<br \/>\nEl Defensor y la funcionaria municipal registraron la situaci\u00f3n y, en un trabajo conjunto, se abocan a buscar una soluci\u00f3n al problema con el fin de resguardar los derechos de las personas afectadas.<br \/>\n\u201cDesde la Defensor\u00eda del Pueblo de Paran\u00e1 se observa con preocupaci\u00f3n la situaci\u00f3n planteada por una ciudadana y su familia del barrio Rocamora que, en un contexto de vulnerabilidad y atravesando problemas de salud, no cuenta con acceso al servicio de agua potable. El acceso al agua constituye un derecho humano esencial para garantizar condiciones de vida dignas. En este sentido, la instituci\u00f3n continuar\u00e1 articulando con las \u00e1reas competentes del Estado para promover una pronta soluci\u00f3n, priorizando la protecci\u00f3n de los derechos de las personas afectadas y el acceso efectivo a servicios b\u00e1sicos\u201d, expres\u00f3 el Defensor Adjunto.<br \/>\nPor su parte, la asesora legal coment\u00f3 que se convers\u00f3 con las personas involucradas en la situaci\u00f3n y se \u201clos invit\u00f3 a acudir al Centro de Mediaci\u00f3n de la Defensor\u00eda del Pueblo, como espacio de di\u00e1logo que permite restablecer la comunicaci\u00f3n entre los vecinos, esencial para plantear una mejor convivencia\u201d.<\/p>\n","protected":false},"excerpt":{"rendered":"<p>En el marco del objetivo esencial de la instituci\u00f3n de atender las necesidades de los vecinos, prioritariamente aquellas que den cuenta de situaciones de vulnerabilidad, el Defensor del Pueblo Adjunto de Paran\u00e1, Fernando Veiga, acudi\u00f3 al barrio Rocamora ante la problem\u00e1tica de una familia que habita la zona. Acompa\u00f1ado por la asesora legal de la [&hellip;]<\/p>\n","protected":false},"author":2,"featured_media":6775,"comment_status":"open","ping_status":"open","sticky":false,"template":"","format":"standard","meta":{"om_disable_all_campaigns":false,"_monsterinsights_skip_tracking":false,"_monsterinsights_sitenote_active":false,"_monsterinsights_sitenote_note":"","_monsterinsights_sitenote_category":0},"categories":[1],"tags":[],"_links":{"self":[{"href":"https:\/\/defensoriaparana.com.ar\/index.php\/wp-json\/wp\/v2\/posts\/6773"}],"collection":[{"href":"https:\/\/defensoriaparana.com.ar\/index.php\/wp-json\/wp\/v2\/posts"}],"about":[{"href":"https:\/\/defensoriaparana.com.ar\/index.php\/wp-json\/wp\/v2\/types\/post"}],"author":[{"embeddable":true,"href":"https:\/\/defensoriaparana.com.ar\/index.php\/wp-json\/wp\/v2\/users\/2"}],"replies":[{"embeddable":true,"href":"https:\/\/defensoriaparana.com.ar\/index.php\/wp-json\/wp\/v2\/comments?post=6773"}],"version-history":[{"count":1,"href":"https:\/\/defensoriaparana.com.ar\/index.php\/wp-json\/wp\/v2\/posts\/6773\/revisions"}],"predecessor-version":[{"id":6776,"href":"https:\/\/defensoriaparana.com.ar\/index.php\/wp-json\/wp\/v2\/posts\/6773\/revisions\/6776"}],"wp:featuredmedia":[{"embeddable":true,"href":"https:\/\/defensoriaparana.com.ar\/index.php\/wp-json\/wp\/v2\/media\/6775"}],"wp:attachment":[{"href":"https:\/\/defensoriaparana.com.ar\/index.php\/wp-json\/wp\/v2\/media?parent=6773"}],"wp:term":[{"taxonomy":"category","embeddable":true,"href":"https:\/\/defensoriaparana.com.ar\/index.php\/wp-json\/wp\/v2\/categories?post=6773"},{"taxonomy":"post_tag","embeddable":true,"href":"https:\/\/defensoriaparana.com.ar\/index.php\/wp-json\/wp\/v2\/tags?post=6773"}],"curies":[{"name":"wp","href":"https:\/\/api.w.org\/{rel}","templated":true}]}}