{"id":6778,"date":"2026-03-12T13:42:12","date_gmt":"2026-03-12T13:42:12","guid":{"rendered":"https:\/\/defensoriaparana.com.ar\/?p=6778"},"modified":"2026-03-12T15:37:17","modified_gmt":"2026-03-12T15:37:17","slug":"la-defensoria-hara-un-registro-de-organizaciones-territoriales-de-la-ciudad-con-la-colaboracion-de-la-universidad","status":"publish","type":"post","link":"https:\/\/defensoriaparana.com.ar\/index.php\/2026\/03\/12\/la-defensoria-hara-un-registro-de-organizaciones-territoriales-de-la-ciudad-con-la-colaboracion-de-la-universidad\/","title":{"rendered":"La Defensor\u00eda har\u00e1 un Registro de Organizaciones Territoriales de la ciudad con la colaboraci\u00f3n de la universidad"},"content":{"rendered":"<p>El Defensor del Pueblo de la ciudad de Paran\u00e1, Lisandro Amavet, acompa\u00f1ado por la Coordinadora Territorial de la instituci\u00f3n, Sandra Cislaghi, particip\u00f3 el martes de la apertura de clases de la Facultad de Ingenier\u00eda, de la Universidad de la Universidad Nacional de Entre R\u00edos (UNER).<\/p>\n<p>El encuentro cont\u00f3 con la presencia del Secretario Acad\u00e9mico Andr\u00e9s Naudi y del profesor Fernando Sassetti, y tuvo como objetivo avanzar en una articulaci\u00f3n institucional en el marco de un convenio de colaboraci\u00f3n mutua.<\/p>\n<p><img loading=\"lazy\" class=\"alignnone wp-image-6782 size-large\" src=\"http:\/\/defensoriaparana.com.ar\/wp-content\/uploads\/2026\/03\/WhatsApp-Image-2026-03-11-at-10.10.46-1024x771.jpeg\" alt=\"\" width=\"960\" height=\"723\" srcset=\"https:\/\/defensoriaparana.com.ar\/wp-content\/uploads\/2026\/03\/WhatsApp-Image-2026-03-11-at-10.10.46-1024x771.jpeg 1024w, https:\/\/defensoriaparana.com.ar\/wp-content\/uploads\/2026\/03\/WhatsApp-Image-2026-03-11-at-10.10.46-300x226.jpeg 300w, https:\/\/defensoriaparana.com.ar\/wp-content\/uploads\/2026\/03\/WhatsApp-Image-2026-03-11-at-10.10.46-768x578.jpeg 768w, https:\/\/defensoriaparana.com.ar\/wp-content\/uploads\/2026\/03\/WhatsApp-Image-2026-03-11-at-10.10.46-1536x1156.jpeg 1536w, https:\/\/defensoriaparana.com.ar\/wp-content\/uploads\/2026\/03\/WhatsApp-Image-2026-03-11-at-10.10.46.jpeg 1600w\" sizes=\"(max-width: 960px) 100vw, 960px\" \/><\/p>\n<p>A partir de este trabajo conjunto con estudiantes de un Proyecto de Extensi\u00f3n, se busca fortalecer el desarrollo del programa de la Defensor\u00eda del Pueblo de Paran\u00e1 \u201cRegistro \u00danico de Organizaciones Territoriales\u201d.<\/p>\n<p>Al respecto, el Defensor explic\u00f3 que se trabaja en la confecci\u00f3n de un registro que sea p\u00fablico y re\u00fana a todas aquellas organizaciones que trabajan en la promoci\u00f3n y defensa de los derechos humanos. Para ello contar\u00e1 con la valiosa colaboraci\u00f3n de la UNER, mediante la Facultad de Ingenier\u00eda.<\/p>\n<p><img loading=\"lazy\" class=\"alignnone wp-image-6779 size-large\" src=\"http:\/\/defensoriaparana.com.ar\/wp-content\/uploads\/2026\/03\/WhatsApp-Image-2026-03-11-at-10.10.45-1-1024x687.jpeg\" alt=\"\" width=\"960\" height=\"644\" srcset=\"https:\/\/defensoriaparana.com.ar\/wp-content\/uploads\/2026\/03\/WhatsApp-Image-2026-03-11-at-10.10.45-1-1024x687.jpeg 1024w, https:\/\/defensoriaparana.com.ar\/wp-content\/uploads\/2026\/03\/WhatsApp-Image-2026-03-11-at-10.10.45-1-300x201.jpeg 300w, https:\/\/defensoriaparana.com.ar\/wp-content\/uploads\/2026\/03\/WhatsApp-Image-2026-03-11-at-10.10.45-1-768x515.jpeg 768w, https:\/\/defensoriaparana.com.ar\/wp-content\/uploads\/2026\/03\/WhatsApp-Image-2026-03-11-at-10.10.45-1.jpeg 1217w\" sizes=\"(max-width: 960px) 100vw, 960px\" \/><\/p>\n<p>La ciudad se construye d\u00eda a d\u00eda gracias al compromiso de numerosas organizaciones sociales de la sociedad civil que, desde los barrios, acompa\u00f1an, sostienen y defienden derechos. En ese sentido, el Registro se propone como una herramienta institucional p\u00fablica para recopilar, inscribir, reconocer, fortalecer y visibilizar el trabajo territorial, promoviendo la articulaci\u00f3n entre el Estado y las organizaciones.<\/p>\n<p>Este dispositivo busca generar espacios de encuentro, acompa\u00f1amiento y construcci\u00f3n colectiva, orientados a fortalecer la defensa y promoci\u00f3n de los derechos humanos en todos los barrios de la ciudad.<\/p>\n<p><img loading=\"lazy\" class=\"alignnone wp-image-6784 size-large\" src=\"http:\/\/defensoriaparana.com.ar\/wp-content\/uploads\/2026\/03\/WhatsApp-Image-2026-03-11-at-10.10.45-3-1024x768.jpeg\" alt=\"\" width=\"960\" height=\"720\" srcset=\"https:\/\/defensoriaparana.com.ar\/wp-content\/uploads\/2026\/03\/WhatsApp-Image-2026-03-11-at-10.10.45-3-1024x768.jpeg 1024w, https:\/\/defensoriaparana.com.ar\/wp-content\/uploads\/2026\/03\/WhatsApp-Image-2026-03-11-at-10.10.45-3-300x225.jpeg 300w, https:\/\/defensoriaparana.com.ar\/wp-content\/uploads\/2026\/03\/WhatsApp-Image-2026-03-11-at-10.10.45-3-768x576.jpeg 768w, https:\/\/defensoriaparana.com.ar\/wp-content\/uploads\/2026\/03\/WhatsApp-Image-2026-03-11-at-10.10.45-3-1536x1152.jpeg 1536w, https:\/\/defensoriaparana.com.ar\/wp-content\/uploads\/2026\/03\/WhatsApp-Image-2026-03-11-at-10.10.45-3.jpeg 1600w\" sizes=\"(max-width: 960px) 100vw, 960px\" \/><\/p>\n<p>\u201cEs un paso muy importante para nosotros poder tener un registro de las organizaciones de la ciudad, que nos permita contar con informaci\u00f3n actualizada, como un servicio de informaci\u00f3n ciudadana o &#8220;recursero&#8221; que democratiza el acceso a datos estrat\u00e9gicos. Esto nos posibilitar\u00e1 interrelacionarnos con el fin de trabajar en conjunto y aunar esfuerzos en la atenci\u00f3n de diferentes problem\u00e1ticas de nuestros vecinos\u201d, explic\u00f3 el Defensor Amavet.<\/p>\n","protected":false},"excerpt":{"rendered":"<p>El Defensor del Pueblo de la ciudad de Paran\u00e1, Lisandro Amavet, acompa\u00f1ado por la Coordinadora Territorial de la instituci\u00f3n, Sandra Cislaghi, particip\u00f3 el martes de la apertura de clases de la Facultad de Ingenier\u00eda, de la Universidad de la Universidad Nacional de Entre R\u00edos (UNER). El encuentro cont\u00f3 con la presencia del Secretario Acad\u00e9mico Andr\u00e9s [&hellip;]<\/p>\n","protected":false},"author":2,"featured_media":6780,"comment_status":"open","ping_status":"open","sticky":false,"template":"","format":"standard","meta":{"om_disable_all_campaigns":false,"_monsterinsights_skip_tracking":false,"_monsterinsights_sitenote_active":false,"_monsterinsights_sitenote_note":"","_monsterinsights_sitenote_category":0},"categories":[1],"tags":[],"_links":{"self":[{"href":"https:\/\/defensoriaparana.com.ar\/index.php\/wp-json\/wp\/v2\/posts\/6778"}],"collection":[{"href":"https:\/\/defensoriaparana.com.ar\/index.php\/wp-json\/wp\/v2\/posts"}],"about":[{"href":"https:\/\/defensoriaparana.com.ar\/index.php\/wp-json\/wp\/v2\/types\/post"}],"author":[{"embeddable":true,"href":"https:\/\/defensoriaparana.com.ar\/index.php\/wp-json\/wp\/v2\/users\/2"}],"replies":[{"embeddable":true,"href":"https:\/\/defensoriaparana.com.ar\/index.php\/wp-json\/wp\/v2\/comments?post=6778"}],"version-history":[{"count":4,"href":"https:\/\/defensoriaparana.com.ar\/index.php\/wp-json\/wp\/v2\/posts\/6778\/revisions"}],"predecessor-version":[{"id":6788,"href":"https:\/\/defensoriaparana.com.ar\/index.php\/wp-json\/wp\/v2\/posts\/6778\/revisions\/6788"}],"wp:featuredmedia":[{"embeddable":true,"href":"https:\/\/defensoriaparana.com.ar\/index.php\/wp-json\/wp\/v2\/media\/6780"}],"wp:attachment":[{"href":"https:\/\/defensoriaparana.com.ar\/index.php\/wp-json\/wp\/v2\/media?parent=6778"}],"wp:term":[{"taxonomy":"category","embeddable":true,"href":"https:\/\/defensoriaparana.com.ar\/index.php\/wp-json\/wp\/v2\/categories?post=6778"},{"taxonomy":"post_tag","embeddable":true,"href":"https:\/\/defensoriaparana.com.ar\/index.php\/wp-json\/wp\/v2\/tags?post=6778"}],"curies":[{"name":"wp","href":"https:\/\/api.w.org\/{rel}","templated":true}]}}