{"id":6794,"date":"2026-03-19T13:46:04","date_gmt":"2026-03-19T13:46:04","guid":{"rendered":"https:\/\/defensoriaparana.com.ar\/?p=6794"},"modified":"2026-03-19T13:46:04","modified_gmt":"2026-03-19T13:46:04","slug":"defensores-del-pueblo-participaron-de-una-reunion-de-vecinos-de-la-zona-sur","status":"publish","type":"post","link":"https:\/\/defensoriaparana.com.ar\/index.php\/2026\/03\/19\/defensores-del-pueblo-participaron-de-una-reunion-de-vecinos-de-la-zona-sur\/","title":{"rendered":"Defensores del Pueblo participaron de una reuni\u00f3n de vecinos de la zona sur"},"content":{"rendered":"<p>Los Defensores del Pueblo de Paran\u00e1, Lisandro Amavet y Fernado Veiga (Adjunto), junto a la Trabajadora Social de la instituci\u00f3n, Cristela Ram\u00edrez, participaron el martes de una reuni\u00f3n convocada por la Comisi\u00f3n Vecinal Arroyo Los Berros, para tratar cuestiones que preocupan a los vecinos de esa zona del sur de la ciudad.<br \/>\nEn el encuentro, que cont\u00f3 con la participaci\u00f3n de funcionarios municipales, integrantes de la Asamblea Ciudadana Vecinalista y de empresas en lugar, se plante\u00f3 como uno de los principales reclamos del barrio el mal estado de las calles. Los vecinos se\u00f1alan como causa del deterioro al tr\u00e1nsito pesado, que afecta a las calles Lebenshon, J B Justo, Avda. de las Am\u00e9ricas, a la falta de desag\u00fces adecuados que permitan escurrir debidamente el agua de lluvia, a la rotura de ca\u00f1os de agua y a la existencia de baches en la mayor\u00eda de las arterias, lo que provoca inconvenientes la vida cotidiana de la comunidad.<\/p>\n<p><img loading=\"lazy\" class=\"alignnone wp-image-6801 \" src=\"http:\/\/defensoriaparana.com.ar\/wp-content\/uploads\/2026\/03\/WhatsApp-Image-2026-03-17-at-16.41.35-1-1-794x1024.jpeg\" alt=\"\" width=\"488\" height=\"629\" srcset=\"https:\/\/defensoriaparana.com.ar\/wp-content\/uploads\/2026\/03\/WhatsApp-Image-2026-03-17-at-16.41.35-1-1-794x1024.jpeg 794w, https:\/\/defensoriaparana.com.ar\/wp-content\/uploads\/2026\/03\/WhatsApp-Image-2026-03-17-at-16.41.35-1-1-232x300.jpeg 232w, https:\/\/defensoriaparana.com.ar\/wp-content\/uploads\/2026\/03\/WhatsApp-Image-2026-03-17-at-16.41.35-1-1-768x991.jpeg 768w, https:\/\/defensoriaparana.com.ar\/wp-content\/uploads\/2026\/03\/WhatsApp-Image-2026-03-17-at-16.41.35-1-1.jpeg 1109w\" sizes=\"(max-width: 488px) 100vw, 488px\" \/><br \/>\nSe analizaron distintas alternativas, se solicitaron controles que garanticen el cumplimiento de las normativas de tr\u00e1nsito pesado y desde la Secretar\u00eda de Planificaci\u00f3n e Infraestructura de la Municipalidad se asumi\u00f3 el compromiso de analizar la situaci\u00f3n y presentar una propuesta que contemple una posible soluci\u00f3n.<br \/>\nOtros de los reclamos del barrio radican en la falta de iluminaci\u00f3n y desmalezado, el mal estado de calles, apertura de desag\u00fces pluviales, contenedores para residuos.<\/p>\n<p><img loading=\"lazy\" class=\"alignnone wp-image-6798 size-large\" src=\"http:\/\/defensoriaparana.com.ar\/wp-content\/uploads\/2026\/03\/WhatsApp-Image-2026-03-17-at-16.41.35-2-1024x594.jpeg\" alt=\"\" width=\"960\" height=\"557\" srcset=\"https:\/\/defensoriaparana.com.ar\/wp-content\/uploads\/2026\/03\/WhatsApp-Image-2026-03-17-at-16.41.35-2-1024x594.jpeg 1024w, https:\/\/defensoriaparana.com.ar\/wp-content\/uploads\/2026\/03\/WhatsApp-Image-2026-03-17-at-16.41.35-2-300x174.jpeg 300w, https:\/\/defensoriaparana.com.ar\/wp-content\/uploads\/2026\/03\/WhatsApp-Image-2026-03-17-at-16.41.35-2-768x446.jpeg 768w, https:\/\/defensoriaparana.com.ar\/wp-content\/uploads\/2026\/03\/WhatsApp-Image-2026-03-17-at-16.41.35-2-1536x891.jpeg 1536w, https:\/\/defensoriaparana.com.ar\/wp-content\/uploads\/2026\/03\/WhatsApp-Image-2026-03-17-at-16.41.35-2.jpeg 1584w\" sizes=\"(max-width: 960px) 100vw, 960px\" \/><br \/>\nParticiparon de la reuni\u00f3n, que es desarroll\u00f3 en el sal\u00f3n del merendero Lucerito, vecinos del barrio, integrantes de la Asamblea Ciudadana Vecinalista y los secretarios municipales de Planificaci\u00f3n e Infraestructura, Eduardo Lorefice, y de Seguridad Vial, Movilidad y Ordenamiento Urbano, Kevin Bolz\u00e1n. Tambi\u00e9n, estuvieron miembros de la Secretar\u00eda de Integraci\u00f3n con la Comunidad FCVyS-UADER y de empresas de la zona.<\/p>\n<p>Im\u00e1genes: Gentileza Asamblea Ciudadana Vecinalista.<\/p>\n","protected":false},"excerpt":{"rendered":"<p>Los Defensores del Pueblo de Paran\u00e1, Lisandro Amavet y Fernado Veiga (Adjunto), junto a la Trabajadora Social de la instituci\u00f3n, Cristela Ram\u00edrez, participaron el martes de una reuni\u00f3n convocada por la Comisi\u00f3n Vecinal Arroyo Los Berros, para tratar cuestiones que preocupan a los vecinos de esa zona del sur de la ciudad. En el encuentro, [&hellip;]<\/p>\n","protected":false},"author":2,"featured_media":6800,"comment_status":"open","ping_status":"open","sticky":false,"template":"","format":"standard","meta":{"om_disable_all_campaigns":false,"_monsterinsights_skip_tracking":false,"_monsterinsights_sitenote_active":false,"_monsterinsights_sitenote_note":"","_monsterinsights_sitenote_category":0},"categories":[1],"tags":[],"_links":{"self":[{"href":"https:\/\/defensoriaparana.com.ar\/index.php\/wp-json\/wp\/v2\/posts\/6794"}],"collection":[{"href":"https:\/\/defensoriaparana.com.ar\/index.php\/wp-json\/wp\/v2\/posts"}],"about":[{"href":"https:\/\/defensoriaparana.com.ar\/index.php\/wp-json\/wp\/v2\/types\/post"}],"author":[{"embeddable":true,"href":"https:\/\/defensoriaparana.com.ar\/index.php\/wp-json\/wp\/v2\/users\/2"}],"replies":[{"embeddable":true,"href":"https:\/\/defensoriaparana.com.ar\/index.php\/wp-json\/wp\/v2\/comments?post=6794"}],"version-history":[{"count":1,"href":"https:\/\/defensoriaparana.com.ar\/index.php\/wp-json\/wp\/v2\/posts\/6794\/revisions"}],"predecessor-version":[{"id":6802,"href":"https:\/\/defensoriaparana.com.ar\/index.php\/wp-json\/wp\/v2\/posts\/6794\/revisions\/6802"}],"wp:featuredmedia":[{"embeddable":true,"href":"https:\/\/defensoriaparana.com.ar\/index.php\/wp-json\/wp\/v2\/media\/6800"}],"wp:attachment":[{"href":"https:\/\/defensoriaparana.com.ar\/index.php\/wp-json\/wp\/v2\/media?parent=6794"}],"wp:term":[{"taxonomy":"category","embeddable":true,"href":"https:\/\/defensoriaparana.com.ar\/index.php\/wp-json\/wp\/v2\/categories?post=6794"},{"taxonomy":"post_tag","embeddable":true,"href":"https:\/\/defensoriaparana.com.ar\/index.php\/wp-json\/wp\/v2\/tags?post=6794"}],"curies":[{"name":"wp","href":"https:\/\/api.w.org\/{rel}","templated":true}]}}