{"id":6803,"date":"2026-03-19T17:03:45","date_gmt":"2026-03-19T17:03:45","guid":{"rendered":"https:\/\/defensoriaparana.com.ar\/?p=6803"},"modified":"2026-03-20T12:18:55","modified_gmt":"2026-03-20T12:18:55","slug":"se-firmo-un-protocolo-de-prevencion-e-intervencion-ante-situaciones-de-discriminacion","status":"publish","type":"post","link":"https:\/\/defensoriaparana.com.ar\/index.php\/2026\/03\/19\/se-firmo-un-protocolo-de-prevencion-e-intervencion-ante-situaciones-de-discriminacion\/","title":{"rendered":"Se firm\u00f3 un protocolo de prevenci\u00f3n e intervenci\u00f3n ante situaciones de discriminaci\u00f3n"},"content":{"rendered":"<p style=\"font-weight: 400;\">La Defensor\u00eda del Pueblo y la Mesa de Di\u00e1logo Interreligioso de Paran\u00e1, integrada por representantes de las iglesias Cat\u00f3lica, Metodista y Evang\u00e9lica y por la comunidad jud\u00eda, avanzaron este jueves en la r\u00fabrica de un protocolo de prevenci\u00f3n e intervenci\u00f3n ante situaciones de discriminaci\u00f3n.<\/p>\n<p style=\"font-weight: 400;\">Este paso es el resultado de un trabajo en conjunto que se viene desarrollando desde el a\u00f1o pasado y que se funda en el compromiso con la protecci\u00f3n integral del derecho a la igualdad y a la no discriminaci\u00f3n y en la promoci\u00f3n de pr\u00e1cticas inclusivas y respetuosas, principalmente, en \u00e1mbitos deportivos y escolares de la ciudad, como una manera efectiva de prevenci\u00f3n.<\/p>\n<p><img loading=\"lazy\" class=\"alignnone wp-image-6805 size-large\" src=\"http:\/\/defensoriaparana.com.ar\/wp-content\/uploads\/2026\/03\/Protocolo-contra-la-discriminacion-1-1024x768.jpeg\" alt=\"\" width=\"960\" height=\"720\" srcset=\"https:\/\/defensoriaparana.com.ar\/wp-content\/uploads\/2026\/03\/Protocolo-contra-la-discriminacion-1-1024x768.jpeg 1024w, https:\/\/defensoriaparana.com.ar\/wp-content\/uploads\/2026\/03\/Protocolo-contra-la-discriminacion-1-300x225.jpeg 300w, https:\/\/defensoriaparana.com.ar\/wp-content\/uploads\/2026\/03\/Protocolo-contra-la-discriminacion-1-768x576.jpeg 768w, https:\/\/defensoriaparana.com.ar\/wp-content\/uploads\/2026\/03\/Protocolo-contra-la-discriminacion-1.jpeg 1280w\" sizes=\"(max-width: 960px) 100vw, 960px\" \/><\/p>\n<p style=\"font-weight: 400;\">Lisandro Amavet, Defensor del Pueblo de Paran\u00e1; Carlos Cepeda, de la Iglesia Cat\u00f3lica;\u00a0Pablo y Federico Soskin, por el Juda\u00edsmo;\u00a0Jorge Ruiz, de la Iglesia Metodista; Juli\u00e1n Kolln, por la Iglesia Evang\u00e9lica; y Juan Francisco Coniglio, Coordinador de Relaciones Institucionales de la Municipalidad, firmaron el documento que tiene el fin primordial de proteger los derechos humanos y libertades de las personas, a trav\u00e9s de una acuerdo de actuaci\u00f3n que busca evitar y\/o atender cualquier acto u omisi\u00f3n discriminatoria por motivos de religi\u00f3n, g\u00e9nero, raza, nacionalidad, ideolog\u00eda, posici\u00f3n econ\u00f3mica o social.<\/p>\n<p style=\"font-weight: 400;\">Para ello, el protocolo prev\u00e9 acciones de prevenci\u00f3n, como campa\u00f1as de difusi\u00f3n, talleres, charlas y actividades espec\u00edficas en escuelas y clubes, y una serie de acciones y condiciones a aplicar ante hechos concretos. Por ejemplo, en relaci\u00f3n al \u00faltimo punto, se garantizar\u00e1 la confidencialidad (reserva de identidad de la v\u00edctima y el resguardo de los datos personales) y la no revictimizaci\u00f3n, evitando el relato reiterado del incidente. \u201cLa toma de datos ser\u00e1 centralizada y respetuosa, en un entorno de escucha emp\u00e1tica\u201d, se aclar\u00f3.\u00a0Con este prop\u00f3sito, se habilitar\u00e1n v\u00edas r\u00e1pidas de acceso. La Defensor\u00eda del Pueblo ser\u00e1 una de ellas, que atender\u00e1 presencialmente en su sede a las personas afectadas o allegados a ellas y tambi\u00e9n a trav\u00e9s de los contactos telef\u00f3nicos institucionales.<\/p>\n<p style=\"font-weight: 400;\">Cabe mencionar que la iniciativa se enmarca en la necesidad de atender la problem\u00e1tica en la comunidad, complejizada tambi\u00e9n a partir de la eliminaci\u00f3n del Instituto Nacional contra la Discriminaci\u00f3n, la Xenofobia y el Racismo (INADI), y en la firme intenci\u00f3n de articular acciones mancomunadas con clubes, escuelas y otras instituciones de la ciudad.<\/p>\n<p style=\"font-weight: 400;\">&#8220;Para nosotros es muy importante que las instituciones educativas, deportivas y cultuarales de la ciudad puedan apropiarse de esta herramienta de prevenci\u00f3n y atenci\u00f3n cuando se planteen situaciones de discriminaci\u00f3n en cada \u00e1mbito&#8221;, remarc\u00f3 Lisandro Amavet, quien estuvo acompa\u00f1ado por el Defensor del Pueblo de Paran\u00e1 (Adjunto), Fernando Veiga, y la Defensora de los Derechos de las Personas Mayores, Marcia L\u00f3pez.<\/p>\n<p><img loading=\"lazy\" class=\"alignnone wp-image-6808 \" src=\"http:\/\/defensoriaparana.com.ar\/wp-content\/uploads\/2026\/03\/Lisandro-Amavet-2.jpeg\" alt=\"\" width=\"473\" height=\"642\" srcset=\"https:\/\/defensoriaparana.com.ar\/wp-content\/uploads\/2026\/03\/Lisandro-Amavet-2.jpeg 708w, https:\/\/defensoriaparana.com.ar\/wp-content\/uploads\/2026\/03\/Lisandro-Amavet-2-221x300.jpeg 221w\" sizes=\"(max-width: 473px) 100vw, 473px\" \/><\/p>\n<p>&nbsp;<\/p>\n<p><a href=\"http:\/\/defensoriaparana.com.ar\/wp-content\/uploads\/2026\/03\/PROTOCOLO-ANTE-SITUACIONES-DE-DISCRIMINACION.pdf\">PROTOCOLO ANTE SITUACIONES DE DISCRIMINACI\u00d3N<\/a><\/p>\n<p>&nbsp;<\/p>\n","protected":false},"excerpt":{"rendered":"<p>La Defensor\u00eda del Pueblo y la Mesa de Di\u00e1logo Interreligioso de Paran\u00e1, integrada por representantes de las iglesias Cat\u00f3lica, Metodista y Evang\u00e9lica y por la comunidad jud\u00eda, avanzaron este jueves en la r\u00fabrica de un protocolo de prevenci\u00f3n e intervenci\u00f3n ante situaciones de discriminaci\u00f3n. Este paso es el resultado de un trabajo en conjunto que [&hellip;]<\/p>\n","protected":false},"author":2,"featured_media":6804,"comment_status":"open","ping_status":"open","sticky":false,"template":"","format":"standard","meta":{"om_disable_all_campaigns":false,"_monsterinsights_skip_tracking":false,"_monsterinsights_sitenote_active":false,"_monsterinsights_sitenote_note":"","_monsterinsights_sitenote_category":0},"categories":[1],"tags":[],"_links":{"self":[{"href":"https:\/\/defensoriaparana.com.ar\/index.php\/wp-json\/wp\/v2\/posts\/6803"}],"collection":[{"href":"https:\/\/defensoriaparana.com.ar\/index.php\/wp-json\/wp\/v2\/posts"}],"about":[{"href":"https:\/\/defensoriaparana.com.ar\/index.php\/wp-json\/wp\/v2\/types\/post"}],"author":[{"embeddable":true,"href":"https:\/\/defensoriaparana.com.ar\/index.php\/wp-json\/wp\/v2\/users\/2"}],"replies":[{"embeddable":true,"href":"https:\/\/defensoriaparana.com.ar\/index.php\/wp-json\/wp\/v2\/comments?post=6803"}],"version-history":[{"count":4,"href":"https:\/\/defensoriaparana.com.ar\/index.php\/wp-json\/wp\/v2\/posts\/6803\/revisions"}],"predecessor-version":[{"id":6815,"href":"https:\/\/defensoriaparana.com.ar\/index.php\/wp-json\/wp\/v2\/posts\/6803\/revisions\/6815"}],"wp:featuredmedia":[{"embeddable":true,"href":"https:\/\/defensoriaparana.com.ar\/index.php\/wp-json\/wp\/v2\/media\/6804"}],"wp:attachment":[{"href":"https:\/\/defensoriaparana.com.ar\/index.php\/wp-json\/wp\/v2\/media?parent=6803"}],"wp:term":[{"taxonomy":"category","embeddable":true,"href":"https:\/\/defensoriaparana.com.ar\/index.php\/wp-json\/wp\/v2\/categories?post=6803"},{"taxonomy":"post_tag","embeddable":true,"href":"https:\/\/defensoriaparana.com.ar\/index.php\/wp-json\/wp\/v2\/tags?post=6803"}],"curies":[{"name":"wp","href":"https:\/\/api.w.org\/{rel}","templated":true}]}}