{"id":6836,"date":"2026-03-27T13:13:16","date_gmt":"2026-03-27T13:13:16","guid":{"rendered":"https:\/\/defensoriaparana.com.ar\/?p=6836"},"modified":"2026-03-27T14:26:07","modified_gmt":"2026-03-27T14:26:07","slug":"la-defensoria-del-pueblo-acompano-la-asuncion-de-autoridades-de-la-comision-vecinal-centro-este","status":"publish","type":"post","link":"https:\/\/defensoriaparana.com.ar\/index.php\/2026\/03\/27\/la-defensoria-del-pueblo-acompano-la-asuncion-de-autoridades-de-la-comision-vecinal-centro-este\/","title":{"rendered":"La Defensor\u00eda del Pueblo acompa\u00f1\u00f3 la asunci\u00f3n de autoridades de la comisi\u00f3n vecinal Centro Este"},"content":{"rendered":"<p>El Defensor del Pueblo Adjunto de Paran\u00e1, Fernando Veiga, particip\u00f3 del acto de asunci\u00f3n de la comisi\u00f3n vecinal Centro Este `Martin Fierro\u2019, cuya jurisdicci\u00f3n abarca la zona comprendida entre las calles Avenida Ram\u00edrez, Gualeguaych\u00fa, Belgrano y 25 de Mayo.<\/p>\n<p>Con una afluencia importante de vecinos, asumi\u00f3 este mi\u00e9rcoles la presidencia Carolina Battiata.<\/p>\n<p>&nbsp;<\/p>\n<p><img loading=\"lazy\" class=\"alignnone  wp-image-6847\" src=\"http:\/\/defensoriaparana.com.ar\/wp-content\/uploads\/2026\/03\/WhatsApp-Image-2026-03-27-at-11.22.47-1.jpeg\" alt=\"\" width=\"539\" height=\"718\" srcset=\"https:\/\/defensoriaparana.com.ar\/wp-content\/uploads\/2026\/03\/WhatsApp-Image-2026-03-27-at-11.22.47-1.jpeg 1200w, https:\/\/defensoriaparana.com.ar\/wp-content\/uploads\/2026\/03\/WhatsApp-Image-2026-03-27-at-11.22.47-1-225x300.jpeg 225w, https:\/\/defensoriaparana.com.ar\/wp-content\/uploads\/2026\/03\/WhatsApp-Image-2026-03-27-at-11.22.47-1-768x1024.jpeg 768w, https:\/\/defensoriaparana.com.ar\/wp-content\/uploads\/2026\/03\/WhatsApp-Image-2026-03-27-at-11.22.47-1-1152x1536.jpeg 1152w\" sizes=\"(max-width: 539px) 100vw, 539px\" \/><\/p>\n<p>Fernando Veiga agradeci\u00f3 la invitaci\u00f3n cursada a la instituci\u00f3n, destac\u00f3 el hecho de que la comisi\u00f3n est\u00e9 integrada por personas de distintas edades, y dijo que la Defensor\u00eda del Pueblo acompa\u00f1a cada reclamo de los vecinos en la b\u00fasqueda de respuestas. \u201cSi bien no tenemos la varita m\u00e1gica para solucionar todos las situaciones, orientamos y acompa\u00f1amos a los vecinos en sus pedidos\u201d, afirm\u00f3.<\/p>\n<p><img loading=\"lazy\" class=\"alignnone  wp-image-6848\" src=\"http:\/\/defensoriaparana.com.ar\/wp-content\/uploads\/2026\/03\/WhatsApp-Image-2026-03-27-at-11.22.47.jpeg\" alt=\"\" width=\"542\" height=\"723\" srcset=\"https:\/\/defensoriaparana.com.ar\/wp-content\/uploads\/2026\/03\/WhatsApp-Image-2026-03-27-at-11.22.47.jpeg 1200w, https:\/\/defensoriaparana.com.ar\/wp-content\/uploads\/2026\/03\/WhatsApp-Image-2026-03-27-at-11.22.47-225x300.jpeg 225w, https:\/\/defensoriaparana.com.ar\/wp-content\/uploads\/2026\/03\/WhatsApp-Image-2026-03-27-at-11.22.47-768x1024.jpeg 768w, https:\/\/defensoriaparana.com.ar\/wp-content\/uploads\/2026\/03\/WhatsApp-Image-2026-03-27-at-11.22.47-1152x1536.jpeg 1152w\" sizes=\"(max-width: 542px) 100vw, 542px\" \/><\/p>\n<p>Uno de los temas de preocupaci\u00f3n del barrio apunta a la situaci\u00f3n de las personas que viven en la calle y que pernoctan en plazas y en otros sectores p\u00fablicos de la zona. Al respecto, coment\u00f3 que desde la Defensor\u00eda se trabaja en el marco de una Red por los Derechos de las Personas en Situaci\u00f3n de Calle, que integra junto a una decena de instituciones y organizaciones de la ciudad. Concretamente, afirm\u00f3 que se avanza en la elaboraci\u00f3n de un protocolo de actuaci\u00f3n ante la dura realidad de ciudadanos en extrema vulnerabilidad, con cuadros de adicciones y problemas de salud mental.<\/p>\n<p><img loading=\"lazy\" class=\"alignnone  wp-image-6849\" src=\"http:\/\/defensoriaparana.com.ar\/wp-content\/uploads\/2026\/03\/WhatsApp-Image-2026-03-27-at-11.22.46-1.jpeg\" alt=\"\" width=\"556\" height=\"741\" srcset=\"https:\/\/defensoriaparana.com.ar\/wp-content\/uploads\/2026\/03\/WhatsApp-Image-2026-03-27-at-11.22.46-1.jpeg 1200w, https:\/\/defensoriaparana.com.ar\/wp-content\/uploads\/2026\/03\/WhatsApp-Image-2026-03-27-at-11.22.46-1-225x300.jpeg 225w, https:\/\/defensoriaparana.com.ar\/wp-content\/uploads\/2026\/03\/WhatsApp-Image-2026-03-27-at-11.22.46-1-768x1024.jpeg 768w, https:\/\/defensoriaparana.com.ar\/wp-content\/uploads\/2026\/03\/WhatsApp-Image-2026-03-27-at-11.22.46-1-1152x1536.jpeg 1152w\" sizes=\"(max-width: 556px) 100vw, 556px\" \/><\/p>\n<p>Los vecinos mencionaron tambi\u00e9n cuestiones relacionadas a servicios p\u00fablicos, como baches en sectores de la jurisdicci\u00f3n y terrenos bald\u00edos con suciedad.<\/p>\n<p>Estuvieron presente autoridades policiales y de Comisiones Vecinales de la Municipalidad. Como cierre, particip\u00f3 el coro de la Asociaci\u00f3n El Recreo.<\/p>\n","protected":false},"excerpt":{"rendered":"<p>El Defensor del Pueblo Adjunto de Paran\u00e1, Fernando Veiga, particip\u00f3 del acto de asunci\u00f3n de la comisi\u00f3n vecinal Centro Este `Martin Fierro\u2019, cuya jurisdicci\u00f3n abarca la zona comprendida entre las calles Avenida Ram\u00edrez, Gualeguaych\u00fa, Belgrano y 25 de Mayo. Con una afluencia importante de vecinos, asumi\u00f3 este mi\u00e9rcoles la presidencia Carolina Battiata. &nbsp; Fernando Veiga [&hellip;]<\/p>\n","protected":false},"author":2,"featured_media":6850,"comment_status":"open","ping_status":"open","sticky":false,"template":"","format":"standard","meta":{"om_disable_all_campaigns":false,"_monsterinsights_skip_tracking":false,"_monsterinsights_sitenote_active":false,"_monsterinsights_sitenote_note":"","_monsterinsights_sitenote_category":0},"categories":[1],"tags":[],"_links":{"self":[{"href":"https:\/\/defensoriaparana.com.ar\/index.php\/wp-json\/wp\/v2\/posts\/6836"}],"collection":[{"href":"https:\/\/defensoriaparana.com.ar\/index.php\/wp-json\/wp\/v2\/posts"}],"about":[{"href":"https:\/\/defensoriaparana.com.ar\/index.php\/wp-json\/wp\/v2\/types\/post"}],"author":[{"embeddable":true,"href":"https:\/\/defensoriaparana.com.ar\/index.php\/wp-json\/wp\/v2\/users\/2"}],"replies":[{"embeddable":true,"href":"https:\/\/defensoriaparana.com.ar\/index.php\/wp-json\/wp\/v2\/comments?post=6836"}],"version-history":[{"count":4,"href":"https:\/\/defensoriaparana.com.ar\/index.php\/wp-json\/wp\/v2\/posts\/6836\/revisions"}],"predecessor-version":[{"id":6851,"href":"https:\/\/defensoriaparana.com.ar\/index.php\/wp-json\/wp\/v2\/posts\/6836\/revisions\/6851"}],"wp:featuredmedia":[{"embeddable":true,"href":"https:\/\/defensoriaparana.com.ar\/index.php\/wp-json\/wp\/v2\/media\/6850"}],"wp:attachment":[{"href":"https:\/\/defensoriaparana.com.ar\/index.php\/wp-json\/wp\/v2\/media?parent=6836"}],"wp:term":[{"taxonomy":"category","embeddable":true,"href":"https:\/\/defensoriaparana.com.ar\/index.php\/wp-json\/wp\/v2\/categories?post=6836"},{"taxonomy":"post_tag","embeddable":true,"href":"https:\/\/defensoriaparana.com.ar\/index.php\/wp-json\/wp\/v2\/tags?post=6836"}],"curies":[{"name":"wp","href":"https:\/\/api.w.org\/{rel}","templated":true}]}}