{"id":6889,"date":"2026-04-04T00:56:38","date_gmt":"2026-04-04T00:56:38","guid":{"rendered":"https:\/\/defensoriaparana.com.ar\/?p=6889"},"modified":"2026-04-04T15:25:25","modified_gmt":"2026-04-04T15:25:25","slug":"habra-una-jornada-abierta-a-la-comunidad-en-la-plaza-del-barrio-anacleto-medina","status":"publish","type":"post","link":"https:\/\/defensoriaparana.com.ar\/index.php\/2026\/04\/04\/habra-una-jornada-abierta-a-la-comunidad-en-la-plaza-del-barrio-anacleto-medina\/","title":{"rendered":"Habr\u00e1 una jornada abierta a la comunidad en la plaza del barrio Anacleto Medina"},"content":{"rendered":"<p>El martes 7 de abril, D\u00eda Mundial de la Salud, se realizar\u00e1 una jornada abierta a la comunidad en la plaza Juan Jos\u00e9 Valle, ubicada en las calles Los Chan\u00e1s y Luis Palma, del barrio Anacleto Medina Sur.<br \/>\n&#8220;La salud como derecho&#8221; es el t\u00edtulo de la iniciativa que comenzar\u00e1 a las 9 y se extender\u00e1 hasta las 11 con una serie de actividades, que se realizar\u00e1n en forma simult\u00e1nea en distintos puntos de la plaza y para personas de diferentes edades.<br \/>\nHabr\u00e1 puntos de acceso a informaci\u00f3n, asesoramiento y acompa\u00f1amiento sobre Educaci\u00f3n Sexual Integral (ESI), diversidad, g\u00e9nero y salud mental. Se instalar\u00e1n puestos sanitarios para promoci\u00f3n y prevenci\u00f3n de la salud primaria y funcionar\u00e1 la radio abierta La Bisagra, como punto de encuentro y reconstrucci\u00f3n de los lazos sociales.\u00a0 Tambi\u00e9n habr\u00e1 m\u00fasica y entretenimientos para que cada vecino y vecina pueda recorrer las diferentes propuestas y acceder a fortalecer diferentes derechos.<br \/>\nLa Defensor\u00eda del Pueblo y la Red Creer -que re\u00fane a organizaciones de la zona suroeste de la ciudad-, junto a distintas instituciones de la ciudad, promueven la actividad con el objetivo de generar un espacio para dialogar y reflexionar sobre la salud y la situaci\u00f3n actual en los barrios y la ciudad.<br \/>\nLa invitaci\u00f3n es extensiva a la ciudadan\u00eda de Paran\u00e1, a clubes, comisiones barriales, escuelas e instituciones.<\/p>\n<p>&nbsp;<\/p>\n","protected":false},"excerpt":{"rendered":"<p>El martes 7 de abril, D\u00eda Mundial de la Salud, se realizar\u00e1 una jornada abierta a la comunidad en la plaza Juan Jos\u00e9 Valle, ubicada en las calles Los Chan\u00e1s y Luis Palma, del barrio Anacleto Medina Sur. &#8220;La salud como derecho&#8221; es el t\u00edtulo de la iniciativa que comenzar\u00e1 a las 9 y se [&hellip;]<\/p>\n","protected":false},"author":2,"featured_media":6890,"comment_status":"open","ping_status":"open","sticky":false,"template":"","format":"standard","meta":{"om_disable_all_campaigns":false,"_monsterinsights_skip_tracking":false,"_monsterinsights_sitenote_active":false,"_monsterinsights_sitenote_note":"","_monsterinsights_sitenote_category":0},"categories":[1],"tags":[],"_links":{"self":[{"href":"https:\/\/defensoriaparana.com.ar\/index.php\/wp-json\/wp\/v2\/posts\/6889"}],"collection":[{"href":"https:\/\/defensoriaparana.com.ar\/index.php\/wp-json\/wp\/v2\/posts"}],"about":[{"href":"https:\/\/defensoriaparana.com.ar\/index.php\/wp-json\/wp\/v2\/types\/post"}],"author":[{"embeddable":true,"href":"https:\/\/defensoriaparana.com.ar\/index.php\/wp-json\/wp\/v2\/users\/2"}],"replies":[{"embeddable":true,"href":"https:\/\/defensoriaparana.com.ar\/index.php\/wp-json\/wp\/v2\/comments?post=6889"}],"version-history":[{"count":4,"href":"https:\/\/defensoriaparana.com.ar\/index.php\/wp-json\/wp\/v2\/posts\/6889\/revisions"}],"predecessor-version":[{"id":6892,"href":"https:\/\/defensoriaparana.com.ar\/index.php\/wp-json\/wp\/v2\/posts\/6889\/revisions\/6892"}],"wp:featuredmedia":[{"embeddable":true,"href":"https:\/\/defensoriaparana.com.ar\/index.php\/wp-json\/wp\/v2\/media\/6890"}],"wp:attachment":[{"href":"https:\/\/defensoriaparana.com.ar\/index.php\/wp-json\/wp\/v2\/media?parent=6889"}],"wp:term":[{"taxonomy":"category","embeddable":true,"href":"https:\/\/defensoriaparana.com.ar\/index.php\/wp-json\/wp\/v2\/categories?post=6889"},{"taxonomy":"post_tag","embeddable":true,"href":"https:\/\/defensoriaparana.com.ar\/index.php\/wp-json\/wp\/v2\/tags?post=6889"}],"curies":[{"name":"wp","href":"https:\/\/api.w.org\/{rel}","templated":true}]}}