{"id":7013,"date":"2026-04-27T22:09:08","date_gmt":"2026-04-27T22:09:08","guid":{"rendered":"https:\/\/defensoriaparana.com.ar\/?p=7013"},"modified":"2026-04-27T22:19:09","modified_gmt":"2026-04-27T22:19:09","slug":"la-defensoria-recibio-la-visita-de-jorge-maier-se-analizaron-proyectos-de-ley","status":"publish","type":"post","link":"https:\/\/defensoriaparana.com.ar\/index.php\/2026\/04\/27\/la-defensoria-recibio-la-visita-de-jorge-maier-se-analizaron-proyectos-de-ley\/","title":{"rendered":"La Defensor\u00eda recibi\u00f3 la visita de Jorge Maier: se analizaron proyectos de ley"},"content":{"rendered":"<p>El Defensor del Pueblo, Lisandro Amavet, y la Defensora de los Derechos de las Personas Mayores, Marcia L\u00f3pez, recibieron este lunes al diputado provincial Jorge Maier, quien se acerc\u00f3 a la sede con el fin de conversar sobre proyectos de ley de su autor\u00eda y sumar aportes y consideraciones de esta instituci\u00f3n.<\/p>\n<p>El diputado inform\u00f3 que una de las iniciativas consiste en crear un sistema virtual para receptar denuncias policiales, mediante un formulario digital, con el fin de facilitar a la ciudadan\u00eda otra v\u00eda de presentaci\u00f3n. La siguiente propuesta trata de un registro de c\u00e1maras de video vigilancia, basado en la colaboraci\u00f3n de vecinos que tengan instalado el dispositivo t\u00e9cnico que aporten voluntariamente las im\u00e1genes ante accidentes o delitos.<\/p>\n<p><img loading=\"lazy\" class=\"alignnone wp-image-7017 size-large\" src=\"http:\/\/defensoriaparana.com.ar\/wp-content\/uploads\/2026\/04\/WhatsApp-Image-2026-04-27-at-18.35.29-1024x768.jpeg\" alt=\"\" width=\"960\" height=\"720\" srcset=\"https:\/\/defensoriaparana.com.ar\/wp-content\/uploads\/2026\/04\/WhatsApp-Image-2026-04-27-at-18.35.29-1024x768.jpeg 1024w, https:\/\/defensoriaparana.com.ar\/wp-content\/uploads\/2026\/04\/WhatsApp-Image-2026-04-27-at-18.35.29-300x225.jpeg 300w, https:\/\/defensoriaparana.com.ar\/wp-content\/uploads\/2026\/04\/WhatsApp-Image-2026-04-27-at-18.35.29-768x576.jpeg 768w, https:\/\/defensoriaparana.com.ar\/wp-content\/uploads\/2026\/04\/WhatsApp-Image-2026-04-27-at-18.35.29.jpeg 1280w\" sizes=\"(max-width: 960px) 100vw, 960px\" \/><\/p>\n<p>Otro proyecto, que fue tema de conversaci\u00f3n, consiste en el reconocimiento formal de la participaci\u00f3n en el voluntariado social como antecedente de formaci\u00f3n t\u00e9cnica y profesional para quienes se anoten para ingresar al Estado provincial.<\/p>\n<p>Seguidamente, los Defensores acordaron analizar las propuestas y expresar las opiniones al respecto desde la perspectiva de la defensa de los derechos ciudadanos.<\/p>\n<p>Ariana Abraham, integrante del grupo de trabajo del legislador, asisti\u00f3 al encuentro realizado en la Defensor\u00eda.<\/p>\n","protected":false},"excerpt":{"rendered":"<p>El Defensor del Pueblo, Lisandro Amavet, y la Defensora de los Derechos de las Personas Mayores, Marcia L\u00f3pez, recibieron este lunes al diputado provincial Jorge Maier, quien se acerc\u00f3 a la sede con el fin de conversar sobre proyectos de ley de su autor\u00eda y sumar aportes y consideraciones de esta instituci\u00f3n. El diputado inform\u00f3 [&hellip;]<\/p>\n","protected":false},"author":2,"featured_media":7022,"comment_status":"open","ping_status":"open","sticky":false,"template":"","format":"standard","meta":{"om_disable_all_campaigns":false,"_monsterinsights_skip_tracking":false,"_monsterinsights_sitenote_active":false,"_monsterinsights_sitenote_note":"","_monsterinsights_sitenote_category":0},"categories":[1],"tags":[],"_links":{"self":[{"href":"https:\/\/defensoriaparana.com.ar\/index.php\/wp-json\/wp\/v2\/posts\/7013"}],"collection":[{"href":"https:\/\/defensoriaparana.com.ar\/index.php\/wp-json\/wp\/v2\/posts"}],"about":[{"href":"https:\/\/defensoriaparana.com.ar\/index.php\/wp-json\/wp\/v2\/types\/post"}],"author":[{"embeddable":true,"href":"https:\/\/defensoriaparana.com.ar\/index.php\/wp-json\/wp\/v2\/users\/2"}],"replies":[{"embeddable":true,"href":"https:\/\/defensoriaparana.com.ar\/index.php\/wp-json\/wp\/v2\/comments?post=7013"}],"version-history":[{"count":2,"href":"https:\/\/defensoriaparana.com.ar\/index.php\/wp-json\/wp\/v2\/posts\/7013\/revisions"}],"predecessor-version":[{"id":7019,"href":"https:\/\/defensoriaparana.com.ar\/index.php\/wp-json\/wp\/v2\/posts\/7013\/revisions\/7019"}],"wp:featuredmedia":[{"embeddable":true,"href":"https:\/\/defensoriaparana.com.ar\/index.php\/wp-json\/wp\/v2\/media\/7022"}],"wp:attachment":[{"href":"https:\/\/defensoriaparana.com.ar\/index.php\/wp-json\/wp\/v2\/media?parent=7013"}],"wp:term":[{"taxonomy":"category","embeddable":true,"href":"https:\/\/defensoriaparana.com.ar\/index.php\/wp-json\/wp\/v2\/categories?post=7013"},{"taxonomy":"post_tag","embeddable":true,"href":"https:\/\/defensoriaparana.com.ar\/index.php\/wp-json\/wp\/v2\/tags?post=7013"}],"curies":[{"name":"wp","href":"https:\/\/api.w.org\/{rel}","templated":true}]}}