{"id":7026,"date":"2026-04-30T15:33:12","date_gmt":"2026-04-30T15:33:12","guid":{"rendered":"https:\/\/defensoriaparana.com.ar\/?p=7026"},"modified":"2026-04-30T15:33:12","modified_gmt":"2026-04-30T15:33:12","slug":"el-defensor-del-pueblo-remarco-el-rol-fundamental-de-los-mediadores-en-la-resolucion-de-los-conflictos-comunitarios","status":"publish","type":"post","link":"https:\/\/defensoriaparana.com.ar\/index.php\/2026\/04\/30\/el-defensor-del-pueblo-remarco-el-rol-fundamental-de-los-mediadores-en-la-resolucion-de-los-conflictos-comunitarios\/","title":{"rendered":"El Defensor del Pueblo remarc\u00f3 el rol fundamental de los mediadores en la resoluci\u00f3n de los conflictos comunitarios"},"content":{"rendered":"<p>La Defensor\u00eda del Pueblo de Paran\u00e1 cuenta con un Registro de Mediadores Comunitarios Voluntarios que re\u00fane a 88 integrantes que realizan las mediaciones comunitarias en los casi 500 casos de conflictos que llegan por a\u00f1o a la instituci\u00f3n.<\/p>\n<p><img loading=\"lazy\" class=\"alignnone wp-image-7028 size-large\" src=\"http:\/\/defensoriaparana.com.ar\/wp-content\/uploads\/2026\/04\/WhatsApp-Image-2026-04-30-at-12.12.00-1-1024x768.jpeg\" alt=\"\" width=\"960\" height=\"720\" srcset=\"https:\/\/defensoriaparana.com.ar\/wp-content\/uploads\/2026\/04\/WhatsApp-Image-2026-04-30-at-12.12.00-1-1024x768.jpeg 1024w, https:\/\/defensoriaparana.com.ar\/wp-content\/uploads\/2026\/04\/WhatsApp-Image-2026-04-30-at-12.12.00-1-300x225.jpeg 300w, https:\/\/defensoriaparana.com.ar\/wp-content\/uploads\/2026\/04\/WhatsApp-Image-2026-04-30-at-12.12.00-1-768x576.jpeg 768w, https:\/\/defensoriaparana.com.ar\/wp-content\/uploads\/2026\/04\/WhatsApp-Image-2026-04-30-at-12.12.00-1.jpeg 1280w\" sizes=\"(max-width: 960px) 100vw, 960px\" \/><\/p>\n<p>Los mediadores comunitarios siguen un plan de capacitaci\u00f3n anual que brinda la Defensor\u00eda con el fin de optimizar la calidad del servicio que se brinda a la comunidad de manera gratuita.<\/p>\n<p>En vista de ese programa de actualizaci\u00f3n permanente, este mi\u00e9rcoles se realiz\u00f3 el II Taller de Reflexi\u00f3n del Registro 2026, bajo el t\u00edtulo \u201cDesentra\u00f1ando las emociones ocultas en los conflictos comunitarios\u201d, y cont\u00f3 con unos 50 asistentes.<\/p>\n<p><img loading=\"lazy\" class=\"alignnone wp-image-7033 size-large\" src=\"http:\/\/defensoriaparana.com.ar\/wp-content\/uploads\/2026\/04\/WhatsApp-Image-2026-04-30-at-12.11.58-1024x768.jpeg\" alt=\"\" width=\"960\" height=\"720\" srcset=\"https:\/\/defensoriaparana.com.ar\/wp-content\/uploads\/2026\/04\/WhatsApp-Image-2026-04-30-at-12.11.58-1024x768.jpeg 1024w, https:\/\/defensoriaparana.com.ar\/wp-content\/uploads\/2026\/04\/WhatsApp-Image-2026-04-30-at-12.11.58-300x225.jpeg 300w, https:\/\/defensoriaparana.com.ar\/wp-content\/uploads\/2026\/04\/WhatsApp-Image-2026-04-30-at-12.11.58-768x576.jpeg 768w, https:\/\/defensoriaparana.com.ar\/wp-content\/uploads\/2026\/04\/WhatsApp-Image-2026-04-30-at-12.11.58.jpeg 1280w\" sizes=\"(max-width: 960px) 100vw, 960px\" \/><\/p>\n<p>La docente Gabriela Dietz, mediadora comunitaria especialista en coaching\u00a0ontol\u00f3gico y programaci\u00f3n neuroling\u00fc\u00edstica, estuvo a cargo del encuentro en el que se ahond\u00f3 en \u201cla dimensi\u00f3n invisible del conflicto\u201d, en los mandatos, preconceptos y prejuicios que giran en torno de los problemas entre vecinos.<\/p>\n<p>El tema propuesto gener\u00f3 preguntas, intercambios de experiencias y trabajo en grupos, en un clima de cercan\u00eda y entusiasmo.<\/p>\n<p><img loading=\"lazy\" class=\"alignnone wp-image-7034 size-large\" src=\"http:\/\/defensoriaparana.com.ar\/wp-content\/uploads\/2026\/04\/WhatsApp-Image-2026-04-30-at-12.18.51-616x1024.jpeg\" alt=\"\" width=\"616\" height=\"1024\" srcset=\"https:\/\/defensoriaparana.com.ar\/wp-content\/uploads\/2026\/04\/WhatsApp-Image-2026-04-30-at-12.18.51-616x1024.jpeg 616w, https:\/\/defensoriaparana.com.ar\/wp-content\/uploads\/2026\/04\/WhatsApp-Image-2026-04-30-at-12.18.51-180x300.jpeg 180w, https:\/\/defensoriaparana.com.ar\/wp-content\/uploads\/2026\/04\/WhatsApp-Image-2026-04-30-at-12.18.51-768x1277.jpeg 768w, https:\/\/defensoriaparana.com.ar\/wp-content\/uploads\/2026\/04\/WhatsApp-Image-2026-04-30-at-12.18.51.jpeg 770w\" sizes=\"(max-width: 616px) 100vw, 616px\" \/><\/p>\n<p>\u201cLa mediaci\u00f3n cumple un rol fundamental en la resoluci\u00f3n de los conflictos comunitarios. Lo vemos a diario en los distintos casos de inconvenientes entre vecinos que llegan a la Defensor\u00eda y que nuestros mediadores atienden con tanta vocaci\u00f3n, solvencia y responsabilidad\u201d, dijo el Defensor del Pueblo, Lisandro Amavet, al saludar y presentarse ante los asistentes. Seguidamente agradeci\u00f3 el compromiso del grupo por \u201cla labor ad honorem que realizan en favor del bien com\u00fan de la ciudadan\u00eda\u201d.<\/p>\n<p>En el cierre de la actividad, que se realiz\u00f3 en la Sala Mayo, particip\u00f3 la Intendenta Rosario Romero, quien destac\u00f3 la tarea que realizan los mediadores comunitarios en base al di\u00e1logo y al encuentro, valorando la mediaci\u00f3n como herramienta para la convivencia. Para finalizar, agradeci\u00f3 la valiosa labor que desarrollan por la comunidad.<\/p>\n<p>&nbsp;<\/p>\n<p><img loading=\"lazy\" class=\"alignnone wp-image-7029 \" src=\"http:\/\/defensoriaparana.com.ar\/wp-content\/uploads\/2026\/04\/WhatsApp-Image-2026-04-30-at-12.12.00-768x1024.jpeg\" alt=\"\" width=\"515\" height=\"687\" srcset=\"https:\/\/defensoriaparana.com.ar\/wp-content\/uploads\/2026\/04\/WhatsApp-Image-2026-04-30-at-12.12.00-768x1024.jpeg 768w, https:\/\/defensoriaparana.com.ar\/wp-content\/uploads\/2026\/04\/WhatsApp-Image-2026-04-30-at-12.12.00-225x300.jpeg 225w, https:\/\/defensoriaparana.com.ar\/wp-content\/uploads\/2026\/04\/WhatsApp-Image-2026-04-30-at-12.12.00.jpeg 960w\" sizes=\"(max-width: 515px) 100vw, 515px\" \/><\/p>\n<p>&nbsp;<\/p>\n<p><img loading=\"lazy\" class=\"alignnone wp-image-7032 \" src=\"http:\/\/defensoriaparana.com.ar\/wp-content\/uploads\/2026\/04\/WhatsApp-Image-2026-04-30-at-12.11.58-1-768x1024.jpeg\" alt=\"\" width=\"513\" height=\"684\" srcset=\"https:\/\/defensoriaparana.com.ar\/wp-content\/uploads\/2026\/04\/WhatsApp-Image-2026-04-30-at-12.11.58-1-768x1024.jpeg 768w, https:\/\/defensoriaparana.com.ar\/wp-content\/uploads\/2026\/04\/WhatsApp-Image-2026-04-30-at-12.11.58-1-225x300.jpeg 225w, https:\/\/defensoriaparana.com.ar\/wp-content\/uploads\/2026\/04\/WhatsApp-Image-2026-04-30-at-12.11.58-1.jpeg 960w\" sizes=\"(max-width: 513px) 100vw, 513px\" \/><\/p>\n","protected":false},"excerpt":{"rendered":"<p>La Defensor\u00eda del Pueblo de Paran\u00e1 cuenta con un Registro de Mediadores Comunitarios Voluntarios que re\u00fane a 88 integrantes que realizan las mediaciones comunitarias en los casi 500 casos de conflictos que llegan por a\u00f1o a la instituci\u00f3n. Los mediadores comunitarios siguen un plan de capacitaci\u00f3n anual que brinda la Defensor\u00eda con el fin de [&hellip;]<\/p>\n","protected":false},"author":2,"featured_media":7030,"comment_status":"open","ping_status":"open","sticky":false,"template":"","format":"standard","meta":{"om_disable_all_campaigns":false,"_monsterinsights_skip_tracking":false,"_monsterinsights_sitenote_active":false,"_monsterinsights_sitenote_note":"","_monsterinsights_sitenote_category":0},"categories":[1],"tags":[],"_links":{"self":[{"href":"https:\/\/defensoriaparana.com.ar\/index.php\/wp-json\/wp\/v2\/posts\/7026"}],"collection":[{"href":"https:\/\/defensoriaparana.com.ar\/index.php\/wp-json\/wp\/v2\/posts"}],"about":[{"href":"https:\/\/defensoriaparana.com.ar\/index.php\/wp-json\/wp\/v2\/types\/post"}],"author":[{"embeddable":true,"href":"https:\/\/defensoriaparana.com.ar\/index.php\/wp-json\/wp\/v2\/users\/2"}],"replies":[{"embeddable":true,"href":"https:\/\/defensoriaparana.com.ar\/index.php\/wp-json\/wp\/v2\/comments?post=7026"}],"version-history":[{"count":1,"href":"https:\/\/defensoriaparana.com.ar\/index.php\/wp-json\/wp\/v2\/posts\/7026\/revisions"}],"predecessor-version":[{"id":7035,"href":"https:\/\/defensoriaparana.com.ar\/index.php\/wp-json\/wp\/v2\/posts\/7026\/revisions\/7035"}],"wp:featuredmedia":[{"embeddable":true,"href":"https:\/\/defensoriaparana.com.ar\/index.php\/wp-json\/wp\/v2\/media\/7030"}],"wp:attachment":[{"href":"https:\/\/defensoriaparana.com.ar\/index.php\/wp-json\/wp\/v2\/media?parent=7026"}],"wp:term":[{"taxonomy":"category","embeddable":true,"href":"https:\/\/defensoriaparana.com.ar\/index.php\/wp-json\/wp\/v2\/categories?post=7026"},{"taxonomy":"post_tag","embeddable":true,"href":"https:\/\/defensoriaparana.com.ar\/index.php\/wp-json\/wp\/v2\/tags?post=7026"}],"curies":[{"name":"wp","href":"https:\/\/api.w.org\/{rel}","templated":true}]}}