{"id":7398,"date":"2026-08-31T14:41:15","date_gmt":"2026-08-31T14:41:15","guid":{"rendered":"https:\/\/defensoriaparana.com.ar\/?p=7398"},"modified":"2026-08-31T15:59:31","modified_gmt":"2026-08-31T15:59:31","slug":"se-realizo-una-nueva-reunion-por-la-atencion-de-la-salud-de-personas-mayores","status":"publish","type":"post","link":"https:\/\/defensoriaparana.com.ar\/index.php\/2026\/08\/31\/se-realizo-una-nueva-reunion-por-la-atencion-de-la-salud-de-personas-mayores\/","title":{"rendered":"Se realiz\u00f3 una nueva reuni\u00f3n por la atenci\u00f3n de la salud de personas mayores"},"content":{"rendered":"<p>La Mesa de Tem\u00e1ticas sobre la Salud de las Personas Mayores se reuni\u00f3 nuevamente esta semana en la sede de la Defensor\u00eda del Pueblo con el fin de avanzar en la definici\u00f3n de criterios comunes de abordaje y tratamiento de situaciones de enfermedad y de vejez, principalmente de quienes carecen de redes de contenci\u00f3n familiares.<br \/>\nEste tercer encuentro, encabezado por la Defensora de los Derechos de las Personas Mayores de Paran\u00e1, Marcia L\u00f3pez, sum\u00f3 a nuevos referentes de distintos organismos estatales, lo que permite ampliar el espacio de participaci\u00f3n, colaboraci\u00f3n y acuerdo.<\/p>\n<p><img loading=\"lazy\" class=\"alignnone  wp-image-7406\" src=\"http:\/\/defensoriaparana.com.ar\/wp-content\/uploads\/2026\/08\/Alda5.jpeg\" alt=\"\" width=\"345\" height=\"575\" srcset=\"https:\/\/defensoriaparana.com.ar\/wp-content\/uploads\/2026\/08\/Alda5.jpeg 712w, https:\/\/defensoriaparana.com.ar\/wp-content\/uploads\/2026\/08\/Alda5-180x300.jpeg 180w, https:\/\/defensoriaparana.com.ar\/wp-content\/uploads\/2026\/08\/Alda5-614x1024.jpeg 614w\" sizes=\"(max-width: 345px) 100vw, 345px\" \/><\/p>\n<p>En esta oportunidad, se invit\u00f3 especialmente a representantes de la Obra Social de Entre R\u00edos (OSER) con el fin de poder conversar sobre los mecanismos internos de actuaci\u00f3n, las prestaciones que se brindan y la manera de gestionar la asistencia para personas mayores que no tengan referentes familiares.<\/p>\n<p><img loading=\"lazy\" class=\"alignnone wp-image-7401\" src=\"http:\/\/defensoriaparana.com.ar\/wp-content\/uploads\/2026\/08\/WhatsApp-Image-2026-08-31-at-11.31.18.jpeg\" alt=\"\" width=\"774\" height=\"348\" srcset=\"https:\/\/defensoriaparana.com.ar\/wp-content\/uploads\/2026\/08\/WhatsApp-Image-2026-08-31-at-11.31.18.jpeg 1600w, https:\/\/defensoriaparana.com.ar\/wp-content\/uploads\/2026\/08\/WhatsApp-Image-2026-08-31-at-11.31.18-300x135.jpeg 300w, https:\/\/defensoriaparana.com.ar\/wp-content\/uploads\/2026\/08\/WhatsApp-Image-2026-08-31-at-11.31.18-1024x461.jpeg 1024w, https:\/\/defensoriaparana.com.ar\/wp-content\/uploads\/2026\/08\/WhatsApp-Image-2026-08-31-at-11.31.18-768x346.jpeg 768w, https:\/\/defensoriaparana.com.ar\/wp-content\/uploads\/2026\/08\/WhatsApp-Image-2026-08-31-at-11.31.18-1536x691.jpeg 1536w\" sizes=\"(max-width: 774px) 100vw, 774px\" \/><br \/>\nOtra de las tem\u00e1ticas abordadas consisti\u00f3 en la carencia de reglamentaciones que contemplen respuestas acordes a las necesidades de las personas mayores. Se acord\u00f3 seguir trabajando con otros efectores del Estado que resulten necesarios, as\u00ed como tambi\u00e9n generar instrumentos legales desde la Mesa de Trabajo instando al cumplimiento de las obligaciones que hagan efectivos los derechos de las personas mayores.<br \/>\nParticiparon del encuentro representantes del Hospital Dr. Enrique Fidanza, del Hospital Escuela de Salud Mental, del Hospital Geri\u00e1trico Dr. Pascual Palma, de la Unidad Ministerial de Programas y Pol\u00edticas de Salud para Personas Mayores de Entre R\u00edos, del \u00d3rgano de Revisi\u00f3n de Salud Mental del Ministerio P\u00fablico de la Defensa (MPD) de la provincia, de la Direcci\u00f3n General de Integraci\u00f3n Social para Personas Mayores de la Municipalidad de Paran\u00e1 y de OSER.<\/p>\n<p><img loading=\"lazy\" class=\"alignnone  wp-image-7399\" src=\"http:\/\/defensoriaparana.com.ar\/wp-content\/uploads\/2026\/08\/WhatsApp-Image-2026-08-31-at-11.29.31.jpeg\" alt=\"\" width=\"324\" height=\"445\" srcset=\"https:\/\/defensoriaparana.com.ar\/wp-content\/uploads\/2026\/08\/WhatsApp-Image-2026-08-31-at-11.29.31.jpeg 710w, https:\/\/defensoriaparana.com.ar\/wp-content\/uploads\/2026\/08\/WhatsApp-Image-2026-08-31-at-11.29.31-219x300.jpeg 219w\" sizes=\"(max-width: 324px) 100vw, 324px\" \/><\/p>\n","protected":false},"excerpt":{"rendered":"<p>La Mesa de Tem\u00e1ticas sobre la Salud de las Personas Mayores se reuni\u00f3 nuevamente esta semana en la sede de la Defensor\u00eda del Pueblo con el fin de avanzar en la definici\u00f3n de criterios comunes de abordaje y tratamiento de situaciones de enfermedad y de vejez, principalmente de quienes carecen de redes de contenci\u00f3n familiares. [&hellip;]<\/p>\n","protected":false},"author":2,"featured_media":7402,"comment_status":"open","ping_status":"open","sticky":false,"template":"","format":"standard","meta":{"om_disable_all_campaigns":false,"_monsterinsights_skip_tracking":false,"_monsterinsights_sitenote_active":false,"_monsterinsights_sitenote_note":"","_monsterinsights_sitenote_category":0},"categories":[1],"tags":[],"_links":{"self":[{"href":"https:\/\/defensoriaparana.com.ar\/index.php\/wp-json\/wp\/v2\/posts\/7398"}],"collection":[{"href":"https:\/\/defensoriaparana.com.ar\/index.php\/wp-json\/wp\/v2\/posts"}],"about":[{"href":"https:\/\/defensoriaparana.com.ar\/index.php\/wp-json\/wp\/v2\/types\/post"}],"author":[{"embeddable":true,"href":"https:\/\/defensoriaparana.com.ar\/index.php\/wp-json\/wp\/v2\/users\/2"}],"replies":[{"embeddable":true,"href":"https:\/\/defensoriaparana.com.ar\/index.php\/wp-json\/wp\/v2\/comments?post=7398"}],"version-history":[{"count":3,"href":"https:\/\/defensoriaparana.com.ar\/index.php\/wp-json\/wp\/v2\/posts\/7398\/revisions"}],"predecessor-version":[{"id":7409,"href":"https:\/\/defensoriaparana.com.ar\/index.php\/wp-json\/wp\/v2\/posts\/7398\/revisions\/7409"}],"wp:featuredmedia":[{"embeddable":true,"href":"https:\/\/defensoriaparana.com.ar\/index.php\/wp-json\/wp\/v2\/media\/7402"}],"wp:attachment":[{"href":"https:\/\/defensoriaparana.com.ar\/index.php\/wp-json\/wp\/v2\/media?parent=7398"}],"wp:term":[{"taxonomy":"category","embeddable":true,"href":"https:\/\/defensoriaparana.com.ar\/index.php\/wp-json\/wp\/v2\/categories?post=7398"},{"taxonomy":"post_tag","embeddable":true,"href":"https:\/\/defensoriaparana.com.ar\/index.php\/wp-json\/wp\/v2\/tags?post=7398"}],"curies":[{"name":"wp","href":"https:\/\/api.w.org\/{rel}","templated":true}]}}