{"id":7416,"date":"2026-09-03T14:17:44","date_gmt":"2026-09-03T14:17:44","guid":{"rendered":"https:\/\/defensoriaparana.com.ar\/?p=7416"},"modified":"2026-09-03T14:29:12","modified_gmt":"2026-09-03T14:29:12","slug":"se-reunio-la-mesa-de-politicas-publicas-por-los-derechos-de-las-personas-mayores","status":"publish","type":"post","link":"https:\/\/defensoriaparana.com.ar\/index.php\/2026\/09\/03\/se-reunio-la-mesa-de-politicas-publicas-por-los-derechos-de-las-personas-mayores\/","title":{"rendered":"Se reuni\u00f3 la Mesa de Pol\u00edticas P\u00fablicas por los derechos de las personas mayores"},"content":{"rendered":"<p>Este mi\u00e9rcoles se reuni\u00f3 la Mesa de Pol\u00edticas P\u00fablicas para Personas Mayores, un espacio creado por ordenanza que convoca a representantes de organizaciones e instituciones de la ciudad y de \u00e1reas del Estado municipal y provincial.<\/p>\n<p>La coordinaci\u00f3n est\u00e1 a cargo de la Defensora de los Derechos de las Personas Mayores de Paran\u00e1, Marcia L\u00f3pez, quien, junto al Defensor del Pueblo Adjunto, Fernando Veiga, dio la bienvenida a los participantes del encuentro realizado en la sede del Centro de Jubilados y Pensionados Nacionales de Paran\u00e1.<\/p>\n<p><img loading=\"lazy\" class=\"alignnone size-full wp-image-7427\" src=\"http:\/\/defensoriaparana.com.ar\/wp-content\/uploads\/2026\/09\/foto-otra-1.jpg\" alt=\"\" width=\"1212\" height=\"663\" srcset=\"https:\/\/defensoriaparana.com.ar\/wp-content\/uploads\/2026\/09\/foto-otra-1.jpg 1212w, https:\/\/defensoriaparana.com.ar\/wp-content\/uploads\/2026\/09\/foto-otra-1-300x164.jpg 300w, https:\/\/defensoriaparana.com.ar\/wp-content\/uploads\/2026\/09\/foto-otra-1-1024x560.jpg 1024w, https:\/\/defensoriaparana.com.ar\/wp-content\/uploads\/2026\/09\/foto-otra-1-768x420.jpg 768w\" sizes=\"(max-width: 1212px) 100vw, 1212px\" \/><\/p>\n<p>Tras las palabras iniciales, en las que se destac\u00f3 la importancia de este espacio amplio y abierto a la comunidad, creado mediante la Ordenanza N\u00ba 9389, la Defensora remarc\u00f3 el prop\u00f3sito fundamental de la Mesa, que consiste en impulsar acciones promuevan y protejan los derechos de las personas mayores.<\/p>\n<p>Con ese fin, se analizaron una serie de temas, entre ellos, la necesidad de encarar conjuntamente campa\u00f1as de difusi\u00f3n de derechos, de realizar un relevamiento de la cantidad de psic\u00f3logos especialistas en gerontolog\u00eda en los efectores de salud estatales y de adopci\u00f3n de medidas relacionadas al funcionamiento de residencias para personas mayores.<\/p>\n<p><img loading=\"lazy\" class=\"alignnone wp-image-7422\" src=\"http:\/\/defensoriaparana.com.ar\/wp-content\/uploads\/2026\/09\/Fer-vertical-1.jpg\" alt=\"\" width=\"480\" height=\"518\" srcset=\"https:\/\/defensoriaparana.com.ar\/wp-content\/uploads\/2026\/09\/Fer-vertical-1.jpg 944w, https:\/\/defensoriaparana.com.ar\/wp-content\/uploads\/2026\/09\/Fer-vertical-1-278x300.jpg 278w, https:\/\/defensoriaparana.com.ar\/wp-content\/uploads\/2026\/09\/Fer-vertical-1-768x828.jpg 768w\" sizes=\"(max-width: 480px) 100vw, 480px\" \/><\/p>\n<p>Un aspecto que ha sido recurrente en ese \u00e1mbito, que inici\u00f3 su funcionamiento en 2021, radica en el mal estado o la falta de veredas. Al respecto, Control Urbano municipal dio cuenta de la elaboraci\u00f3n de un informe sobre la situaci\u00f3n de las aceras, principalmente en el sector c\u00e9ntrico, con el fin de garantizar la accesibilidad y la circulaci\u00f3n segura de peatones. Sobre este \u00faltimo punto, tambi\u00e9n se plante\u00f3 consultar al Municipio sobre la situaci\u00f3n de la infraestructura urbana en la ciudad. Los integrantes de la Mesa recibieron la invitaci\u00f3n, de parte de la Direcci\u00f3n de Personas Mayores de la provincia, para participar del Congreso de Cuidados Integrales para Personas Mayores, que se realizar\u00e1 el 23 de octubre en Paran\u00e1.<\/p>\n<p><img loading=\"lazy\" class=\"alignnone wp-image-7423\" src=\"http:\/\/defensoriaparana.com.ar\/wp-content\/uploads\/2026\/09\/Marcia-vertical-1.jpg\" alt=\"\" width=\"503\" height=\"495\" srcset=\"https:\/\/defensoriaparana.com.ar\/wp-content\/uploads\/2026\/09\/Marcia-vertical-1.jpg 950w, https:\/\/defensoriaparana.com.ar\/wp-content\/uploads\/2026\/09\/Marcia-vertical-1-300x295.jpg 300w, https:\/\/defensoriaparana.com.ar\/wp-content\/uploads\/2026\/09\/Marcia-vertical-1-768x755.jpg 768w\" sizes=\"(max-width: 503px) 100vw, 503px\" \/><\/p>\n<p>Participaron representantes del Centro de Jubilados y Pensionados Provinciales de Paran\u00e1, del Centro de Jubilados y Pensionados Nacionales, del Foro por los Derechos de las Personas Mayores, de la Asociaci\u00f3n de la Mediana y la Tercera Edad \u201cEl Recreo\u201d y del Programa Adulteces y Vejeces de la Facultad de Humanidades, Artes y Ciencias Sociales (FHAyCS), de la Universidad Aut\u00f3noma de Entre R\u00edos (Uader). Tambi\u00e9n estuvieron integrantes de la Direcci\u00f3n de Personas Mayores de la provincia y por la Municipalidad de Paran\u00e1, de la Secretar\u00eda de Participaci\u00f3n Ciudadana y de la Subsecretar\u00eda de Control Urbano. Por el Concejo Deliberante, asisti\u00f3 la edil Romina Todoni.<\/p>\n<p>&nbsp;<\/p>\n","protected":false},"excerpt":{"rendered":"<p>Este mi\u00e9rcoles se reuni\u00f3 la Mesa de Pol\u00edticas P\u00fablicas para Personas Mayores, un espacio creado por ordenanza que convoca a representantes de organizaciones e instituciones de la ciudad y de \u00e1reas del Estado municipal y provincial. La coordinaci\u00f3n est\u00e1 a cargo de la Defensora de los Derechos de las Personas Mayores de Paran\u00e1, Marcia L\u00f3pez, [&hellip;]<\/p>\n","protected":false},"author":2,"featured_media":7430,"comment_status":"open","ping_status":"open","sticky":false,"template":"","format":"standard","meta":{"om_disable_all_campaigns":false,"_monsterinsights_skip_tracking":false,"_monsterinsights_sitenote_active":false,"_monsterinsights_sitenote_note":"","_monsterinsights_sitenote_category":0},"categories":[1],"tags":[],"_links":{"self":[{"href":"https:\/\/defensoriaparana.com.ar\/index.php\/wp-json\/wp\/v2\/posts\/7416"}],"collection":[{"href":"https:\/\/defensoriaparana.com.ar\/index.php\/wp-json\/wp\/v2\/posts"}],"about":[{"href":"https:\/\/defensoriaparana.com.ar\/index.php\/wp-json\/wp\/v2\/types\/post"}],"author":[{"embeddable":true,"href":"https:\/\/defensoriaparana.com.ar\/index.php\/wp-json\/wp\/v2\/users\/2"}],"replies":[{"embeddable":true,"href":"https:\/\/defensoriaparana.com.ar\/index.php\/wp-json\/wp\/v2\/comments?post=7416"}],"version-history":[{"count":3,"href":"https:\/\/defensoriaparana.com.ar\/index.php\/wp-json\/wp\/v2\/posts\/7416\/revisions"}],"predecessor-version":[{"id":7429,"href":"https:\/\/defensoriaparana.com.ar\/index.php\/wp-json\/wp\/v2\/posts\/7416\/revisions\/7429"}],"wp:featuredmedia":[{"embeddable":true,"href":"https:\/\/defensoriaparana.com.ar\/index.php\/wp-json\/wp\/v2\/media\/7430"}],"wp:attachment":[{"href":"https:\/\/defensoriaparana.com.ar\/index.php\/wp-json\/wp\/v2\/media?parent=7416"}],"wp:term":[{"taxonomy":"category","embeddable":true,"href":"https:\/\/defensoriaparana.com.ar\/index.php\/wp-json\/wp\/v2\/categories?post=7416"},{"taxonomy":"post_tag","embeddable":true,"href":"https:\/\/defensoriaparana.com.ar\/index.php\/wp-json\/wp\/v2\/tags?post=7416"}],"curies":[{"name":"wp","href":"https:\/\/api.w.org\/{rel}","templated":true}]}}