{"id":7432,"date":"2026-09-04T14:57:39","date_gmt":"2026-09-04T14:57:39","guid":{"rendered":"https:\/\/defensoriaparana.com.ar\/?p=7432"},"modified":"2026-09-04T14:59:12","modified_gmt":"2026-09-04T14:59:12","slug":"la-defensoria-brindo-una-capacitacion-que-reunio-a-mas-de-40-mediadores","status":"publish","type":"post","link":"https:\/\/defensoriaparana.com.ar\/index.php\/2026\/09\/04\/la-defensoria-brindo-una-capacitacion-que-reunio-a-mas-de-40-mediadores\/","title":{"rendered":"La Defensor\u00eda brind\u00f3 una capacitaci\u00f3n que reuni\u00f3 a m\u00e1s de 40 mediadores"},"content":{"rendered":"<p>Las fortalezas y debilidades en el ejercicio de la mediaci\u00f3n fue tema de una nueva instancia de la capacitaci\u00f3n anual que brinda la Defensor\u00eda del Pueblo a los integrantes del Registro de Mediadores Comunitarios Voluntarios y Ad honorem.<br \/>\nSe trat\u00f3 del tercer Taller de Reflexi\u00f3n del a\u00f1o. Estuvo a cargo de Irina Chausovsky, Coordinadora del Centro de Mediaci\u00f3n Comunitaria de la Defensor\u00eda, y cont\u00f3 con la participaci\u00f3n de 45 mediadores y mediadoras.<\/p>\n<p><img loading=\"lazy\" class=\"alignnone wp-image-7436\" src=\"http:\/\/defensoriaparana.com.ar\/wp-content\/uploads\/2026\/09\/Irina-taller.jpeg\" alt=\"\" width=\"527\" height=\"443\" srcset=\"https:\/\/defensoriaparana.com.ar\/wp-content\/uploads\/2026\/09\/Irina-taller.jpeg 963w, https:\/\/defensoriaparana.com.ar\/wp-content\/uploads\/2026\/09\/Irina-taller-300x252.jpeg 300w, https:\/\/defensoriaparana.com.ar\/wp-content\/uploads\/2026\/09\/Irina-taller-768x645.jpeg 768w\" sizes=\"(max-width: 527px) 100vw, 527px\" \/><br \/>\nEl encuentro tuvo lugar el mi\u00e9rcoles a la tarde en el sal\u00f3n del Museo Provincial de Bellas Artes Dr. Pedro E. Mart\u00ednez y consisti\u00f3 en la proyecci\u00f3n de extractos breves de charlas de referentes destacados en el campo de la mediaci\u00f3n, como Francisco Diez, Marin\u00e9s Su\u00e1res y Patricia Ar\u00e9chaga. A partir de este material, se invit\u00f3 a la reflexi\u00f3n y el di\u00e1logo en torno a cuestiones fundamentales del proceso de mediaci\u00f3n, el rol de terceros y el involucramiento personal que \u00e9ste implica. Seguidamente, se compartieron experiencias que permitieron analizar distintas situaciones, hubo un intercambio rico en opiniones, y visiones y una conversaci\u00f3n de gran profundidad en los conceptos abordados.<\/p>\n<p><img loading=\"lazy\" class=\"alignnone wp-image-7433\" src=\"http:\/\/defensoriaparana.com.ar\/wp-content\/uploads\/2026\/09\/Taller-ronda-vertical.jpeg\" alt=\"\" width=\"520\" height=\"550\" srcset=\"https:\/\/defensoriaparana.com.ar\/wp-content\/uploads\/2026\/09\/Taller-ronda-vertical.jpeg 953w, https:\/\/defensoriaparana.com.ar\/wp-content\/uploads\/2026\/09\/Taller-ronda-vertical-284x300.jpeg 284w, https:\/\/defensoriaparana.com.ar\/wp-content\/uploads\/2026\/09\/Taller-ronda-vertical-768x812.jpeg 768w\" sizes=\"(max-width: 520px) 100vw, 520px\" \/><br \/>\nEl Centro de Mediaci\u00f3n atiende, en promedio, unos 500 casos de vecinos en conflictos al a\u00f1o. Lo hace con la valiosa colaboraci\u00f3n de los integrantes del Registro, quienes realizan una labor fundamental en pos del bien com\u00fan y una convivencia basada en la paz y el di\u00e1logo.<br \/>\nLa instituci\u00f3n brinda instancias de formaci\u00f3n de manera permanente con el fin de garantizar la calidad del servicio de mediaci\u00f3n que ofrece a la ciudadan\u00eda de Paran\u00e1 y localidades aleda\u00f1as de manera gratuita. La capacitaci\u00f3n es un requisito de permanencia en el Registro.<\/p>\n<p><img loading=\"lazy\" class=\"alignnone size-full wp-image-7434\" src=\"http:\/\/defensoriaparana.com.ar\/wp-content\/uploads\/2026\/09\/Taller-ronda-central.jpeg\" alt=\"\" width=\"1233\" height=\"699\" srcset=\"https:\/\/defensoriaparana.com.ar\/wp-content\/uploads\/2026\/09\/Taller-ronda-central.jpeg 1233w, https:\/\/defensoriaparana.com.ar\/wp-content\/uploads\/2026\/09\/Taller-ronda-central-300x170.jpeg 300w, https:\/\/defensoriaparana.com.ar\/wp-content\/uploads\/2026\/09\/Taller-ronda-central-1024x581.jpeg 1024w, https:\/\/defensoriaparana.com.ar\/wp-content\/uploads\/2026\/09\/Taller-ronda-central-768x435.jpeg 768w\" sizes=\"(max-width: 1233px) 100vw, 1233px\" \/><\/p>\n","protected":false},"excerpt":{"rendered":"<p>Las fortalezas y debilidades en el ejercicio de la mediaci\u00f3n fue tema de una nueva instancia de la capacitaci\u00f3n anual que brinda la Defensor\u00eda del Pueblo a los integrantes del Registro de Mediadores Comunitarios Voluntarios y Ad honorem. Se trat\u00f3 del tercer Taller de Reflexi\u00f3n del a\u00f1o. Estuvo a cargo de Irina Chausovsky, Coordinadora del [&hellip;]<\/p>\n","protected":false},"author":2,"featured_media":7435,"comment_status":"open","ping_status":"open","sticky":false,"template":"","format":"standard","meta":{"om_disable_all_campaigns":false,"_monsterinsights_skip_tracking":false,"_monsterinsights_sitenote_active":false,"_monsterinsights_sitenote_note":"","_monsterinsights_sitenote_category":0},"categories":[1],"tags":[],"_links":{"self":[{"href":"https:\/\/defensoriaparana.com.ar\/index.php\/wp-json\/wp\/v2\/posts\/7432"}],"collection":[{"href":"https:\/\/defensoriaparana.com.ar\/index.php\/wp-json\/wp\/v2\/posts"}],"about":[{"href":"https:\/\/defensoriaparana.com.ar\/index.php\/wp-json\/wp\/v2\/types\/post"}],"author":[{"embeddable":true,"href":"https:\/\/defensoriaparana.com.ar\/index.php\/wp-json\/wp\/v2\/users\/2"}],"replies":[{"embeddable":true,"href":"https:\/\/defensoriaparana.com.ar\/index.php\/wp-json\/wp\/v2\/comments?post=7432"}],"version-history":[{"count":3,"href":"https:\/\/defensoriaparana.com.ar\/index.php\/wp-json\/wp\/v2\/posts\/7432\/revisions"}],"predecessor-version":[{"id":7439,"href":"https:\/\/defensoriaparana.com.ar\/index.php\/wp-json\/wp\/v2\/posts\/7432\/revisions\/7439"}],"wp:featuredmedia":[{"embeddable":true,"href":"https:\/\/defensoriaparana.com.ar\/index.php\/wp-json\/wp\/v2\/media\/7435"}],"wp:attachment":[{"href":"https:\/\/defensoriaparana.com.ar\/index.php\/wp-json\/wp\/v2\/media?parent=7432"}],"wp:term":[{"taxonomy":"category","embeddable":true,"href":"https:\/\/defensoriaparana.com.ar\/index.php\/wp-json\/wp\/v2\/categories?post=7432"},{"taxonomy":"post_tag","embeddable":true,"href":"https:\/\/defensoriaparana.com.ar\/index.php\/wp-json\/wp\/v2\/tags?post=7432"}],"curies":[{"name":"wp","href":"https:\/\/api.w.org\/{rel}","templated":true}]}}